{"id":7547,"date":"2012-10-07T19:23:26","date_gmt":"2012-10-07T18:23:26","guid":{"rendered":"https:\/\/intelligent-friend-7861.standoutwp.com\/?p=7547"},"modified":"2013-03-12T18:14:13","modified_gmt":"2013-03-12T17:14:13","slug":"lagmalt-men-starkt-bulgariskt-drama-recension","status":"publish","type":"post","link":"https:\/\/www.kultursidan.nu\/?p=7547","title":{"rendered":"L\u00e5gm\u00e4lt och starkt bulgariskt drama (recension)"},"content":{"rendered":"<p>[flickr]http:\/\/www.flickr.com\/photos\/kultursidan\/8064090373\/[\/flickr]<\/p>\n<p><em>Kamen och Av\u00e9 liftar genom Bulgarien.<\/em><\/p>\n<p>&nbsp;<\/p>\n<h1><span style=\"color: #ff0000;\">L\u00f6gnen, sorgen och m\u00f6tet<\/span><\/h1>\n<p>&nbsp;<\/p>\n<p><strong>Det finns vissa filmer som stannar kvar, men som jag troligtvis aldrig skulle se igen<\/strong>. I vanliga fall har jag inget emot att se om filmer; har tillochmed ett litet lager med olika filmer som passar vid olika tillf\u00e4llen. Men vissa fungerar inte tv\u00e5 g\u00e5nger, antingen f\u00f6r att jag helt enkelt inte vill \u00e5teruppleva k\u00e4nslan av dem eller f\u00f6r att historien \u00e4r s\u00e5 pass stark f\u00f6rsta g\u00e5ngen att den inte skulle p\u00e5verka p\u00e5 samma s\u00e4tt en andra g\u00e5ng. Mikael Hanekes <em>La pianiste<\/em> (2001) \u00e4r en s\u00e5dan. En v\u00e4ldigt bra film, men jag vill inte se den igen.<\/p>\n<p><strong><em>Av\u00e9<\/em> tillh\u00f6r samma kategorin, av flera anledningar.<\/strong> F\u00f6rst och fr\u00e4mst s\u00e5 tror jag inte att den skulle sl\u00e5 an p\u00e5 samma s\u00e4tt om jag s\u00e5g den igen. Jag upplevde n\u00e5got, och kan inte skaka av mig k\u00e4nslan att det skulle mattas av om jag f\u00f6rs\u00f6kte uppleva det igen.<\/p>\n<p><strong>I korthet handlar <em>Av\u00e9<\/em> om tv\u00e5 personer: Av\u00e9 och Kamen.<\/strong> Filmen b\u00f6rjar d\u00e5 Kamen reser fr\u00e5n Sofia mot Ruse i Norra Bulgarien. P\u00e5 v\u00e4gen m\u00f6ter han Av\u00e9, 17 \u00e5r och av ok\u00e4nd anledning p\u00e5 v\u00e4g \u00e5t samma h\u00e5ll. De sl\u00e5r f\u00f6lje, trots Kamens motvillighet till Av\u00e9s konstanta l\u00f6gner om deras identitet. Ena dagen tillsammans, andra dagen syskon. Men n\u00e4r det till slut kommer fram varf\u00f6r de befinner sig i r\u00f6relse, vad det egentligen \u00e4r de b\u00e5da g\u00f6r ute p\u00e5 v\u00e4garna p\u00e5 det regniga och gr\u00e5 Bulgariska landsbygden, s\u00e5 utvecklas en allt n\u00e4rmare relation.<\/p>\n<p><strong>Filmen g\u00e5r att se p\u00e5 flera s\u00e4tt, precis som de flesta bra filmer<\/strong>. Dels kan den fr\u00e5ga oss vad l\u00f6gnen betyder \u2013 n\u00e4r \u00e4r den f\u00f6rbjuden, och n\u00e4r \u00e4r den en tr\u00f6st? Vidare finns sorgen, sorgen i en familj d\u00e4r n\u00e5gon f\u00f6rsvunnit. Hur hanterar man n\u00e5got s\u00e5dant, hur mycket f\u00e5r visas och vad g\u00f6ms undan?<\/p>\n<p>Slutligen finns ocks\u00e5 minnet. Filmen bygger p\u00e5 ett verkligt m\u00f6te mellan regiss\u00f6ren och \u201dAv\u00e9\u201d, ett m\u00f6te som uppenbart p\u00e5verkade honom mycket starkt. Det fick mig att t\u00e4nka p\u00e5 hur s\u00e5dana m\u00f6ten formar oss, m\u00f6ten som stannar kvar f\u00f6r all framtid.<\/p>\n<p><strong><em>Av\u00e9<\/em> \u00e4r regiss\u00f6ren Konstantin Bojanovs debutfilm, och det \u00e4r en bra debut.<\/strong> Det \u00e4r distanserat, l\u00e5gm\u00e4lt och n\u00e4rg\u00e5nget p\u00e5 samma g\u00e5ng. Kombinationen kan l\u00e5ta m\u00e4rklig, men sett \u00f6ver hela filmen s\u00e5 \u00e4r bildar det en v\u00e4lfungerande r\u00f6relse.<\/p>\n<p><strong>S\u00e5 sammantaget d\u00e5?<\/strong> <em>Av\u00e9<\/em> \u00e4r mycket bra och mycket sev\u00e4rd. Jag kommer troligtvis inte att se den igen, men rekommenderar alla att se den en g\u00e5ng.<\/p>\n<p><em>Text: Karolina Nilsson<br \/>\nFoto: Norrk\u00f6pins filmfestival Flimmer och filmproducenten<\/em><\/p>\n<p><em><br \/>\n<\/em><\/p>\n<ul>\n<li>\n<h3>CNEMA Norrk\u00f6ping<\/h3>\n<\/li>\n<li><em>7 oktober 2012<\/em><strong><br \/>\nAv\u00e9<\/strong><br \/>\nRegi: Konstantin Bojanov<em><br \/>\n<\/em>Bulgarien (2011)<\/li>\n<\/ul>\n<p>&nbsp;<\/p>\n<p>L\u00c4NKAR<br \/>\nAv\u00e9 p\u00e5 <a title=\"IMDB\" href=\"http:\/\/www.imdb.com\/title\/tt1833647\/\" target=\"_blank\">IMDB<\/a><a title=\"IMDB\" href=\"http:\/\/www.imdb.com\/title\/tt1833647\/\">\u00a0<\/a><br \/>\nFilmfestivalens <a title=\"Program\" href=\"http:\/\/www.flimmer.nu\/filmfestival\/festivalprogram\" target=\"_blank\">program<\/a><br \/>\nLa Pianiste p\u00e5\u00a0<a title=\"IMDB\" href=\"http:\/\/www.imdb.com\/title\/tt0254686\/\" target=\"_blank\">IMDB<\/a><\/p>\n","protected":false},"excerpt":{"rendered":"<p>NORRK\u00d6PING Av\u00e9 \u00e4r regiss\u00f6ren Konstantin Bojanovs debutfilm, och det \u00e4r en bra debut. Det \u00e4r distanserat, l\u00e5gm\u00e4lt och n\u00e4rg\u00e5nget p\u00e5 samma g\u00e5ng. <a class=\"continue-reading-link\" href=\"https:\/\/www.kultursidan.nu\/?p=7547\">L\u00e4s mer <span class=\"meta-nav\">&rarr; <\/span><\/a><\/p>\n","protected":false},"author":1001006,"featured_media":0,"comment_status":"closed","ping_status":"open","sticky":false,"template":"","format":"standard","meta":{"_jetpack_memberships_contains_paid_content":false,"footnotes":""},"categories":[7],"tags":[38],"class_list":["post-7547","post","type-post","status-publish","format-standard","hentry","category-norrkoping","tag-film"],"jetpack_featured_media_url":"","jetpack_sharing_enabled":true,"_links":{"self":[{"href":"https:\/\/www.kultursidan.nu\/index.php?rest_route=\/wp\/v2\/posts\/7547","targetHints":{"allow":["GET"]}}],"collection":[{"href":"https:\/\/www.kultursidan.nu\/index.php?rest_route=\/wp\/v2\/posts"}],"about":[{"href":"https:\/\/www.kultursidan.nu\/index.php?rest_route=\/wp\/v2\/types\/post"}],"author":[{"embeddable":true,"href":"https:\/\/www.kultursidan.nu\/index.php?rest_route=\/wp\/v2\/users\/1001006"}],"replies":[{"embeddable":true,"href":"https:\/\/www.kultursidan.nu\/index.php?rest_route=%2Fwp%2Fv2%2Fcomments&post=7547"}],"version-history":[{"count":0,"href":"https:\/\/www.kultursidan.nu\/index.php?rest_route=\/wp\/v2\/posts\/7547\/revisions"}],"wp:attachment":[{"href":"https:\/\/www.kultursidan.nu\/index.php?rest_route=%2Fwp%2Fv2%2Fmedia&parent=7547"}],"wp:term":[{"taxonomy":"category","embeddable":true,"href":"https:\/\/www.kultursidan.nu\/index.php?rest_route=%2Fwp%2Fv2%2Fcategories&post=7547"},{"taxonomy":"post_tag","embeddable":true,"href":"https:\/\/www.kultursidan.nu\/index.php?rest_route=%2Fwp%2Fv2%2Ftags&post=7547"}],"curies":[{"name":"wp","href":"https:\/\/api.w.org\/{rel}","templated":true}]}}