{"id":7579,"date":"2012-10-09T13:15:49","date_gmt":"2012-10-09T12:15:49","guid":{"rendered":"https:\/\/intelligent-friend-7861.standoutwp.com\/?p=7579"},"modified":"2014-09-24T18:32:15","modified_gmt":"2014-09-24T17:32:15","slug":"david-sward-kan-prisas-for-kurvigt-korverk-reportage","status":"publish","type":"post","link":"https:\/\/www.kultursidan.nu\/?p=7579","title":{"rendered":"David Sw\u00e4rd kan prisas f\u00f6r kurvigt k\u00f6rverk (reportage)"},"content":{"rendered":"<p><iframe loading=\"lazy\" src=\"https:\/\/www.flickr.com\/photos\/kultursidan\/8070435311\/in\/set-72157631728659414\/player\/\" width=\"296\" height=\"213\" frameborder=\"0\" allowfullscreen=\"allowfullscreen\"><\/iframe><br \/>\n<em>Inspirerad av vetenskap. Norrk\u00f6pingstons\u00e4ttaren David Sw\u00e4rd \u00e4r nominerad till \u00e5rets Konstmusikpris av Musikf\u00f6rl\u00e4ggarna pris.<\/em><\/p>\n<h1><\/h1>\n<h1><span style=\"color: #ff0000;\">En vacker kurva som g\u00e5r ut och in igen<\/span><\/h1>\n<p>&nbsp;<\/p>\n<p><strong><em>Light of pallid amber<\/em><\/strong><strong> \u2013 ett vackert namn p\u00e5 ett vackert k\u00f6rverk med tjusiga kurvor<\/strong>. Dess skapare Norrk\u00f6pingstons\u00e4ttaren David Sw\u00e4rd har nominerats till \u00e5rets Konstmusikpris i klassen kammarmusik\/mindre ensemble av Musikf\u00f6rl\u00e4ggarnas pris.<\/p>\n<p>\u2013 Det k\u00e4nns fantastiskt och mycket hedrande!, s\u00e4ger David Sw\u00e4rd och lyfter fram sina tre mednominerade: Jan Sandstr\u00f6m, Britta Bystr\u00f6m och Andrea Tarrodi; alla rikt meriterade och uppm\u00e4rksammade tons\u00e4ttare.<\/p>\n<p><strong>David Sw\u00e4rd \u00e4r en flitig tons\u00e4ttare med stor bredd som skrivit musik i b\u00e5de stora och sm\u00e5 sammanhang, lokalt och i Musiksverige.<\/strong> Han har skrivit verk f\u00f6r Norrk\u00f6pings symfoniorkester och f\u00f6r en mindre och framf\u00f6r allt yngre str\u00e5kensemble n\u00e4r Kulturskolan i Norrk\u00f6ping firade 40-\u00e5rsjubileum f\u00f6r n\u00e5gra \u00e5r sedan. Med ljudinstallationen <em>Trainwaves<\/em> retade han f\u00f6r m\u00e5nga a\u00e5r sedan gallfeber p\u00e5 morgontidiga t\u00e5gpendlare vid Norrk\u00f6pings resecentrum. Med mera.<\/p>\n<p><strong>N\u00e4r svenska elitk\u00f6ren Eric Ericsons kammark\u00f6r best\u00e4llde ett nytt verk h\u00e4rom\u00e5ret lade David Sw\u00e4rd ribban h\u00f6gt.<\/strong> Texten till verket h\u00e4mtade han fr\u00e5n brittiske 1800-talspoeten och romantikern Swinburne, en symboliskt rik text som handlar om hur m\u00e4nniskan str\u00e4cker sig mot himlavalvet och tillbaka.<\/p>\n<p>\u2013 Jag best\u00e4mde mig f\u00f6r att ge mig sj\u00e4lv fria tyglar, det \u00e4r en k\u00f6r som \u00e4r mycket avancerad. \u00c4nd\u00e5 m\u00e5ste jag t\u00e4nka p\u00e5 att det ska fungera f\u00f6r dem att hitta tonerna och kunna intonera.<\/p>\n<p><strong>Det \u00e4r h\u00e4r matematikens B\u00e9zier-kurva kommer in.<\/strong> David Sw\u00e4rd har tidigare h\u00e4mtat inspiration fr\u00e5n naturvetenskapligt h\u00e5ll, som i trombonsolostycket <em>Windstep<\/em>. Swinburnes poesi gav bilder av svepande r\u00f6relser som ledde tankarna till B\u00e9ziers matematiska kurva, ursprungligen anv\u00e4nd i Renaults bildesign p\u00e5 1960-talet. Flitigt anv\u00e4nd i datorers designprogram i dag.<\/p>\n<p>\u2013 Jag t\u00e4nkte att det skulle svepa i k\u00f6rklangen. Efter en gemensam start, breddar sig klangen i fina kurvor och samlar sig slutligen igen. Det \u00e4r n\u00e5got sakralt i det, s\u00e4ger David Sw\u00e4rd som tagit avstamp i Swinburns romantiska och symboliska text fo\u0308r en klangva\u0308rld byggd pa\u030a allitteration och de enskilda ordens vokaler.<\/p>\n<p>\u2013 Det finns na\u030agot sakralt o\u0308ver beskrivningen av himlavalvets storslagna oma\u0308tbarhet, o\u0308ver den flammande solens fa\u0308rgskiftningar i ma\u0308ktiga molnmo\u0308nster av vingar i ro\u0308relse, som fick mig att visualisera ett slags ba\u030agformationer, a\u0308n unisona, a\u0308n utspridda i svepande melismer eller sammanfla\u0308tade i ta\u0308ta cluster, skriver han i ett till\u00e4gg efter intervjun.<\/p>\n<p><strong>Uruppf\u00f6randet skedde under det g\u00e5ngna \u00e5ret<\/strong> d\u00e5 Eric Ericsons kammark\u00f6r framf\u00f6rde det nio minuter l\u00e5nga 8-st\u00e4mmiga a capellaverket i Link\u00f6pings och Uppsalas domkyrkor. En konsert i Stockholms konserthus bandades av Sveriges radio och s\u00e4ndes i december i P2 Live klassiskt.<\/p>\n<p>Nu v\u00e4ntar David Sw\u00e4rd bara p\u00e5 Eric Ericsons kammark\u00f6rs nya cd d\u00e4r <em>Light of pallid amber <\/em>ing\u00e5r. Och f\u00f6rst\u00e5s p\u00e5 Galan p\u00e5 Berns i Stockholm den 9 november d\u00e5 Musikf\u00f6rl\u00e4ggarnas pris delas ut. Vinner han f\u00e5r han inte bara \u00e4ran och ett glaskonstverk designat av Bertil Vallien. Ett stipendium p\u00e5 25.000 kronor kan ocks\u00e5 bli hans.<\/p>\n<p><strong>Markus Kruneg\u00e5rd, Norrk\u00f6pingsbo i f\u00f6rskingringen, \u00e4r nominerad i klassen \u00c5rets textf\u00f6rfattare.<\/strong><\/p>\n<p><em>Text och foto: Ann-Charlotte Sandelin<br \/>\nFoto: Bj\u00f6rn Kj\u00f6rck, Jan-Olav Wedin och Peter Hallbom\/Musikf\u00f6rl\u00e4ggarnas Pris<\/em><\/p>\n<p>&nbsp;<\/p>\n<p>L\u00c4NKAR<br \/>\nDavid Sw\u00e4rd <a title=\"David Sw\u00e4rd\" href=\"http:\/\/davidsward.se\" target=\"_blank\">hemsida <\/a><br \/>\nEric Ericsons kammark\u00f6r <a title=\"Eric Ericsons kammark\u00f6r\" href=\"http:\/\/www.eekk.se\" target=\"_blank\">hemsida <\/a><br \/>\nMusikf\u00f6rl\u00e4ggarnas pris <a title=\"Musikf\u00f6rl\u00e4ggarnas pris\" href=\"http:\/\/www.musikforlaggarnaspris.se\" target=\"_blank\">hemsida <\/a><br \/>\nAlgernon Swinburne <a title=\"Wikipedia\" href=\"http:\/\/sv.wikipedia.org\/wiki\/Algernon_Swinburne\" target=\"_blank\">wikipedia <\/a><br \/>\nB\u00e9zierkurva <a title=\"Info\" href=\"http:\/\/www.raknaut.se\/bezier.aspx\" target=\"_blank\">info <\/a><\/p>\n<p>&nbsp;<\/p>\n<p>BILDSPEL (FLASH) \u2013 KLICKA P\u00c5 BILDEN <em>ALT\/MOBIL: SE BILDSPELET <a title=\"Bildspel\" href=\"https:\/\/www.flickr.com\/photos\/kultursidan\/sets\/72157631728659414\/show\/\" target=\"_blank\">H\u00c4R<\/a><\/em><br \/>\n<object width=\"400\" height=\"300\"><param name=\"flashvars\" value=\"offsite=true&amp;lang=en-us&amp;page_show_url=%2Fphotos%2Fkultursidan%2Fsets%2F72157631728659414%2Fshow%2F&amp;page_show_back_url=%2Fphotos%2Fkultursidan%2Fsets%2F72157631728659414%2F&amp;set_id=72157631728659414&amp;jump_to=\" \/><param name=\"movie\" value=\"https:\/\/www.flickr.com\/apps\/slideshow\/show.swf?v=1811922554\" \/><param name=\"allowFullScreen\" value=\"true\" \/><\/object><\/p>\n","protected":false},"excerpt":{"rendered":"<p>NORRK\u00d6PING En matematisk formel som anv\u00e4ndes f\u00f6r bildesign p\u00e5 1960-talet inspirerade Norrk\u00f6pingstons\u00e4ttaren n\u00e4r han skrev musik f\u00f6r Eric Ericssons kammark\u00f6r. Nu \u00e4r David Sw\u00e4rd nominerad till Musikf\u00f6rl\u00e4ggarnas pris. <a class=\"continue-reading-link\" href=\"https:\/\/www.kultursidan.nu\/?p=7579\">L\u00e4s mer <span class=\"meta-nav\">&rarr; <\/span><\/a><\/p>\n","protected":false},"author":1001006,"featured_media":0,"comment_status":"closed","ping_status":"closed","sticky":false,"template":"","format":"standard","meta":{"_jetpack_memberships_contains_paid_content":false,"footnotes":""},"categories":[7],"tags":[13],"class_list":["post-7579","post","type-post","status-publish","format-standard","hentry","category-norrkoping","tag-musik"],"jetpack_featured_media_url":"","jetpack_sharing_enabled":true,"_links":{"self":[{"href":"https:\/\/www.kultursidan.nu\/index.php?rest_route=\/wp\/v2\/posts\/7579","targetHints":{"allow":["GET"]}}],"collection":[{"href":"https:\/\/www.kultursidan.nu\/index.php?rest_route=\/wp\/v2\/posts"}],"about":[{"href":"https:\/\/www.kultursidan.nu\/index.php?rest_route=\/wp\/v2\/types\/post"}],"author":[{"embeddable":true,"href":"https:\/\/www.kultursidan.nu\/index.php?rest_route=\/wp\/v2\/users\/1001006"}],"replies":[{"embeddable":true,"href":"https:\/\/www.kultursidan.nu\/index.php?rest_route=%2Fwp%2Fv2%2Fcomments&post=7579"}],"version-history":[{"count":0,"href":"https:\/\/www.kultursidan.nu\/index.php?rest_route=\/wp\/v2\/posts\/7579\/revisions"}],"wp:attachment":[{"href":"https:\/\/www.kultursidan.nu\/index.php?rest_route=%2Fwp%2Fv2%2Fmedia&parent=7579"}],"wp:term":[{"taxonomy":"category","embeddable":true,"href":"https:\/\/www.kultursidan.nu\/index.php?rest_route=%2Fwp%2Fv2%2Fcategories&post=7579"},{"taxonomy":"post_tag","embeddable":true,"href":"https:\/\/www.kultursidan.nu\/index.php?rest_route=%2Fwp%2Fv2%2Ftags&post=7579"}],"curies":[{"name":"wp","href":"https:\/\/api.w.org\/{rel}","templated":true}]}}