{"id":758,"date":"2010-12-10T13:06:02","date_gmt":"2010-12-10T11:06:02","guid":{"rendered":"https:\/\/intelligent-friend-7861.standoutwp.com\/?p=758"},"modified":"2020-10-23T15:32:59","modified_gmt":"2020-10-23T14:32:59","slug":"finstamd-julskiva-av-bel-canto","status":"publish","type":"post","link":"https:\/\/www.kultursidan.nu\/?p=758","title":{"rendered":"Finst\u00e4md julskiva av Bel Canto"},"content":{"rendered":"<p><img loading=\"lazy\" decoding=\"async\" class=\"alignnone\" src=\"https:\/\/live.staticflickr.com\/5250\/5248815572_257a09d1a9.jpg\" alt=\"Bel Cantos Julklapp\" width=\"500\" height=\"353\" \/><br \/>\n<em>Ett litet brunt paket med r\u00f6da sn\u00f6ren.<\/em><\/p>\n<p>&nbsp;<\/p>\n<p><iframe loading=\"lazy\" src=\"https:\/\/www.youtube.com\/embed\/27X9Os_vhRI\" width=\"560\" height=\"315\" frameborder=\"0\" allowfullscreen=\"allowfullscreen\"><\/iframe><br \/>\n<em>Sk\u00f6nsjungande k\u00f6r. Bildspel 1:04 min<\/em><\/p>\n<p>&nbsp;<\/p>\n<h1><span style=\"color: #ff0000;\">Bel Canto klappar till Lucia<\/span><\/h1>\n<p>&nbsp;<\/p>\n<p><strong><a title=\"Bel Cantok\u00f6ren\" href=\"http:\/\/www.belcanto.nu\/\" target=\"_blank\" rel=\"noopener noreferrer\">Bel Cantok\u00f6ren<\/a> fick f\u00f6r 20 \u00e5r sedan id\u00e9n att g\u00f6ra en luciakonsert i Norrk\u00f6ping.<\/strong> Sedan dess \u00e4r det en tradition. Och p\u00e5 m\u00e5ndag den 13 december (2010) \u00e4r det dags igen.<\/p>\n<p>Men nu sl\u00e4pper k\u00f6ren ocks\u00e5 sin andra cd, ber\u00e4ttar \u201dluciakonsertgeneralen\u201d Ola Hj\u00e4rtstr\u00f6m. <em>Julklapp \u2013 Bel Cantok\u00f6ren \u00f6nskar God jul<\/em> \u00e4r fylld med favoriter fr\u00e5n de g\u00e5ngna \u00e5rens luciakonserter.<\/p>\n<p>Att k\u00f6ren under ledning av musikdirekt\u00f6r Michael Bruze har en mycket bred repertoar, d\u00e4r man sjunger allt fr\u00e5n attacks\u00e5nger p\u00e5 stan till stora klassiska verk i samarbete med <a title=\"SON\" href=\"http:\/\/www.norrkopingssymfoniorkester.se\/\" target=\"_blank\" rel=\"noopener noreferrer\">Norrk\u00f6pings Symfoniorkester<\/a>, m\u00e4rks n\u00e4r man lyssnar p\u00e5 skivan som inneh\u00e5ller 18 s\u00e5nger.<\/p>\n<p><strong>Bruze l\u00e4mnar inget \u00e5t slumpen. <\/strong>Han kan k\u00f6ra om ett par takter 10 g\u00e5nger f\u00f6r en halvtons skull i n\u00e5gon st\u00e4mma. Produkten \u00e4r med andra ord f\u00f6rstklassig. Melodivalet \u00e4r ju typiskt Bel Canto och inte det man \u00e4r van vid fr\u00e5n kommersiella julskivor. Det \u00e4r ju i sig v\u00e4ldigt bra. Fr\u00e5n inneh\u00e5llet kan n\u00e4mnas \u201dTomorrow shall be my dancing day\u201d, lite mera jazziga \u201dA child is born\u201d, \u201dDing dong\u201d och naturligtvis \u201dStille Nacht\u201d, \u201dNu t\u00e4ndas tusen juleljus\u201d och &#8221;Sankta Lucia&#8221;. N\u00e5got \u00f6verraskande finns ocks\u00e5 <a title=\"Jultomtens verkstad, wiki\" href=\"http:\/\/sv.wikipedia.org\/wiki\/I_jultomtens_verkstad\" target=\"_blank\" rel=\"noopener noreferrer\">\u201dMilit\u00e4rmarsch\u201d av Franz Shubert<\/a> med p\u00e5 julskivan.<\/p>\n<p>Skivan rekommenderas till alla som vill njuta av st\u00e4mningsfull k\u00f6rs\u00e5ng med anknytning till jul- och luciatider. Titeln <em>Julklapp<\/em> passar bra! B\u00e5de till sig sj\u00e4lv och om man vill gl\u00e4dja n\u00e5gon annan med vacker s\u00e5ng.<\/p>\n<p><strong>En del av s\u00e5ngerna<\/strong> fr\u00e5n den nya skivan finns f\u00f6rst\u00e5s med i den konsert som h\u00e5lls i Immanuelskyrkan p\u00e5 luciadagen.<\/p>\n<p><em>Text och foto: Sven \u00c5ke Molund<br \/>\n<\/em><em>Bildspel: Ann-Charlotte Sandelin (foto: Sven \u00c5ke Molund)<br \/>\n<\/em><\/p>\n<ul>\n<li>\n<h3>IMMANUELSKYRKAN<\/h3>\n<\/li>\n<li><em>13 december<\/em><strong><br \/>\nLuciakonsert<br \/>\n<\/strong>Bel Cantok\u00f6ren med musiker<br \/>\nDirigent: Michael Bruze<\/li>\n<li>JULKLAPP Bel Cantok\u00f6ren \u00f6nskar God jul<br \/>\n<strong>cd<\/strong><br \/>\nBel Cantok\u00f6ren under ledning av Michael Bruze<br \/>\nSolister: Britta Fahl\u00e9n (sopran), Mats Engberg (tenor), Patrik Ernfridsson (bas)<br \/>\nMusiker: Inger Dalene (orgel, piano), Marcus \u00d6stlund (piano), Mikael Sundvall (sopransaxofon), Annica de Val (tv\u00e4rfl\u00f6jt), Karin Magnusson (tv\u00e4rfl\u00f6jt), Niklas Lindblom (bas), G\u00f6ran &#8221;Tutto&#8221; Karlsson (slagverk), Julia Schabbauer (slagverk)<br \/>\nProducent: Fredrik Ing\u00e5 och Michael Bruze<\/li>\n<\/ul>\n","protected":false},"excerpt":{"rendered":"<p>NORRK\u00d6PING St\u00e4mningsfullt och vackert intill perfektionism. Bel Cantok\u00f6ren har samlat sina b\u00e4sta lucia- och juls\u00e5nger till en cd som marknadsf\u00f6rs nu n\u00e4r det \u00e4r dags f\u00f6r traditionella Luciakonserten i Immanuelskyrkan. <a class=\"continue-reading-link\" href=\"https:\/\/www.kultursidan.nu\/?p=758\">L\u00e4s mer <span class=\"meta-nav\">&rarr; <\/span><\/a><\/p>\n","protected":false},"author":1001006,"featured_media":0,"comment_status":"closed","ping_status":"open","sticky":false,"template":"","format":"standard","meta":{"_jetpack_memberships_contains_paid_content":false,"footnotes":""},"categories":[7],"tags":[45,13],"class_list":["post-758","post","type-post","status-publish","format-standard","hentry","category-norrkoping","tag-cd","tag-musik"],"jetpack_featured_media_url":"","jetpack_sharing_enabled":true,"_links":{"self":[{"href":"https:\/\/www.kultursidan.nu\/index.php?rest_route=\/wp\/v2\/posts\/758","targetHints":{"allow":["GET"]}}],"collection":[{"href":"https:\/\/www.kultursidan.nu\/index.php?rest_route=\/wp\/v2\/posts"}],"about":[{"href":"https:\/\/www.kultursidan.nu\/index.php?rest_route=\/wp\/v2\/types\/post"}],"author":[{"embeddable":true,"href":"https:\/\/www.kultursidan.nu\/index.php?rest_route=\/wp\/v2\/users\/1001006"}],"replies":[{"embeddable":true,"href":"https:\/\/www.kultursidan.nu\/index.php?rest_route=%2Fwp%2Fv2%2Fcomments&post=758"}],"version-history":[{"count":2,"href":"https:\/\/www.kultursidan.nu\/index.php?rest_route=\/wp\/v2\/posts\/758\/revisions"}],"predecessor-version":[{"id":42543,"href":"https:\/\/www.kultursidan.nu\/index.php?rest_route=\/wp\/v2\/posts\/758\/revisions\/42543"}],"wp:attachment":[{"href":"https:\/\/www.kultursidan.nu\/index.php?rest_route=%2Fwp%2Fv2%2Fmedia&parent=758"}],"wp:term":[{"taxonomy":"category","embeddable":true,"href":"https:\/\/www.kultursidan.nu\/index.php?rest_route=%2Fwp%2Fv2%2Fcategories&post=758"},{"taxonomy":"post_tag","embeddable":true,"href":"https:\/\/www.kultursidan.nu\/index.php?rest_route=%2Fwp%2Fv2%2Ftags&post=758"}],"curies":[{"name":"wp","href":"https:\/\/api.w.org\/{rel}","templated":true}]}}