{"id":7721,"date":"2012-10-13T17:37:30","date_gmt":"2012-10-13T16:37:30","guid":{"rendered":"https:\/\/intelligent-friend-7861.standoutwp.com\/?p=7721"},"modified":"2014-09-11T16:18:10","modified_gmt":"2014-09-11T15:18:10","slug":"lycka-till-och-ta-hand-om-varandra-recension","status":"publish","type":"post","link":"https:\/\/www.kultursidan.nu\/?p=7721","title":{"rendered":"Lycka till och ta hand om varandra p\u00e5 Flimmer (recension)"},"content":{"rendered":"<p><iframe loading=\"lazy\" src=\"https:\/\/www.flickr.com\/photos\/kultursidan\/8083176315\/player\/\" width=\"500\" height=\"251\" frameborder=\"0\" allowfullscreen=\"allowfullscreen\"><\/iframe><br \/>\n<em>Omaka par. Regiss\u00f6ren vill inspirera till att se bortom ramarna, med fantasi och \u00f6ppenhet.<\/em><\/p>\n<p>&nbsp;<\/p>\n<h1><span style=\"color: #ff0000;\">En r\u00f6rande och \u00f6msint historia<\/span><\/h1>\n<p>&nbsp;<\/p>\n<p><strong>Lycka till och ta hand om varandra.<\/strong> S\u00e5 heter Jens Sj\u00f6grens regidebut som g\u00e5r upp p\u00e5 svenska biografer om ungef\u00e4r en vecka. \u00a0P\u00e5 Norrk\u00f6pings filmfestival visades den fredagen den 12e november, med ett efterf\u00f6ljande bes\u00f6k av regiss\u00f6ren.<\/p>\n<p><strong>Filmen handlar om Alvar, en gammal och mycket ensam man. Efter hustruns d\u00f6d avsk\u00e4rmar han sig fr\u00e5n v\u00e4rlden. I sitt garage bygger han sm\u00e5 v\u00e4rldar av dr\u00f6mmar och minnen, d\u00e4r han kan g\u00f6mma sig fr\u00e5n skuld och sm\u00e4rta.\u00a0E<\/strong>n dag m\u00f6ter han av en slump 15-\u00e5riga Miriam, som liksom han sj\u00e4lv faller utanf\u00f6r normernas ramar. De blir v\u00e4nner och tillsammans best\u00e4mmer dig sig f\u00f6r att f\u00f6rs\u00f6ka inspirera den v\u00e4rld de inte riktigt passar in i.<\/p>\n<p><strong>Kombinationen \u00e4ldre man och ung kvinna har vi sett f\u00f6rr, men det betyder inte att den inte fungerar bra h\u00e4r<\/strong>. Regiss\u00f6ren talar efter filmens slut om en vilja att f\u00e5 oss att se att se m\u00f6jligheterna i ot\u00e4nkbara v\u00e4nskaper, i fantasifulla s\u00e4tt att se p\u00e5 v\u00e4rlden.\u00a0 Alvar och Miriam \u00e4r omaka, men finner st\u00f6d i varandras egenskaper. Ingen av dem k\u00e4nner sig riktigt bekv\u00e4m i sin livssituation; han \u00e4r p\u00e5 v\u00e4g ut ur v\u00e4rlden och hon \u00e4r p\u00e5 v\u00e4g in i den. Tillsammans hj\u00e4lper de varandra att hitta sin plats.<\/p>\n<p><strong>Filmen har ett dr\u00f6mskt tonl\u00e4ge, men med inslag av den vid det h\u00e4r laget typiskt svenska socialrealismen.<\/strong> Sj\u00f6gren ber\u00e4ttar att han uppskattar och ser upp till traditionen, men att han ocks\u00e5 tror att den gjort den svenska filmen kall. I sitt eget projekt ville han skapa n\u00e5got med v\u00e4rme, n\u00e5got som skulle ber\u00f6ra publiken djupare.<\/p>\n<p><strong>Karakt\u00e4rerna i filmen \u00e4r utm\u00e4rkt spelade och \u00f6msint regisserade.<\/strong> De lyckas ganska v\u00e4l att undfly det schablonartade, och det finns ett djup och en trov\u00e4rdighet i var och en av dem. En del \u00e4r m\u00e4rkliga, en del \u00e4r ledsna och en del \u00e4r udda. Denna blandning av olika personligheter g\u00f6r att filmen verklighet k\u00e4nns n\u00e4ra v\u00e5r egen, men den lite dr\u00f6mska tonen hindrar det hela fr\u00e5n att k\u00e4nnas alltf\u00f6r n\u00e4rg\u00e5nget. N\u00e4rg\u00e5nget och naket kan vara bra, men f\u00f6r Alvars och Miriams historia hade det inte varit r\u00e4tt. Det \u00e4r helt enkelt inte den typen av ber\u00e4ttelse.<\/p>\n<p><strong>Historien om Alvar och Miriam \u00e4r r\u00f6rande, och blir bara b\u00e4ttre och b\u00e4ttre \u00a0vartefter minuterna tickar.<\/strong> Det \u00e4r lite som om att den inte riktigt v\u00e5gar ta ut sv\u00e4ngarna i b\u00f6rjan, men sedan blir varm i kl\u00e4derna. I slut\u00e4nden \u00e4r det en v\u00e4ldigt fin historia, och Jens Sj\u00f6gren lyckas v\u00e4l i sin \u00f6nskan att v\u00e4rma och ber\u00f6ra.<\/p>\n<p><strong>Vi har sett l\u00e5ngt mer \u00e4n tillr\u00e4ckligt med svensk film om poliser, mord och Stockholm i sn\u00e5lbl\u00e5st.<\/strong> Film \u00e4r ett s\u00e4tt att n\u00e4rma sig verkligheten, ett s\u00e4tt att f\u00f6rs\u00f6ka tolka den. Och eftersom v\u00e4rlden \u00e4r full av olika sorters mer eller mindre m\u00e4rkliga m\u00e4nniskor, s\u00e5 faller det sig naturligt att vi beh\u00f6ver n\u00e4rma oss den p\u00e5 olika s\u00e4tt. <em>Lycka till och ta hand om varandra<\/em> uppmanar oss att ta vara p\u00e5 s\u00e4rdragen och att s\u00f6ka de ov\u00e4ntade relationerna.<\/p>\n<p><strong>Jag vill avrunda med Jens Sj\u00f6grens egna ord om att vi borde kl\u00e4ttra mer i tr\u00e4d, ta hand om varandra och ta vara p\u00e5 alla v\u00e5ra autistiska s\u00e4rintressen.<\/strong> Det skulle troligtvis g\u00f6ra oss alla till b\u00e4ttre m\u00e4nniskor.<\/p>\n<p><em>Text: Karolina Nilsson<br \/>\nFoto: www.flimmer.nu<\/em><\/p>\n<p>&nbsp;<\/p>\n<ul>\n<li>\n<h3>CNEMA<\/h3>\n<\/li>\n<li><em>12 oktober 2012<\/em><strong><br \/>\nLycka till och ta hand om varandra<em><br \/>\n<\/em><\/strong>Regi: Jens Sj\u00f6gren<em><br \/>\n<\/em>Sverige (2012)<\/li>\n<\/ul>\n<p>&nbsp;<\/p>\n<p>L\u00c4NKAR<br \/>\nOm filmen p\u00e5 <a title=\"Sfi\" href=\"http:\/\/www.sfi.se\/sv\/svensk-filmdatabas\/Item\/?type=MOVIE&amp;itemid=69810\" target=\"_blank\">sfi\u00a0<\/a><br \/>\nOm filmen p\u00e5 <a title=\"IMDB\" href=\"http:\/\/www.imdb.com\/title\/tt2070803\/\" target=\"_blank\">IMDB<\/a><br \/>\nFlimmers <a title=\"Program\" href=\"http:\/\/www.flimmer.nu\/filmfestival\/festivalprogram\" target=\"_blank\">festivalprogram<\/a><\/p>\n","protected":false},"excerpt":{"rendered":"<p>NORRK\u00d6PING Filmen handlar om Alvar, en gammal och mycket ensam man. Efter hustruns d\u00f6d avsk\u00e4rmar han sig fr\u00e5n v\u00e4rlden. I sitt garage bygger han sm\u00e5 v\u00e4rldar av dr\u00f6mmar och minnen, d\u00e4r han kan g\u00f6mma sig fr\u00e5n skuld och sm\u00e4rta. En dag m\u00f6ter han av en slump 15-\u00e5riga Miriam, som liksom han sj\u00e4lv faller utanf\u00f6r normernas ramar. <a class=\"continue-reading-link\" href=\"https:\/\/www.kultursidan.nu\/?p=7721\">L\u00e4s mer <span class=\"meta-nav\">&rarr; <\/span><\/a><\/p>\n","protected":false},"author":1001006,"featured_media":0,"comment_status":"open","ping_status":"open","sticky":false,"template":"","format":"standard","meta":{"_jetpack_memberships_contains_paid_content":false,"footnotes":""},"categories":[7],"tags":[38],"class_list":["post-7721","post","type-post","status-publish","format-standard","hentry","category-norrkoping","tag-film"],"jetpack_featured_media_url":"","jetpack_sharing_enabled":true,"_links":{"self":[{"href":"https:\/\/www.kultursidan.nu\/index.php?rest_route=\/wp\/v2\/posts\/7721","targetHints":{"allow":["GET"]}}],"collection":[{"href":"https:\/\/www.kultursidan.nu\/index.php?rest_route=\/wp\/v2\/posts"}],"about":[{"href":"https:\/\/www.kultursidan.nu\/index.php?rest_route=\/wp\/v2\/types\/post"}],"author":[{"embeddable":true,"href":"https:\/\/www.kultursidan.nu\/index.php?rest_route=\/wp\/v2\/users\/1001006"}],"replies":[{"embeddable":true,"href":"https:\/\/www.kultursidan.nu\/index.php?rest_route=%2Fwp%2Fv2%2Fcomments&post=7721"}],"version-history":[{"count":0,"href":"https:\/\/www.kultursidan.nu\/index.php?rest_route=\/wp\/v2\/posts\/7721\/revisions"}],"wp:attachment":[{"href":"https:\/\/www.kultursidan.nu\/index.php?rest_route=%2Fwp%2Fv2%2Fmedia&parent=7721"}],"wp:term":[{"taxonomy":"category","embeddable":true,"href":"https:\/\/www.kultursidan.nu\/index.php?rest_route=%2Fwp%2Fv2%2Fcategories&post=7721"},{"taxonomy":"post_tag","embeddable":true,"href":"https:\/\/www.kultursidan.nu\/index.php?rest_route=%2Fwp%2Fv2%2Ftags&post=7721"}],"curies":[{"name":"wp","href":"https:\/\/api.w.org\/{rel}","templated":true}]}}