{"id":7848,"date":"2012-10-23T08:46:53","date_gmt":"2012-10-23T07:46:53","guid":{"rendered":"https:\/\/intelligent-friend-7861.standoutwp.com\/?p=7848"},"modified":"2013-09-07T09:07:56","modified_gmt":"2013-09-07T08:07:56","slug":"snart-blir-det-grymt-galet-pa-skandiateatern-reportage","status":"publish","type":"post","link":"https:\/\/www.kultursidan.nu\/?p=7848","title":{"rendered":"Snart blir det Grymt galet p\u00e5 Skandiateatern (reportage)"},"content":{"rendered":"<p><a href=\"http:\/\/www.flickr.com\/photos\/kultursidan\/8115404196\/\" title=\"Inger Nilsson med Anders H\u00e5kansson och Pernilla Parzyk samt Carina Perenkranz och Pontus Helander by Kultursidan, on Flickr\"><img loading=\"lazy\" decoding=\"async\" src=\"http:\/\/farm9.staticflickr.com\/8468\/8115404196_88786220d4.jpg\" width=\"500\" height=\"321\" alt=\"Inger Nilsson med Anders H\u00e5kansson och Pernilla Parzyk samt Carina Perenkranz och Pontus Helander\"><\/a><\/p>\n<p><em>Grym ensemble. Regikonsulten Inger Nilsson tillsammans med Anders H\u00e5kansson och Pernilla Parzyk som spelar Roger och Anna samt Carina Perenkranz och Pontus Helander som gestaltar Pia och Gunnar.<\/em><\/p>\n<p>&nbsp;<\/p>\n<h1><span style=\"color: #ff0000;\">&#8221;Man ska skratta och s\u00e4tta skrattet i halsen&#8221;<br \/>\n<\/span><\/h1>\n<p>&nbsp;<\/p>\n<p><strong>Inger Nilsson m\u00f6ter redan i foaj\u00e9n och slussar vidare in i Skandiateaterns dunkla salong.<\/strong> Det \u00e4r en \u00f6dmjuk \u201dregikonsult\u201d som tonar ner sin roll i Chopp events upps\u00e4ttning av <em>Grymt galet<\/em> av brittiske dramatikern Willy Russell.<\/p>\n<p>\u2013 De i ensemblen \u00e4r j\u00e4tteproffsiga. S\u00e4ger man A och B s\u00e5 fyller de p\u00e5 med resten av alfabetet. Jag kommer ner lite d\u00e5 och d\u00e5 och tittar.<\/p>\n<p>Inte desto mindre beh\u00f6vs hon, \u00f6gat utifr\u00e5n som reagerar och hj\u00e4lper till att s\u00f6ka l\u00f6sningar. Inte minst f\u00f6r att det ska bli b\u00e5de roligt och lite bitskt i komedin som planterats om i tid och geografi, fr\u00e5n p\u00e5hittade f\u00f6rorten Castlehills \u00e5r 1976 till dagens Rambodal i Norrk\u00f6ping.<\/p>\n<p><strong>D\u00e4r bor Anna och Roger och dit har Pia och Gunnar nyligen flyttat.<\/strong> Att Anna och Pia \u00e4r systrar \u00e4r en extra skruv i komedin som ensemblen hittat p\u00e5.<\/p>\n<p>\u2013 Det \u00e4r tv\u00e5 v\u00e4ldigt bra tjejroller!, s\u00e4ger Inger Nilsson uppskattande. Annars \u00e4r det ofta s\u00e5 att tjejerna f\u00e5r \u201dl\u00e4gga upp bollen\u201d och killarna tar hem po\u00e4ngen.<\/p>\n<p>Carina Perenkranz spelar Pia som vill passa in medan Pernilla Parzyk \u00e4r storasyster Anna vars man Roger \u00e4r ankaret i Rambodals villaf\u00f6rening.<\/p>\n<p>\u2013 De sitter fast i sina normer och Gunnar ifr\u00e5gas\u00e4tter det, analyserar Pernilla Parzyk. Allt ska vara s\u00e5 perfekt och \u201dnormalt\u201d.<\/p>\n<p><strong>Pernilla Parzyk k\u00e4nner vid det h\u00e4r laget \u00f6vriga i ensemblen v\u00e4l.<\/strong> Naturligtvis efter alla reklamfilmer som hon och Carina Perenkranz gjort tillsammans, men redan sommaren 2010 var hon med p\u00e5 Kr\u00e5kholmen. V\u00e4gen till Anna, som hon gestaltar, har g\u00e5tt genom texten.<\/p>\n<p>\u2013 Det enda man har \u00e4r ett manus. Jag brukar l\u00e4sa och l\u00e4sa och l\u00e4sa. Vad s\u00e4ger hennes repliker och relationer om henne som m\u00e4nniska? Jag jobbar vidare med kroppen, vad hon har f\u00f6r r\u00f6relser? Hur skrattar hon?, f\u00f6rklarar Pernilla Parzyk.<\/p>\n<p>\u2013 Vem lyssnar hon p\u00e5 \u2013 och vem lyssnar hon inte p\u00e5? Det har med status att g\u00f6ra. I Annas fall \u00e4r det v\u00e4ldigt hotfullt med den motbild som Gunnar representerar. Hon \u00e4r den som s\u00e4tter trenderna i radhusomr\u00e5det och som andra r\u00e4ttar sig efter.<\/p>\n<p><strong>\u2013 Vilket liv man \u00e4n lever s\u00e5 har man l\u00e4tt att fastna, kommenterar Inger Nilsson.<\/strong> Det \u00e4r inte radhuslivet i sig som \u00e4r fel utan man ska v\u00e4lja sj\u00e4lv hur man sj\u00e4lv vill ha det.<\/p>\n<p>Premi\u00e4r p\u00e5 Skandiateatern p\u00e5 fredag.<\/p>\n<p>\u2013 Man ska skratta, s\u00e4tta skrattet i halsen och t\u00e4nka efter lite. Och sedan k\u00e4nna att man haft en rolig kv\u00e4ll, tycker Pontus Helander. Kanske man slutar \u00e4ta r\u00e4kor varje fredag och v\u00e4ljer chili con carne n\u00e4sta g\u00e5ng. Eller tv\u00e4rt om.<\/p>\n<p><em>Text: Ann-Charlotte Sandelin<br \/>\nFoto: Sven \u00c5ke Molund<\/em><\/p>\n<p>&nbsp;<\/p>\n<ul>\n<li>\n<h3>SKANDIATEATERN Norrk\u00f6ping<\/h3>\n<\/li>\n<li><em>26 oktober \u2013 4 december 2012<br \/>\n<\/em><strong>Grymt galet<br \/>\n<\/strong>Av Willy Russel<br \/>\nRegikonsult: Inger Nilsson<\/p>\n<ul>\n<li>MEDVERKANDE<br \/>\nPernilla Parzyk<br \/>\nAnders H\u00e5kansson<br \/>\nCarina Perenkranz<br \/>\nPontus Helander<\/li>\n<\/ul>\n<\/li>\n<\/ul>\n<p>L\u00c4NKAR<br \/>\nSkandiateatern <a title=\"Skandiateatern\" href=\"http:\/\/www.choppevent.se\/\" target=\"_blank\">hemsida<\/a><\/p>\n<p>FLER BILDER FR\u00c5N PRESSVISNINGEN \u2013 KLICKA<br \/>\n[flickr-gallery mode=&#8221;photoset&#8221; photoset=&#8221;72157631834029879&#8243;]<\/p>\n<p>&nbsp;<\/p>\n","protected":false},"excerpt":{"rendered":"<p>NORRK\u00d6PING N\u00e4r Chopp event s\u00e4tter upp Willy Russels komedi fr\u00e5n 1976 placerar de den i Rambodal i nutid. Pernilla Parzyk ber\u00e4ttar om hur hon arbetat f\u00f6r att komma in i rollen som Anna. <a class=\"continue-reading-link\" href=\"https:\/\/www.kultursidan.nu\/?p=7848\">L\u00e4s mer <span class=\"meta-nav\">&rarr; <\/span><\/a><\/p>\n","protected":false},"author":1001006,"featured_media":0,"comment_status":"closed","ping_status":"open","sticky":false,"template":"","format":"standard","meta":{"_jetpack_memberships_contains_paid_content":false,"footnotes":""},"categories":[7],"tags":[27,12],"class_list":["post-7848","post","type-post","status-publish","format-standard","hentry","category-norrkoping","tag-komedi","tag-teater"],"jetpack_featured_media_url":"","jetpack_sharing_enabled":true,"_links":{"self":[{"href":"https:\/\/www.kultursidan.nu\/index.php?rest_route=\/wp\/v2\/posts\/7848","targetHints":{"allow":["GET"]}}],"collection":[{"href":"https:\/\/www.kultursidan.nu\/index.php?rest_route=\/wp\/v2\/posts"}],"about":[{"href":"https:\/\/www.kultursidan.nu\/index.php?rest_route=\/wp\/v2\/types\/post"}],"author":[{"embeddable":true,"href":"https:\/\/www.kultursidan.nu\/index.php?rest_route=\/wp\/v2\/users\/1001006"}],"replies":[{"embeddable":true,"href":"https:\/\/www.kultursidan.nu\/index.php?rest_route=%2Fwp%2Fv2%2Fcomments&post=7848"}],"version-history":[{"count":0,"href":"https:\/\/www.kultursidan.nu\/index.php?rest_route=\/wp\/v2\/posts\/7848\/revisions"}],"wp:attachment":[{"href":"https:\/\/www.kultursidan.nu\/index.php?rest_route=%2Fwp%2Fv2%2Fmedia&parent=7848"}],"wp:term":[{"taxonomy":"category","embeddable":true,"href":"https:\/\/www.kultursidan.nu\/index.php?rest_route=%2Fwp%2Fv2%2Fcategories&post=7848"},{"taxonomy":"post_tag","embeddable":true,"href":"https:\/\/www.kultursidan.nu\/index.php?rest_route=%2Fwp%2Fv2%2Ftags&post=7848"}],"curies":[{"name":"wp","href":"https:\/\/api.w.org\/{rel}","templated":true}]}}