{"id":8048,"date":"2012-11-09T12:48:17","date_gmt":"2012-11-09T11:48:17","guid":{"rendered":"https:\/\/intelligent-friend-7861.standoutwp.com\/?p=8048"},"modified":"2012-12-02T14:16:36","modified_gmt":"2012-12-02T13:16:36","slug":"bel-canto-firar-med-motown-hits-i-louis-de-geer-reportage","status":"publish","type":"post","link":"https:\/\/www.kultursidan.nu\/?p=8048","title":{"rendered":"Bel Canto firar med Motown Hits i Louis De Geer (reportage)"},"content":{"rendered":"<p>[flickr]http:\/\/www.flickr.com\/photos\/kultursidan\/8169117418\/[\/flickr]<\/p>\n<p><em>Bildbevis. Bel Cantok\u00f6ren kan b\u00e5de sjunga och dansa samtidigt. Svartkl\u00e4dda jubileumsgeneralen Viveca Valgren h\u00e5ller sig i mitten av bilderna.<\/em><\/p>\n<p>&nbsp;<\/p>\n<h1><span style=\"color: #ff0000;\">Glitter, glamour och sk\u00f6n musik<\/span><\/h1>\n<p>&nbsp;<\/p>\n<p><strong>Stolarna st\u00e5r i en vid halvcirkel som till en vanlig k\u00f6rrepetition; ingen sitter.<\/strong> I st\u00e4llet st\u00e5r hela k\u00f6ren utspridd i det stora rummet i Hemg\u00e5rden p\u00e5 Salt\u00e4ngen. Det ser aningens tr\u00e5ngt ut, l\u00e4tt kaotiskt med herrar och damer om varandra. L\u00e4ngst fram vid pianot st\u00e5r Michael Bruze. Det l\u00e5ter, vibrerar och gungar. Ofta sk\u00f6na soulharmonier, ibland sv\u00e5ra rytmskiftningar.<\/p>\n<p>\u2013 Den h\u00e4r k\u00f6ren kan b\u00e5de sjunga och dansa, samtidigt, sk\u00e4mtar Michael Bruze, lite kaxigt s\u00e5d\u00e4r.<\/p>\n<p>Bel Cantok\u00f6ren har jobbat mot den h\u00e4r konserten fr\u00e5n och \u2013 de senaste m\u00e5naderna intensivt \u2013 till, alltsedan f\u00f6rsta id\u00e9tr\u00e4ffen f\u00f6r ett och ett halvt \u00e5r sedan.<\/p>\n<p>\u2013 Jag kunde inte sova p\u00e5 natten efter v\u00e5rt \u00d6ppna forum om jubil\u00e9et. Det surrade av id\u00e9er: att vi skulle vara p\u00e5 Louis De Geer, med musiker, Symfoniorkestern som vi jobbat s\u00e5 mycket med, uppbyggda plattformar, ber\u00e4ttar Viveca Valgren som sjunger i altst\u00e4mman varje vecka sedan m\u00e5nga \u00e5r. D\u00e5 sa styrelsen &#8221;att har man s\u00e5 mycket id\u00e9er s\u00e5 m\u00e5ste man vara med i projektgruppen.&#8221;<\/p>\n<p><strong>Det blev hon, med r\u00e5ge. Viveca Valgren \u00e4r producent f\u00f6r <em>Motown Hits<\/em>, den 25-\u00e5rsfirande k\u00f6rens stora jubileumskonsert.<\/strong> Hon leder produktionsgruppen som knyter ihop alla tr\u00e5dar \u2013 och de \u00e4r m\u00e5nga. Fast planerna p\u00e5 att hyra in Symfoniorkestern gavs snart p\u00e5 b\u00e5ten. Det blev ett storband i st\u00e4llet, med Marcus \u00d6sterlund som kapellm\u00e4stare. Norrk\u00f6pings danscenter st\u00e4ller upp med 12 dansare och koreografen Caroline Havensl\u00e4tt. Och s\u00e5 blir det G\u00c4ST-ARTISTER.<\/p>\n<p>\u2013 Vi ville ha glitter och glamour, s\u00e5 f\u00f6rst t\u00e4nkte vi ha Las Vegas som tema, s\u00e4ger Viveca Valgren.<\/p>\n<p><strong>Snart uppt\u00e4ckte man att l\u00e5tlistan var full av k\u00f6rv\u00e4nliga Motown-l\u00e5tar<\/strong> <strong>och best\u00e4mde sig f\u00f6r att renodla. <\/strong>Man t\u00e4nkte The Jackson 5,<strong> <\/strong>Stewie Wonder, Martha and the Vandellas\u2026 Men ville ocks\u00e5 sl\u00e4ppa in en och annan l\u00e5t som genrem\u00e4ssigt h\u00f6r till men inte gavs ut av det ber\u00f6mda skivm\u00e4rket.<\/p>\n<p>Fantastic Four bj\u00f6ds in, de svenska killarna som sjunger Motown s\u00e5 bra och s\u00e5 snyggt att de vann en v\u00e4rldsomsp\u00e4nnande Hollywoodt\u00e4vling i somras.<\/p>\n<p>\u2013 Vi t\u00e4nkte ett tag ha Afro-Dite som \u201dSupremes\u201d, men det skulle blivit f\u00f6r dyrt. Gladys del Pilar stod allra h\u00f6gst p\u00e5 v\u00e5r \u00f6nskelista, och henne \u00e4r vi j\u00e4tten\u00f6jda med.<\/p>\n<p>Under den tv\u00e5 och en halv timme l\u00e5nga konserten f\u00e5r stj\u00e4rnartisterna en maffig doak\u00f6r bakom sig, n\u00e4r de inte g\u00f6r rena solonummer.<\/p>\n<p>\u2013 Men mest sjunger vi sj\u00e4lva, det \u00e4r ju v\u00e5r jubileumskonsert!<\/p>\n<p><strong>En r\u00f6st som kommer att h\u00f6ras, men inte sjunga, \u00e4r Kaj Kindvalls.<\/strong> Han har redan gjort sitt jobb i inspelningsstudion. F\u00e5 i Sverige kan mer \u00e4n han om Motown.<\/p>\n<p>PS! Fantastic Four har p\u00e5 sin FB-sida lagt ut en film fr\u00e5n repetitionen tillsammans med Bel Cantok\u00f6ren i De Geerhallen p\u00e5 Youtube.<\/p>\n<p><em>Text: Ann-Charlotte Sandelin<br \/>\n<em>Foto: Ann-Charlotte Sandelin och Sven \u00c5ke Molund<\/em><\/em><\/p>\n<p>&nbsp;<\/p>\n<ul>\n<li>\n<h3>LOUIS DE GEER Norrk\u00f6ping<\/h3>\n<\/li>\n<li><em>10 november 2012 kl 19.30<br \/>\n<\/em><strong>Motown Hits<br \/>\n<\/strong>Bel Cantok\u00f6rens jubileumskonsert<\/p>\n<ul>\n<li>MEDVERKANDE<br \/>\nDirigent: Michael Bruze<br \/>\nKapellm\u00e4stare: Marcus \u00d6sterlund<br \/>\nKoreograf: Caroline Havensl\u00e4tt<br \/>\nBel Cantok\u00f6ren<br \/>\nGladys del Pilar<br \/>\nFantastic Four<br \/>\nMotown Hits-orkestern<br \/>\nNorrk\u00f6pings Danscenter<\/li>\n<\/ul>\n<\/li>\n<\/ul>\n<p>L\u00c4NKAR<br \/>\nBel Cantok\u00f6ren <a title=\"Bel Cantok\u00f6ren\" href=\"http:\/\/www.belcanto.nu\" target=\"_blank\">hemsida <\/a><br \/>\nGladys del Pilar <a title=\"Gladys del Pilar\" href=\"http:\/\/www.facebook.com\/pages\/Gladys-del-Pilar-Officiell\/176293402434739 \" target=\"_blank\">Facebook <\/a><br \/>\nFantastic Four <a title=\"Fantastic Four\" href=\"http:\/\/fantasticfour.se \" target=\"_blank\">Facebook <\/a><br \/>\nNorrk\u00f6pings danscenter <a title=\"Norrk\u00f6pings danscenter\" href=\"http:\/\/norrkopingsdanscenter.se\" target=\"_blank\">hemsida <\/a><br \/>\nI kv\u00e4ll t\u00e4vlar The Fantastic Four i Hollywood\u00a0<a title=\"I kv\u00e4ll t\u00e4vlar The Fantastic Four i Hollywood (reportage) PS! De vann!\" href=\"https:\/\/www.kultursidan.nu\/?p=6911\" target=\"_blank\">reportage<\/a> Kultursidan.nu 13\/7 2012<\/p>\n<p>&nbsp;<\/p>\n<p>FLER BILDER FR\u00c5N REPETITIONEN \u2013 KLICKA<\/p>\n<p>[flickr-gallery mode=&#8221;photoset&#8221; photoset=&#8221;72157631966116087&#8243;]<\/p>\n<p>&nbsp;<\/p>\n","protected":false},"excerpt":{"rendered":"<p>NORRK\u00d6PING H\u00e4r \u00e4r k\u00f6ren som inte bara kan sjunga. De kan dansa ocks\u00e5. Samtidigt. Bel Cantok\u00f6ren har laddat stort inf\u00f6r l\u00f6rdagens kaxiga jubileumsfest. Gladys del Pilar kommer. Och Fantastic Four. <a class=\"continue-reading-link\" href=\"https:\/\/www.kultursidan.nu\/?p=8048\">L\u00e4s mer <span class=\"meta-nav\">&rarr; <\/span><\/a><\/p>\n","protected":false},"author":1001006,"featured_media":0,"comment_status":"closed","ping_status":"open","sticky":false,"template":"","format":"standard","meta":{"_jetpack_memberships_contains_paid_content":false,"footnotes":""},"categories":[7],"tags":[13],"class_list":["post-8048","post","type-post","status-publish","format-standard","hentry","category-norrkoping","tag-musik"],"jetpack_featured_media_url":"","jetpack_sharing_enabled":true,"_links":{"self":[{"href":"https:\/\/www.kultursidan.nu\/index.php?rest_route=\/wp\/v2\/posts\/8048","targetHints":{"allow":["GET"]}}],"collection":[{"href":"https:\/\/www.kultursidan.nu\/index.php?rest_route=\/wp\/v2\/posts"}],"about":[{"href":"https:\/\/www.kultursidan.nu\/index.php?rest_route=\/wp\/v2\/types\/post"}],"author":[{"embeddable":true,"href":"https:\/\/www.kultursidan.nu\/index.php?rest_route=\/wp\/v2\/users\/1001006"}],"replies":[{"embeddable":true,"href":"https:\/\/www.kultursidan.nu\/index.php?rest_route=%2Fwp%2Fv2%2Fcomments&post=8048"}],"version-history":[{"count":0,"href":"https:\/\/www.kultursidan.nu\/index.php?rest_route=\/wp\/v2\/posts\/8048\/revisions"}],"wp:attachment":[{"href":"https:\/\/www.kultursidan.nu\/index.php?rest_route=%2Fwp%2Fv2%2Fmedia&parent=8048"}],"wp:term":[{"taxonomy":"category","embeddable":true,"href":"https:\/\/www.kultursidan.nu\/index.php?rest_route=%2Fwp%2Fv2%2Fcategories&post=8048"},{"taxonomy":"post_tag","embeddable":true,"href":"https:\/\/www.kultursidan.nu\/index.php?rest_route=%2Fwp%2Fv2%2Ftags&post=8048"}],"curies":[{"name":"wp","href":"https:\/\/api.w.org\/{rel}","templated":true}]}}