{"id":8079,"date":"2012-11-12T18:02:27","date_gmt":"2012-11-12T17:02:27","guid":{"rendered":"https:\/\/intelligent-friend-7861.standoutwp.com\/?p=8079"},"modified":"2015-12-19T21:40:17","modified_gmt":"2015-12-19T20:40:17","slug":"aaid-jasim-staller-ut-pa-galleri-kronan-reportage","status":"publish","type":"post","link":"https:\/\/www.kultursidan.nu\/?p=8079","title":{"rendered":"Aaid Jasim st\u00e4ller ut p\u00e5 Galleri Kronan (reportage)"},"content":{"rendered":"<p><a title=\"Aaid Jasim st\u00e4ller ut p\u00e5 Kronan\" href=\"https:\/\/www.flickr.com\/photos\/kultursidan\/8179242619\/in\/album-72157631991009378\/\"><img loading=\"lazy\" decoding=\"async\" src=\"https:\/\/farm9.staticflickr.com\/8477\/8179242619_3a466bf822.jpg\" alt=\"Aaid Jasim st\u00e4ller ut p\u00e5 Kronan\" width=\"500\" height=\"333\" \/><\/a><br \/>\n<em>Utan titel. Aaid Jasim \u00e4r konsekvent n\u00e4r det g\u00e4ller namngivning.<\/em><\/p>\n<p>&nbsp;<\/p>\n<h1><span style=\"color: #ff0000;\">Uttrycksfullt m\u00e5leri minns v\u00e4ggarna i Bagdad<\/span><\/h1>\n<p>&nbsp;<\/p>\n<p><strong>I efterhand uppt\u00e4cker jag att jag redan sett verk av Aaid Jasim i en f\u00e4rgstark utst\u00e4llning.<\/strong> D\u00e5 var det <em>Kokonger<\/em>, teckningar i svart p\u00e5 vitt han lekt fram p\u00e5 sin iPad, leksaken som m\u00e5nga musiker och konstn\u00e4rer f\u00f6rs\u00f6kte g\u00f6ra till just sin. De ingick i den stora f\u00f6rsommarutst\u00e4llningen p\u00e5 Konstforum.<\/p>\n<p>Nu st\u00e5r han sj\u00e4lv f\u00f6r f\u00e4rgstyrkan som m\u00f6ter i stora rummet p\u00e5 Galleri Kronan. H\u00e4r h\u00e4nger sju m\u00e5lningar som vibrerar av f\u00e4rg, kraft och r\u00f6relse. Varje verk st\u00e5r ofta p\u00e5 en grund av ett eller flera f\u00e4lt. Man kan ibland ana \u00f6verm\u00e5lningar \u00f6ver tidigare, f\u00f6rest\u00e4llande lager men oftast \u00e4r kompositionerna utan pekpinnar. \u00c4ven om d\u00e4r \u00e4r r\u00e4nder, runda prickar, och \u00f6verst vita och svarta kryss och ringar, som minnen av graffittins tags.<\/p>\n<p><strong>Utst\u00e4llningen har f\u00e5tt namnet <em>V\u00e4ggarnas minne<\/em>.<\/strong> Men vid varje verk p\u00e5 listan st\u00e5r det<em> Utan titel<\/em>.<\/p>\n<p>\u2013 Jag tror inte p\u00e5 att ha namn. Jag vill att m\u00e4nniskor ska sl\u00e4ppa tanken och fantisera sj\u00e4lva, f\u00f6rmedlar han via konstn\u00e4rskollegan Ali Isma\u00ebl som tolkar b\u00e5de skickligt och neutralt.<\/p>\n<p>Aaid Jasim menar att han sj\u00e4lv arbetar efter samma fantiserandets princip \u00e4ven om det visst finns en id\u00e9er och tankar n\u00e4r han inleder ett arbete.<\/p>\n<p>\u2013 Jag jobbar med en generell id\u00e9. Ofta inneh\u00e5ller tavlan relationer mellan f\u00e4rg, motiv och signaler. Men jag sl\u00e4pper den sedan till \u00e5sk\u00e5daren.<\/p>\n<p><strong>Kraften i verken kommer fr\u00e5n graffitti som var allest\u00e4des n\u00e4rvarande p\u00e5 v\u00e4ggarna n\u00e4r han var ung i Bagdad.<\/strong> \u00c4ven om det var m\u00e5nga \u00e5r sedan och Aaid Jasim numera ing\u00e5r i den koloni av konstn\u00e4rer fr\u00e5n olika arabl\u00e4nder, fr\u00e4mst Irak, som tagit plats p\u00e5 konstscenen i Norrk\u00f6ping, vill han bevara kraften.<\/p>\n<p>\u2013 Jag utg\u00e5r fr\u00e5n impulsen i minnena men estetiserar uttrycket. Jag arbetar och jobbar om tills bilden \u00e4r exakt som jag vill ha den. Det \u00e4r en kommunikation mellan mig och verket.<\/p>\n<p><strong>Merparten av verken \u00e4r m\u00e5lade med akryl p\u00e5 duk.<\/strong> Han vill ha kontroll \u00f6ver sitt arbete och menar att den snabbtorkande akrylen ger honom det. Penselns drag, palettknivens smetande, trasans \u00e5terh\u00e4mtande och sn\u00f6rsmalt ringlande.<\/p>\n<p>\u2013 Akrylen realiserar exakt vad jag vill s\u00e4ga. Men ibland v\u00e4ljer tavlan tekniken, s\u00e4ger han och syftar kanske p\u00e5 ett stort verk med varma r\u00f6da toner, d\u00e4r han mixat akrylen med olja. Oljan st\u00e5r f\u00f6r merparten av det r\u00f6da medan akrylen lagt sig i vita suddiga droppar \u00f6ver.<\/p>\n<p><em>Text och foto: Ann-Charlotte Sandelin<\/em><\/p>\n<p>&nbsp;<\/p>\n<ul>\n<li>\n<h3>GALLERI KRONAN Norrk\u00f6ping<\/h3>\n<\/li>\n<li><em>10 \u2013 25 november 2012<\/em><br \/>\n<strong>Aaid Jasim<\/strong><br \/>\nV\u00e4ggarnas minne<\/li>\n<\/ul>\n<p><strong><br \/>\n<\/strong><\/p>\n<p>L\u00c4NKAR<br \/>\nGalleri Kronan <a title=\"Galleri Kronan\" href=\"http:\/\/www.gallerikronan.se\/\" target=\"_blank\">hemsida <\/a><br \/>\nF\u00e4rgstark sommarutst\u00e4llning p\u00e5 Konstforum <a title=\"F\u00e4rgstark sommarutst\u00e4llning\" href=\"https:\/\/www.kultursidan.nu\/?p=6301\" target=\"_blank\">reportage<\/a> Kultursidan.nu 27\/5 2012<\/p>\n<p>BILDSPEL (FLASH) \u2013 KLICKA P\u00c5 BILDEN <em><br \/>\nALT\/MOBIL: SE BILDSPELET <a title=\"Bildspel\" href=\"https:\/\/www.flickr.com\/photos\/kultursidan\/sets\/72157631991009378\/show\/\" target=\"_blank\">H\u00c4R<\/a><\/em><br \/>\n<object width=\"400\" height=\"300\"><param name=\"flashvars\" value=\"offsite=true&amp;lang=en-us&amp;page_show_url=%2Fphotos%2Fkultursidan%2Fsets%2F72157631991009378%2Fshow%2F&amp;page_show_back_url=%2Fphotos%2Fkultursidan%2Fsets%2F72157631991009378%2F&amp;set_id=72157631991009378&amp;jump_to=\" \/><param name=\"movie\" value=\"https:\/\/www.flickr.com\/apps\/slideshow\/show.swf?v=1811922554\" \/><param name=\"allowFullScreen\" value=\"true\" \/><\/object><\/p>\n","protected":false},"excerpt":{"rendered":"<p>NORRK\u00d6PING Aaid Jasim visar ett uttrycksfullt m\u00e5leri med kraften h\u00e4mtad fr\u00e5n v\u00e4ggarna i Bagdad. M\u00e5nga \u00e5r senare \u00e4r han angel\u00e4gen om de estetiska kvaliteterna. <a class=\"continue-reading-link\" href=\"https:\/\/www.kultursidan.nu\/?p=8079\">L\u00e4s mer <span class=\"meta-nav\">&rarr; <\/span><\/a><\/p>\n","protected":false},"author":1001006,"featured_media":0,"comment_status":"closed","ping_status":"open","sticky":false,"template":"","format":"standard","meta":{"_jetpack_memberships_contains_paid_content":false,"footnotes":""},"categories":[7],"tags":[14],"class_list":["post-8079","post","type-post","status-publish","format-standard","hentry","category-norrkoping","tag-konst"],"jetpack_featured_media_url":"","jetpack_sharing_enabled":true,"_links":{"self":[{"href":"https:\/\/www.kultursidan.nu\/index.php?rest_route=\/wp\/v2\/posts\/8079","targetHints":{"allow":["GET"]}}],"collection":[{"href":"https:\/\/www.kultursidan.nu\/index.php?rest_route=\/wp\/v2\/posts"}],"about":[{"href":"https:\/\/www.kultursidan.nu\/index.php?rest_route=\/wp\/v2\/types\/post"}],"author":[{"embeddable":true,"href":"https:\/\/www.kultursidan.nu\/index.php?rest_route=\/wp\/v2\/users\/1001006"}],"replies":[{"embeddable":true,"href":"https:\/\/www.kultursidan.nu\/index.php?rest_route=%2Fwp%2Fv2%2Fcomments&post=8079"}],"version-history":[{"count":0,"href":"https:\/\/www.kultursidan.nu\/index.php?rest_route=\/wp\/v2\/posts\/8079\/revisions"}],"wp:attachment":[{"href":"https:\/\/www.kultursidan.nu\/index.php?rest_route=%2Fwp%2Fv2%2Fmedia&parent=8079"}],"wp:term":[{"taxonomy":"category","embeddable":true,"href":"https:\/\/www.kultursidan.nu\/index.php?rest_route=%2Fwp%2Fv2%2Fcategories&post=8079"},{"taxonomy":"post_tag","embeddable":true,"href":"https:\/\/www.kultursidan.nu\/index.php?rest_route=%2Fwp%2Fv2%2Ftags&post=8079"}],"curies":[{"name":"wp","href":"https:\/\/api.w.org\/{rel}","templated":true}]}}