{"id":8083,"date":"2012-11-13T14:37:37","date_gmt":"2012-11-13T13:37:37","guid":{"rendered":"https:\/\/intelligent-friend-7861.standoutwp.com\/?p=8083"},"modified":"2012-12-02T14:15:08","modified_gmt":"2012-12-02T13:15:08","slug":"lisa-tilling-satter-upp-children-of-eden-i-hedvig-reportage","status":"publish","type":"post","link":"https:\/\/www.kultursidan.nu\/?p=8083","title":{"rendered":"Lisa Tilling s\u00e4tter upp Children of Eden i Hedvig (reportage)"},"content":{"rendered":"<p>[flickr]http:\/\/www.flickr.com\/photos\/kultursidan\/8179933857\/[\/flickr]<\/p>\n<p><em>St\u00e4nger f\u00f6r. Anna Th\u00f6rnkvist har arbetat fram k\u00f6rkoreografin.<\/em><\/p>\n<h1><\/h1>\n<h1><span style=\"color: #ff0000;\">\u201dHon vill v\u00e4l ha det r\u00e5a i min r\u00f6st\u201d<\/span><\/h1>\n<p>&nbsp;<\/p>\n<p><strong>Lisa Tilling knuffar fram kammarpianot l\u00e4ngs altarg\u00e5ngen i Hedvigs kyrka.<\/strong> Flygeln uppe vid koret st\u00e5r fel och hon beh\u00f6ver komma n\u00e4ra k\u00f6ren och solisterna. Det \u00e4r m\u00e5ndag kv\u00e4ll och dags f\u00f6r \u00e4nnu en repetition. Mycket m\u00e5ste putsas innan det \u00e4r dags f\u00f6r svenskt uruppf\u00f6rande av musikalen <em>Children of Eden<\/em> torsdagen den 22 november. Det blir som konsertant version.<\/p>\n<p>Lisa Tilling st\u00f6tte p\u00e5 <em>Children of Eden <\/em>f\u00f6r m\u00e5nga \u00e5r sedan och har vid ett par tillf\u00e4llen lyft fram n\u00e5gra l\u00e5tar ur musikalen. Solisten Ingela Svensson minns hur det var 1992, d\u00e5 hon just g\u00e5tt ut gymnasiet och Lisa Tilling genomf\u00f6rde ett projekt i Mj\u00f6lby.<\/p>\n<p>\u2013 Karin Glenmark var solist. Jag var med i projektk\u00f6ren men fick ocks\u00e5 sjunga solo \u2013 samma <em>Ain\u2019t it good<\/em> som du h\u00f6rde nyss.<\/p>\n<p>Det \u00e4r en l\u00e5t med stark k\u00e4nsla av rockig gospel, en av de m\u00e5nga musikgenrer som ryms i <em>Children of Eden<\/em>.<\/p>\n<p>\u2013 D\u00e4r finns alla genrer i den, lite of\u00f6ruts\u00e4gbart m\u00e4ktigt, menar Ingela Svensson. Musiken \u00e4r b\u00e5de h\u00e4ftig och stark.<\/p>\n<p><strong>Ingela Svensson blev \u00f6verraskad n\u00e4r Lisa Tilling \u00e5ter tog kontakt.<\/strong> F\u00f6r \u00e4ven om hon fortsatt att sjunga efter ungdomens gospel har hon helt bytt genre. Tillsammans med \u00f6vriga i krogshow-gruppen Almost famous turnerar \u00c5rets \u00f6stg\u00f6te i stora delar av Mellansverige.<\/p>\n<p>\u2013 Musikal \u00e4r inte min nisch. \u201dVad ska jag g\u00f6ra h\u00e4r bland de andra som sjunger s\u00e5 fint\u201d, t\u00e4nkte jag, ber\u00e4ttar Ingela Svensson. Jag antar att Lisa Tilling vill ha det r\u00e5a i min r\u00f6st och att hon vet vad hon vill.<\/p>\n<p>Ingela antog utmaningen, k\u00e4nslan av vilsenhet i musikalprojektet har lagt sig och hon samsas bra med H\u00e5kan Lindahl, som \u00e4r den av de \u00f6vriga solisterna som kallats in till kv\u00e4llens repetition. Hans behagliga baryton fyller l\u00e4tt kyrkovalven. Just nu tycks Gamla testamentets Gud fundera ut ett l\u00e4mpligt straff \u00e5t de olydiga m\u00e4nniskorna.<\/p>\n<p><strong>Strax bakom honom leder Anna Th\u00f6rnkvist k\u00f6rens r\u00f6relser. <\/strong>\u00c4ven om det \u00e4r konsert s\u00e5 har Lisa Tilling gett henne i uppdrag att arbeta fram gestaltning.<\/p>\n<p>\u2013 Det sv\u00e5raste \u00e4r att man m\u00e5ste t\u00e4nka p\u00e5 vad musiken s\u00e4ger, vad solisterna sjunger om. Det ska se bra ut och vara enkelt f\u00f6r alla i k\u00f6ren att l\u00e4ra sig. Och s\u00e5 ska man f\u00e5 plats, det \u00e4r tr\u00e5ngt, s\u00e4ger Anna Th\u00f6rnkvist.<\/p>\n<p><em>Text och foto: Ann-Charlotte Sandelin<\/em><\/p>\n<p>&nbsp;<\/p>\n<ul>\n<li>\n<h3>HEDVIGS KYRKA Norrk\u00f6ping<\/h3>\n<\/li>\n<li><em>22 \u2013 24 november 2012 kl 19<br \/>\n<\/em><strong>Children of Eden<br \/>\n<\/strong>Musik och libretto: Stephen Schwartz<br \/>\nManus: John Caird<br \/>\nSvensk konsertversion: Lisa Tilling<\/p>\n<ul>\n<li>SOLISTER<br \/>\nH\u00e5kan Lindahl, baryton<br \/>\nSebastian Roos, tenor<br \/>\nCecilia de la Motte, sopran<br \/>\nIngela Svensson, alt<\/li>\n<li>BER\u00c4TTARE<br \/>\nLisa Tilling<\/li>\n<li>K\u00d6R<br \/>\nThe Nostalgeeks med 30 extra s\u00e5ngare<br \/>\nK\u00f6rledare: Veronica Knutsson<\/li>\n<li>ORKESTER<br \/>\nKapellm\u00e4stare: Fredrik Ing\u00e5<br \/>\nDaniel Tilling, piano<br \/>\nPeter Malmberg, gitarr<br \/>\nNicklas Lindblom, bas<br \/>\nTobias Bergsten, trummor<br \/>\nEmeli Jeremias, cello<br \/>\nOla Halvarsson, tr\u00e4bl\u00e5s<\/li>\n<\/ul>\n<\/li>\n<li>Produktion: Lisa Tilling Performance AB<br \/>\nEntr\u00e9: 240 kr, f\u00f6rk\u00f6p eller vid kyrkan 1 timme innan konsert<\/li>\n<\/ul>\n<p>&nbsp;<\/p>\n<p>L\u00c4NKAR<br \/>\nLisa Tilling <a title=\"Lisa Tilling\" href=\"http:\/\/lisatilling.com\/\" target=\"_blank\">hemsida <\/a><\/p>\n<p>FLER BILDER FR\u00c5N REPETITIONEN \u2013 KLICKA<\/p>\n<p>[flickr-gallery mode=&#8221;photoset&#8221; photoset=&#8221;72157631993039302&#8243;]<\/p>\n<p>&nbsp;<\/p>\n","protected":false},"excerpt":{"rendered":"<p>NORRK\u00d6PING Om en dryg vecka har musikalen med Bibelns F\u00f6rsta Mosebok Sverigepremi\u00e4r \u2013 i konsertversion. K\u00f6ren, musiker och solisterna har n\u00e5gra intensiva pass framf\u00f6r sig d\u00e5 de slipar p\u00e5 detaljerna. <a class=\"continue-reading-link\" href=\"https:\/\/www.kultursidan.nu\/?p=8083\">L\u00e4s mer <span class=\"meta-nav\">&rarr; <\/span><\/a><\/p>\n","protected":false},"author":1001006,"featured_media":0,"comment_status":"closed","ping_status":"open","sticky":false,"template":"","format":"standard","meta":{"_jetpack_memberships_contains_paid_content":false,"footnotes":""},"categories":[7],"tags":[13,31],"class_list":["post-8083","post","type-post","status-publish","format-standard","hentry","category-norrkoping","tag-musik","tag-musikal"],"jetpack_featured_media_url":"","jetpack_sharing_enabled":true,"_links":{"self":[{"href":"https:\/\/www.kultursidan.nu\/index.php?rest_route=\/wp\/v2\/posts\/8083","targetHints":{"allow":["GET"]}}],"collection":[{"href":"https:\/\/www.kultursidan.nu\/index.php?rest_route=\/wp\/v2\/posts"}],"about":[{"href":"https:\/\/www.kultursidan.nu\/index.php?rest_route=\/wp\/v2\/types\/post"}],"author":[{"embeddable":true,"href":"https:\/\/www.kultursidan.nu\/index.php?rest_route=\/wp\/v2\/users\/1001006"}],"replies":[{"embeddable":true,"href":"https:\/\/www.kultursidan.nu\/index.php?rest_route=%2Fwp%2Fv2%2Fcomments&post=8083"}],"version-history":[{"count":0,"href":"https:\/\/www.kultursidan.nu\/index.php?rest_route=\/wp\/v2\/posts\/8083\/revisions"}],"wp:attachment":[{"href":"https:\/\/www.kultursidan.nu\/index.php?rest_route=%2Fwp%2Fv2%2Fmedia&parent=8083"}],"wp:term":[{"taxonomy":"category","embeddable":true,"href":"https:\/\/www.kultursidan.nu\/index.php?rest_route=%2Fwp%2Fv2%2Fcategories&post=8083"},{"taxonomy":"post_tag","embeddable":true,"href":"https:\/\/www.kultursidan.nu\/index.php?rest_route=%2Fwp%2Fv2%2Ftags&post=8083"}],"curies":[{"name":"wp","href":"https:\/\/api.w.org\/{rel}","templated":true}]}}