{"id":8138,"date":"2012-11-17T19:29:03","date_gmt":"2012-11-17T18:29:03","guid":{"rendered":"https:\/\/intelligent-friend-7861.standoutwp.com\/?p=8138"},"modified":"2012-11-28T17:19:38","modified_gmt":"2012-11-28T16:19:38","slug":"unika-smycken-ur-kaffesopor-pa-galleri-femman-reportage","status":"publish","type":"post","link":"https:\/\/www.kultursidan.nu\/?p=8138","title":{"rendered":"Unika smycken ur kaffesopor p\u00e5 Galleri Femman (reportage)"},"content":{"rendered":"<p>[flickr]http:\/\/www.flickr.com\/photos\/kultursidan\/8193779118\/[\/flickr]<\/p>\n<p><em>\u00c5ter-vinnare. Maria B\u00f6rjessons glittrande smycken \u00e4r gjorda av begagnade kaffekapsyler.<\/em><\/p>\n<p>&nbsp;<\/p>\n<h1><span style=\"color: #ff0000;\">\u00a0&#8221;Drick kaffe med m\u00e5tta&#8221;<em><br \/>\n<\/em><\/span><\/h1>\n<p>&nbsp;<\/p>\n<p><strong>\u2013 Lyxprodukter. Jag m\u00e5r ibland illa \u00f6ver att jag jobbar i en s\u00e5dan v\u00e4rld. <\/strong>Guldsmeden Maria B\u00f6rjesson arbetar mitt i sin konflikt men v\u00e4grar att ge upp. Med utst\u00e4llningen <em>Rethink \u2013 Rework \u2013 Reuse<\/em> pekar hon p\u00e5 andra v\u00e4gar att g\u00e5. Hon har gjort smycken f\u00f6r b\u00e5de kvinnor och m\u00e4n av f\u00e4rgglada kaffekapsyler i aluminium. Formatet \u00e4r givet \u2013 runt.<\/p>\n<p>Kapsylerna har hon f\u00e5tt av v\u00e4nner som sparat \u00e5t henne. Och f\u00f6retaget bakom de f\u00e4rggranna kapsylerna har sponsrat med en espressomaskin f\u00f6r att visa sin uppskattning, trots att de vet att hon tycker att deras produkt \u00e4r \u00f6verfl\u00f6dig.<\/p>\n<p><strong>Utst\u00e4llningen i lilla Galleri Femman p\u00e5 Skiljegatan i Norrk\u00f6ping invigdes p\u00e5 l\u00f6rdagen av Naturv\u00e5rdsverkets generaldirekt\u00f6r Maria \u00c5gren.<\/strong> Hon p\u00e5minde om hur vi \u00e5r 2010 producerade fyra miljoner ton avfall i Sverige, mer \u00e4n 400 kg per person, vilket placerar Sverige p\u00e5 sj\u00e4tte plats i sopornas Europa. Och eftersom vi k\u00f6per \u00e4nnu mera nya produkter s\u00e5 pekar avfallskurvorna \u00e4nd\u00e5 brantare upp\u00e5t.<\/p>\n<p>\u2013 I Sverige \u00e4r vi duktiga p\u00e5 att \u00e5tervinna och \u00e5teranv\u00e4nda v\u00e5rt avfall men inte p\u00e5 att f\u00f6rebygga s\u00e5 att det inte uppst\u00e5r, sade Maria \u00c5gren.<\/p>\n<p>Naturv\u00e5rdsverkets generaldirekt\u00f6r beskrev en \u00e5tervinningshierarki, d\u00e4r direkt \u00e5teranv\u00e4ndning \u00e4r det b\u00e4sta medan resurskr\u00e4vande bearbetning av sopmaterialet inte \u00e4r lika bra.<\/p>\n<p>\u2013 Du g\u00e5r in r\u00e4tt och h\u00f6gt i \u00e5tervinningshierarkin Maria, sade Maria \u00c5gren uppskattande till sin namne B\u00f6rjesson.<\/p>\n<p><strong>Maria B\u00f6rjesson \u00e4r Norrk\u00f6pings kanske mest hyllade guldsmed med utm\u00e4rkelser och offentliga uppdrag. <\/strong>Varf\u00f6r arbetar du med en s\u00e5dan lyxprodukt som smycken n\u00e4r du \u00e4r s\u00e5 milj\u00f6medveten?<\/p>\n<p>\u2013 I den h\u00e4r utst\u00e4llningen kan kaffekapslarna f\u00e5 ett liv till, det tycker jag \u00e4r roligt, svarar Maria B\u00f6rjesson. De blir unika smycken, inte massproducerade slit- och sl\u00e4nggrejor.<\/p>\n<p>Med utst\u00e4llningen vill hon bland annat visa hur konstn\u00e4rlig kreativitet kan hj\u00e4lpa till att bryta sl\u00f6seriets onda cirklar<strong>.<\/strong> Och uppmanade kommunens representanter p\u00e5 plats att f\u00e5 till ett samarbete f\u00f6r kommunen, f\u00f6retagen och konstn\u00e4rerna.<\/p>\n<p><strong>Maria B\u00f6rjesson har allts\u00e5 valt att \u00e5teranv\u00e4nda kapsylerna utan att sm\u00e4lta om dem.<\/strong> Reng\u00f6ring och att bulta dem platta har r\u00e4ckt, minsta m\u00f6jliga resurs\u00e5tg\u00e5ng.<\/p>\n<p>\u2013 Jag \u00e4r totalt aluminiumfreak, erk\u00e4nner Maria B\u00f6rjesson och forts\u00e4tter: Men jag \u00e4r totalt vansinnigt emot espressokapslar. De vet att jag tycker deras produkt \u00e4r \u00f6verfl\u00f6dig, men att jag gillar recyclingt\u00e4nket de har.<\/p>\n<p>\u2013 Drick kaffe med m\u00e5tta!<\/p>\n<p><em>Text och foto: Ann-Charlotte Sandelin<\/em><\/p>\n<p>&nbsp;<\/p>\n<ul>\n<li>\n<h3>GALLERI FEMMAN Norrk\u00f6ping<\/h3>\n<\/li>\n<li><em>17 \u2013 25 november 2012<\/em><br \/>\n<strong>Rethink \u2013 Rework \u2013 Reuse<\/strong><br \/>\nMaria B\u00f6rjesson<\/li>\n<\/ul>\n<p>&nbsp;<\/p>\n<p>L\u00c4NKAR<br \/>\nMaria B\u00f6rjesson <a title=\"Maria B\u00f6rjesson\" href=\"http:\/\/www.mariaborjesson.nu \" target=\"_blank\">hemsida <\/a><br \/>\nGalleri Femman <a title=\"Galleri Femman\" href=\"http:\/\/www.gallerifemman.se\" target=\"_blank\">hemsida <\/a><\/p>\n<p>FLER BILDER FR\u00c5N UTST\u00c4LLNINGEN \u2013 KLICKA<\/p>\n<p>[flickr-gallery mode=&#8221;photoset&#8221; photoset=&#8221;72157632033705558&#8243;]<\/p>\n<p>&nbsp;<\/p>\n","protected":false},"excerpt":{"rendered":"<p>NORRK\u00d6PING Guldsmeden Maria B\u00f6rjesson ger begagnade kaffekapsyler ett nytt liv som smycken i glittrande kul\u00f6rer. Naturv\u00e5rdsverkets GD Maria \u00c5gren som invigde lovordade tankeg\u00e5ngarna i utst\u00e4llningen Rethink \u2013 Rework \u2013 Reuse. <a class=\"continue-reading-link\" href=\"https:\/\/www.kultursidan.nu\/?p=8138\">L\u00e4s mer <span class=\"meta-nav\">&rarr; <\/span><\/a><\/p>\n","protected":false},"author":1001006,"featured_media":0,"comment_status":"closed","ping_status":"open","sticky":false,"template":"","format":"standard","meta":{"_jetpack_memberships_contains_paid_content":false,"footnotes":""},"categories":[7],"tags":[61,14,47],"class_list":["post-8138","post","type-post","status-publish","format-standard","hentry","category-norrkoping","tag-hantverk","tag-konst","tag-utstallning"],"jetpack_featured_media_url":"","jetpack_sharing_enabled":true,"_links":{"self":[{"href":"https:\/\/www.kultursidan.nu\/index.php?rest_route=\/wp\/v2\/posts\/8138","targetHints":{"allow":["GET"]}}],"collection":[{"href":"https:\/\/www.kultursidan.nu\/index.php?rest_route=\/wp\/v2\/posts"}],"about":[{"href":"https:\/\/www.kultursidan.nu\/index.php?rest_route=\/wp\/v2\/types\/post"}],"author":[{"embeddable":true,"href":"https:\/\/www.kultursidan.nu\/index.php?rest_route=\/wp\/v2\/users\/1001006"}],"replies":[{"embeddable":true,"href":"https:\/\/www.kultursidan.nu\/index.php?rest_route=%2Fwp%2Fv2%2Fcomments&post=8138"}],"version-history":[{"count":0,"href":"https:\/\/www.kultursidan.nu\/index.php?rest_route=\/wp\/v2\/posts\/8138\/revisions"}],"wp:attachment":[{"href":"https:\/\/www.kultursidan.nu\/index.php?rest_route=%2Fwp%2Fv2%2Fmedia&parent=8138"}],"wp:term":[{"taxonomy":"category","embeddable":true,"href":"https:\/\/www.kultursidan.nu\/index.php?rest_route=%2Fwp%2Fv2%2Fcategories&post=8138"},{"taxonomy":"post_tag","embeddable":true,"href":"https:\/\/www.kultursidan.nu\/index.php?rest_route=%2Fwp%2Fv2%2Ftags&post=8138"}],"curies":[{"name":"wp","href":"https:\/\/api.w.org\/{rel}","templated":true}]}}