{"id":8233,"date":"2012-11-23T20:24:42","date_gmt":"2012-11-23T19:24:42","guid":{"rendered":"https:\/\/intelligent-friend-7861.standoutwp.com\/?p=8233"},"modified":"2012-12-03T19:04:56","modified_gmt":"2012-12-03T18:04:56","slug":"inre-och-yttre-bilder-mottes-pa-antikvariatet-och-popsi-reportage","status":"publish","type":"post","link":"https:\/\/www.kultursidan.nu\/?p=8233","title":{"rendered":"Inre och yttre bilder m\u00f6ttes p\u00e5 Antikvariatet och Popsi (reportage)"},"content":{"rendered":"<p>[flickr]http:\/\/www.flickr.com\/photos\/kultursidan\/8210956527\/[\/flickr]<\/p>\n<p><em>Gestalter eller mellanrum. Tone Linghult kallar sin utst\u00e4llning N\u00e4tverk.<\/em><\/p>\n<h1><\/h1>\n<h1><span style=\"color: #ff0000;\">Skapandets villkor p\u00e5 1800-talet och i dag<\/span><\/h1>\n<p>&nbsp;<\/p>\n<p><strong>1800-talsf\u00f6rfattaren Aurore Ljungstedt tillh\u00f6rde de priviligierades klass \u2013 \u00e4nd\u00e5 g\u00f6mde hon sig bakom ett annat namn.<\/strong> Det passade sig inte f\u00f6r en kvinna att skriva f\u00f6r offentligheten. I sina popul\u00e4ra b\u00f6cker satte Ljungstedt ljus p\u00e5 sin tids problem som r\u00f6rde s\u00e5v\u00e4l k\u00f6n som klass som normer. Och g\u00f6mde det i underh\u00e5llningslitteratur, g\u00e4rna skr\u00e4ckromantik.<\/p>\n<p><strong>2000-talskillarna i filmkollektivet ETK Media lever i en tid n\u00e4r ungdomar har full frihet att g\u00f6ra sina egna val.<\/strong> De \u00e4r nu 20 \u00e5r och ett \u00e5r efter att de g\u00e5tt ut Film- och musikgymnasiet i Norrk\u00f6ping lever de sin dr\u00f6m \u2013 att leva p\u00e5 att g\u00f6ra film \u2013 \u00e4ven om det \u00e4r l\u00e5ngt kvar till dess att dr\u00f6mmen om l\u00e5ngfilmen kan bli verklighet.<\/p>\n<p>N\u00e4stan j\u00e4mngamla Tone Linghult har haft sin f\u00f6rsta konstutst\u00e4llning och m\u00f6tt en publik som sett och uppskattat hennes verk i metalln\u00e4t. Sj\u00e4lv jobbar hon i butik med inriktning p\u00e5 bilder.<\/p>\n<p><strong>P\u00e5 Antikvariatet och i n\u00e4rliggande kulturbutiken Popsi genomf\u00f6rdes ett kulturm\u00f6te p\u00e5 torsdagskv\u00e4llen.<\/strong> F\u00f6rst h\u00f6gl\u00e4sning av 1800-talsnovellen <em>H\u00e4mnden<\/em> av Claude Gerard, allts\u00e5 pseudonym f\u00f6r Aurore Ljungstedt. I novellen m\u00f6ter man den unga nygifta Isabella som blir f\u00f6r\u00e4lskad i en sp\u00e4nnande man.<\/p>\n<p>Novellen, som lyfter fr\u00e5gor om klasskillnader och dubbelmoral, \u00e4r skriven p\u00e5 ett spr\u00e5k som fl\u00f6dar \u00f6ver av repliker och beskrivningar och g\u00f6r att den som l\u00e4ser eller lyssnar ser b\u00e5de h\u00e4ndelser och milj\u00f6er framf\u00f6r sig.<\/p>\n<p><strong>ETK Media visade filmen <em>JagEt<\/em> som tidigare i h\u00f6stas vann den svenska delt\u00e4vlingen i skandinaviska Videomarathon.<\/strong> En man som d\u00f6mts till samh\u00e4llstj\u00e4nst, m\u00f6ter sitt n\u00e5got yngre och tuffare jag. Trots sin korta l\u00e4ngd, 4 minuter, f\u00f6rflyttar filmen \u00e5sk\u00e5daren till en egen v\u00e4rld, i en annan m\u00e4nniskas inre.<\/p>\n<p>Sp\u00e4nnande var det att ta del av kollektivmedlemmarnas ber\u00e4ttelse om 48 intensiva t\u00e4vlingstimmar.<br \/>\n\u2013 N\u00e4r vi skrev manus ritade vi upp varje bild, ber\u00e4ttade fotografen Simon \u00d6ster.<\/p>\n<p>Dessutom gav han tillsammans med regiss\u00f6ren Carl Loman publiken en intressant inblick i hur de arbetar i sitt f\u00f6retag.<\/p>\n<p><strong>I pausen tog bes\u00f6karna tillf\u00e4llet i akt att se Tone Linghults utst\u00e4llning <em>N\u00e4tverk<\/em> p\u00e5 Popsi.<\/strong> Tone Linghult g\u00f6r bilder genom att skickligt forma myggn\u00e4t s\u00e5 att de tar gestalt. Eller g\u00f6r de verkligen det? Mest best\u00e5r de ju av mellanrummen mellan tr\u00e5darna.<\/p>\n<p><em>Text: Ann-Charlotte Sandelin<br \/>\nFoto: Eva Moberg, ETK Media, Veckotidningen Idun och Ann-Charlotte Sandelin<\/em><\/p>\n<p>&nbsp;<\/p>\n<p>L\u00c4NKAR<br \/>\nAntikvariatet <a title=\"Antikvariatet\" href=\"http:\/\/www.antikvariatet.net\/\" target=\"_blank\">hemsida<\/a><br \/>\nETK Media <a title=\"ETk media\" href=\"http:\/\/etkmedia.se\" target=\"_blank\">hemsida<\/a><br \/>\nETK media <a title=\"ETk media\" href=\"https:\/\/www.facebook.com\/ETKMedia?fref=ts\" target=\"_blank\">Facebook <\/a><br \/>\nPopsi <a title=\"Popsi\" href=\"https:\/\/www.facebook.com\/pages\/Popsi\/112062365530787\" target=\"_blank\">Facebook <\/a><br \/>\nAurore Ljungstedt \/ Claude G\u00e9rard <a title=\"Projekt Runeberg\" href=\"http:\/\/runeberg.org\/authors\/ljungaur.html\" target=\"_blank\">Projekt Runeberg<\/a><br \/>\nETK Media <a title=\"ETK Media vann Videomarathon p\u00e5 Straff (reportage)\" href=\"https:\/\/www.kultursidan.nu\/?p=7274\" target=\"_blank\">reportage<\/a> Kultursidan.nu 17\/9 2012<br \/>\nEn kv\u00e4ll om Straff p\u00e5 Antikvariatet <a title=\"En kv\u00e4ll om Straff p\u00e5 Antikvariatet (reportage)\" href=\"https:\/\/www.kultursidan.nu\/?p=8120\" target=\"_blank\">reportage<\/a> Kultursidan.nu 16\/11 2012<\/p>\n<p>&nbsp;<\/p>\n<p>FLER BILDER FR\u00c5N STRAFF \u2013 KLICKA<\/p>\n<p>[flickr-gallery mode=&#8221;photoset&#8221; photoset=&#8221;72157632079495165&#8243;]<\/p>\n<p>&nbsp;<\/p>\n","protected":false},"excerpt":{"rendered":"<p>NORRK\u00d6PING 1800-talsf\u00f6rfattarinnan Aurore Ljungstedt skrev s\u00e5 att l\u00e4saren s\u00e5g varje detalj framf\u00f6r sig, som p\u00e5 film. Filmkollektivet ETK Media ber\u00e4ttar med r\u00f6rliga bilder om en m\u00e4nniskas inre. Tone Linghults gestalter b\u00e5de finns och inte finns. Kultursidan.nu ordnade ett m\u00f6te \u00f6ver tiden och kulturgenrerna. <a class=\"continue-reading-link\" href=\"https:\/\/www.kultursidan.nu\/?p=8233\">L\u00e4s mer <span class=\"meta-nav\">&rarr; <\/span><\/a><\/p>\n","protected":false},"author":1001006,"featured_media":0,"comment_status":"closed","ping_status":"open","sticky":false,"template":"","format":"standard","meta":{"_jetpack_memberships_contains_paid_content":false,"footnotes":""},"categories":[7],"tags":[57,38,14,16],"class_list":["post-8233","post","type-post","status-publish","format-standard","hentry","category-norrkoping","tag-berattande","tag-film","tag-konst","tag-litteratur"],"jetpack_featured_media_url":"","jetpack_sharing_enabled":true,"_links":{"self":[{"href":"https:\/\/www.kultursidan.nu\/index.php?rest_route=\/wp\/v2\/posts\/8233","targetHints":{"allow":["GET"]}}],"collection":[{"href":"https:\/\/www.kultursidan.nu\/index.php?rest_route=\/wp\/v2\/posts"}],"about":[{"href":"https:\/\/www.kultursidan.nu\/index.php?rest_route=\/wp\/v2\/types\/post"}],"author":[{"embeddable":true,"href":"https:\/\/www.kultursidan.nu\/index.php?rest_route=\/wp\/v2\/users\/1001006"}],"replies":[{"embeddable":true,"href":"https:\/\/www.kultursidan.nu\/index.php?rest_route=%2Fwp%2Fv2%2Fcomments&post=8233"}],"version-history":[{"count":0,"href":"https:\/\/www.kultursidan.nu\/index.php?rest_route=\/wp\/v2\/posts\/8233\/revisions"}],"wp:attachment":[{"href":"https:\/\/www.kultursidan.nu\/index.php?rest_route=%2Fwp%2Fv2%2Fmedia&parent=8233"}],"wp:term":[{"taxonomy":"category","embeddable":true,"href":"https:\/\/www.kultursidan.nu\/index.php?rest_route=%2Fwp%2Fv2%2Fcategories&post=8233"},{"taxonomy":"post_tag","embeddable":true,"href":"https:\/\/www.kultursidan.nu\/index.php?rest_route=%2Fwp%2Fv2%2Ftags&post=8233"}],"curies":[{"name":"wp","href":"https:\/\/api.w.org\/{rel}","templated":true}]}}