{"id":8269,"date":"2012-11-27T19:38:36","date_gmt":"2012-11-27T18:38:36","guid":{"rendered":"https:\/\/intelligent-friend-7861.standoutwp.com\/?p=8269"},"modified":"2012-12-07T14:13:01","modified_gmt":"2012-12-07T13:13:01","slug":"arets-sex-eastwoodfilmer-imponerar-reportage","status":"publish","type":"post","link":"https:\/\/www.kultursidan.nu\/?p=8269","title":{"rendered":"\u00c5rets sex Eastwoodfilmer imponerar (reportage)"},"content":{"rendered":"<p>[flickr]http:\/\/www.flickr.com\/photos\/kultursidan\/8223327461\/[\/flickr]<\/p>\n<p><em>Filmskapare. F\u00f6r f\u00f6rsta g\u00e5ngen kunde deltagarna i de olika Eastwoodprojekten se varandras filmer. <\/em><\/p>\n<h1><\/h1>\n<h1><span style=\"color: #ff0000;\">Unga. Duktiga. Och filmskapare.<\/span><\/h1>\n<p>&nbsp;<\/p>\n<p><strong>Fem av sex kortfilmer inom \u00e5rets Eastwoodprojekt \u00e4r klara. P\u00e5 fredag har alla premi\u00e4r. <\/strong>Eastwood \u00e4r namnet p\u00e5 ett talangutvecklingsprojekt f\u00f6r lovande filmare i regionen och \u00e5rets projekt genomf\u00f6rs f\u00f6r fj\u00e4rde \u00e5ret i rad.<\/p>\n<p>Filmskaparna \u00e4r unga. M\u00e5nga har tagit ledigt fr\u00e5n skolan f\u00f6r att n\u00e4rvara vid tisdagens visning som b\u00e5de \u00e4r f\u00f6r lokala media men ocks\u00e5 f\u00f6r att de ska f\u00e5 se varandras filmer. De sex kortfilmerna sp\u00e4nner \u00f6ver komedi, vardagsrealism och experimentell skr\u00e4ckfilm. S\u00e5 m\u00e5nga filmer har aldrig f\u00f6rut gjorts i projektet, som i sig rymmer flera olika delprojekt.<\/p>\n<p>\u2013 Jag \u00e4r riktigt imponerad, sade Sebastian Sas fr\u00e5n Film i \u00f6st som st\u00e5r bakom Eastwood med Regionf\u00f6rbundet \u00d6stsam som ekonomisk st\u00f6ttepelare.<\/p>\n<p><strong>Jag f\u00f6rst\u00e5r vad han menar.<\/strong> Filmerna, som har tagit allt fr\u00e5n ett par dagar att g\u00f6ra till m\u00e5nader, visar ungdomlig vitalitet, starka k\u00e4nslosamma \u00f6gonblick, djupa funderingar och insikt i livets br\u00e4cklighet. Kvalit\u00e9n \u00e4r h\u00f6g och vittnar om det st\u00f6d filmskaparna f\u00e5r i projektet.<\/p>\n<p>\u2013 Vi f\u00f6rs\u00f6ker se till att \u00e5tg\u00e4rda brister. M\u00e4rker vi att kvalit\u00e9n generellt sett \u00e4r bristf\u00e4llig p\u00e5 n\u00e5got omr\u00e5de skaffar vi fram resurser som deltagarna i projektet f\u00e5r ta del av, s\u00e4ger Boel Zetterman, som \u00e4r projektledare och den som utvecklat Eastwood fr\u00e5n ett projekt till dagens varierade uppl\u00e4gg.<\/p>\n<p><strong>Hon ber\u00e4ttar ocks\u00e5 att de tekniskt sett st\u00e5r mitt i en revolution, vilket g\u00f6r att det nu \u00e4r l\u00e4ttare att g\u00f6ra film. <\/strong>I b\u00f6rjan av utvecklingen var det sv\u00e5rt att f\u00e5 de olika tekniska bitarna att samarbeta. Nu \u00e4r det mycket l\u00e4ttare. Och att det just \u00e4r den tekniska utvecklingen som har p\u00e5verkat ungdomars intresse av att g\u00f6ra egen film ber\u00e4ttar koordinatorn Lina Ste\u00e9n mer om:<\/p>\n<p>\u2013 I dag har m\u00e5nga r\u00e5d att k\u00f6pa en egen kamerautrustning. En kamera som h\u00e5ller tillr\u00e4ckligt h\u00f6g standard kostar ungef\u00e4r 10.000 kronor, s\u00e4ger Lina Ste\u00e9n som sj\u00e4lv deltog i Eastwood f\u00f6r n\u00e5gra \u00e5r sedan.<\/p>\n<p><strong>De flesta av filmskaparna b\u00f6rjade intressera sig f\u00f6r egen film i tio\u00e5rs\u00e5ldern men f\u00f6r n\u00e5gra tog intresset riktig fart f\u00f6rst efter sommarens l\u00e4ger f\u00f6r \u201dEastwood Girls\u201d i somras. <\/strong>Arton filmintresserade tjejer inkvarterades p\u00e5 Stocklycke varndrarhem vid Omberg i fem dagar f\u00f6r att l\u00e4ra sig mer om filmproduktion av Boel Zetterman och Lina Ste\u00e9n.<\/p>\n<p>Efter tre dagars manusarbete och planering spelades under de tv\u00e5 sista dagarna tre korta ber\u00e4ttelser in; <em>Hemligheten, V\u00e4nner och Uppvaknandet.<\/em> Sommarens filmande gav mersmak, i dag har h\u00e4lften av tjejerna i \u201dEastwood Girls\u201d fortsatt sitt samarbete i ett eget produktionsbolag.<\/p>\n<p><strong>Jag t\u00e4nker att Eastwoods syfte att inspirera ungdomarna till att v\u00e5ga utveckla sina id\u00e9er har lyckats<\/strong>. N\u00e4r jag fr\u00e5gar gruppen av filmskapare om de nu har nya projekt p\u00e5 g\u00e5ng svarar de med en mun:<br \/>\n\u2013 Ja, det har vi!<\/p>\n<p>Visst b\u00e5dar det gott och jag tycker att det ska bli sp\u00e4nnande att f\u00e5 se de nya produktionerna i framtiden.<\/p>\n<p><em>Text: Carina Johansson<br \/>\nFoto: Ann-Charlotte Sandelin<br \/>\nKORT PRESENTATION och OMD\u00d6ME om filmerna efter bilderna. Sist produktionsuppgifter.<\/em><\/p>\n<p>&nbsp;<\/p>\n<ul>\n<li>\n<h3>CNEMA Norrk\u00f6ping<\/h3>\n<\/li>\n<li><em>Fredag 30 november 2012 kl 20.30<br \/>\n1\u20132 december kl 16.15<\/em><br \/>\n<strong>\u00c5rets Eastwoodfilmer<\/strong><\/p>\n<ul>\n<li>Beskedet<br \/>\nF\u00f6rsta strulet<br \/>\nSolen sken den dagen<br \/>\nSpegelv\u00e4rld<br \/>\nSprickan<br \/>\nTre filmer i en: Hemligheten, V\u00e4nner, Uppvaknandet<\/li>\n<li><\/li>\n<\/ul>\n<\/li>\n<\/ul>\n<p>L\u00c4NKAR<br \/>\nCnema <a title=\"Cnema\" href=\"http:\/\/www.cnema.se\" target=\"_blank\">hemsida <\/a><br \/>\nEastwood <a title=\"Eastwood\" href=\"http:\/\/www.visualiseringscenter.se\/eastwood\/sv\/\" target=\"_blank\">hemsida<\/a><br \/>\nFilm i \u00f6st <a title=\"Film i \u00f6st\" href=\"http:\/\/www.visualiseringscenter.se\/film-i-ost\/sv\/\" target=\"_blank\">hemsida<\/a><\/p>\n<p>BILDER FR\u00c5N FILMERNA \u2013 KLICKA<\/p>\n<p>[flickr-gallery mode=&#8221;photoset&#8221; photoset=&#8221;72157632115572072&#8243;]<\/p>\n<h2><span style=\"color: #ff0000;\">Eastwoodfilmerna 2012<\/span><\/h2>\n<p><strong>Beskedet <\/strong><em>8 min<\/em><br \/>\nI filmen <em>Beskedet<\/em> anv\u00e4nds humorn f\u00f6r att visa det br\u00e4ckliga i tillvaron. Temat, om mannen som tror sig vara d\u00f6ende men f\u00e5r reda p\u00e5 att han inte alls ska kila runt knuten och strax d\u00e4rp\u00e5 r\u00e5kar ut f\u00f6r en olycka, k\u00e4nner jag igen. H\u00e4r har h\u00e4ndelserna skruvats genom humor. Slutscenen visar precis det vi vet ska h\u00e4nda. \u00c4nd\u00e5 \u00e4r det kul.<\/p>\n<p><strong>F\u00f6rsta strulet<\/strong> <em>12 min<\/em><br \/>\nElias l\u00e4ngtar efter att f\u00e5 kyssa n\u00e5gon f\u00f6r f\u00f6rsta g\u00e5ngen. Allt \u00e4r som upplagt f\u00f6r att han ska f\u00e5 h\u00e5ngla med sitt span Frida J\u00f6nsson n\u00e4r kv\u00e4llen pl\u00f6tsligt tar en ov\u00e4ntad v\u00e4ndning. (Filmen var inte klar och kunde inte visas vid pressvisningen)<\/p>\n<p><strong>Solen sken den dagen <\/strong><em>22 min<\/em><br \/>\nI <em>Solen sken den dagen<\/em> f\u00e5r huvudpersonen uppleva starka och omv\u00e4lvande h\u00e4ndelser under en enda dag. Han m\u00e5ste ta st\u00e4llning till de ov\u00e4ntade turerna. Huvudpersonen speglar b\u00e5de det \u00f6mma, ansvartagande och bristen p\u00e5 st\u00e4llningstagande som kommer av att man inte hinner med. Och s\u00e5 ilskan&#8230; n\u00e4r man blir sviken och utg\u00e5ngsl\u00e4get blir som i b\u00f6rjan men \u00e4nd\u00e5 helt annorlunda. H\u00e4r \u00e4r b\u00e5de regi och manus starkt.<\/p>\n<p><strong>Spegelv\u00e4rld <\/strong><em>5 min<br \/>\nSpegelv\u00e4rld <\/em>visar upp ett visst surrealistiskt inslag. En hotellst\u00e4derska hittar en docka i ett badkar. Dockan visar sig b\u00e5de leva och f\u00f6rvandlas till en nallebj\u00f6rn. St\u00e4derskan f\u00e5r n\u00e5gon att \u00e4lska och d\u00e5 dockan kommer p\u00e5 avv\u00e4gar letar hon reda p\u00e5 henne. H\u00e4r \u00e4r det mest gl\u00e4djen \u00f6ver att g\u00f6ra film jag k\u00e4nner f\u00f6rmedlas fr\u00e5n bioduken. N\u00e5gra djupa logiska tolkningar kanske inte heller ska g\u00f6ras. Filmen \u00e4r v\u00e4lgjord och visar den niv\u00e5 som dessa unga filmskapare h\u00e5ller.<\/p>\n<p><strong>Sprickan<\/strong><em> 12 min<\/em><br \/>\nStina von Sydow spelar en kvinna som l\u00e5st d\u00f6rren till sin d\u00f6de sons rum. P\u00e5 v\u00e4g hem fr\u00e5n aff\u00e4ren st\u00f6ter hon p\u00e5 en pojke som spelas av Isak Monka. M\u00f6tet g\u00f6r att kvinnan i dubbel bem\u00e4rkelse l\u00e5ser upp d\u00f6rren till sin d\u00f6de pojkes rum. Sk\u00e5despeleriet \u00e4r sj\u00e4lvklart bra med Stina von Sydow i den ena huvudrollen men \u00e4ven Isak Monka g\u00f6r en stark insats. Manuset \u00e4r v\u00e4lskrivet. Resan fr\u00e5n krampaktig sorg till ett varmt m\u00f6te mellan tv\u00e5 m\u00e4nniskor tycks inneh\u00e5lla b\u00e5de sj\u00e4lvklarheter och ov\u00e4ntade sv\u00e5righeter, precis som i livet.<\/p>\n<p><strong>Tre filmer i en: Hemligheten, V\u00e4nner och Uppvaknandet <\/strong><em>11 min<strong> <\/strong><\/em><br \/>\nPlatsen i filmerna \u00e4r densamma, likas\u00e5 sk\u00e5despelarna men ber\u00e4ttelserna \u00e4r helt olika. Teman om \u00e4rlighet, gl\u00e4dje, homosexualitet och d\u00f6d tas upp i historierna. Som \u00e5sk\u00e5dare f\u00e5r man en stark &#8221;pang p\u00e5 r\u00f6dbetan&#8221;-k\u00e4nsla. Filmerna \u00e4r v\u00e4ldigt korta. \u00c4nd\u00e5 ber\u00f6r de. S\u00e4rsklit <em>V\u00e4nner<\/em> med sin mix av b\u00e5de sk\u00f6r manlig homosexuell f\u00f6r\u00e4lskelse och aggressivitet, en aggressivitet som kan tolkas ha n\u00e5got med oklarhet och \u00f6verraskning \u00f6ver egna k\u00e4nslor att g\u00f6ra. D\u00f6den i <em>Uppvaknandet<\/em> leder automatiskt tankarna till Bergman.<\/p>\n<p><em>Text: Carina Johansson<\/em><\/p>\n<p>FLER BILDER P\u00c5 \u00c5RETS FILMSKAPARE \u2013 KLICKA<\/p>\n<p>[flickr-gallery mode=&#8221;photoset&#8221; photoset=&#8221;72157632115660730&#8243;]<\/p>\n<p>&nbsp;<\/p>\n<h3><span style=\"color: #ff0000;\">PRODUKTIONSUPPGIFTER<\/span><\/h3>\n<p>&nbsp;<\/p>\n<ul>\n<li>\n<h3><strong>Beskedet <\/strong><em>8 min<\/em><\/h3>\n<\/li>\n<li>Manus och Regi: Daniel Eklund<br \/>\nFoto: Lina Ste\u00e9n<br \/>\nLjud: Pontus Skagersten<br \/>\nSkripta: Jonathan Andersson<br \/>\nInspelningsassistent: Siri Zetterman<\/p>\n<ul>\n<li>I ROLLERNA<br \/>\nKrille \u2013 Simon Mortensen<br \/>\nDamen \u2013 Nettan Lekstr\u00f6m<br \/>\nSjuksystern \u2013 Sofia St\u00e5lhammar<br \/>\nL\u00e4karen \u2013 Adam Tillberg<br \/>\nMannen \u2013 Tarmo Hietala<br \/>\nButiksbitr\u00e4det \u2013 Emma Johansson<\/li>\n<li><\/li>\n<\/ul>\n<\/li>\n<li>\n<h3><strong>F\u00f6rsta strulet<\/strong> <em>12 min <\/em><\/h3>\n<\/li>\n<li>Manus och Regi: Johan Rosell<br \/>\nFoto: Hannes Krantz<br \/>\nProducent: Robert Melo<br \/>\nLjud, Ljudl\u00e4ggare och Ljudmixare: Alexander Alasj\u00f6<br \/>\nProduktionsassistent och Loggare: Dennis Kullberg<br \/>\nKostym: Matilda Klang<br \/>\nStatistansvarig: Petra Juhlin<\/p>\n<ul>\n<li>I ROLLERNA<br \/>\nFola \u2013 Daniel Ristorp<br \/>\nNicke \u2013 Pontus Hansson<br \/>\nJulia \u2013 Linda K\u00e4llberg<br \/>\nTobbe \u2013 Zachareias Lindberg<br \/>\nElias \u2013 Simon Karlsson<br \/>\nAnna \u2013 Paulina Stenvall<br \/>\nAnton \u2013 Oliver<br \/>\nLisa \u2013 Victoria M\u00f6schl<br \/>\nFrida \u2013 Ebba Palm\u00e9r<br \/>\nLill-pelle \u2013 Otto Karl\u00e9n<br \/>\nsamt statister<\/li>\n<li><\/li>\n<\/ul>\n<\/li>\n<li>\n<h3><strong>Solen sken den dagen <\/strong><em>22 min<\/em><\/h3>\n<\/li>\n<li>Regi och Klippning: Fanny Ovesen<br \/>\nFoto och Ljus: Tim Karmskog<br \/>\nManus och inspelningsassistent: Mathilda von Schantz<br \/>\nProducent och Inspelningsledare: Dennis Kullberg<br \/>\nElektriker och B-foto: Emil Nilsson<br \/>\nInspelningsljud: Malin Vikberg<br \/>\nScripta: Varij Ekelund<br \/>\nScenograf och B-foto\/Stillbildsfoto: Philip Zanderholm<br \/>\nLjudl\u00e4ggare och Ljudmix: August Linderson<\/p>\n<ul>\n<li>I ROLLERNA<br \/>\nAlex \u2013 David Karlsson<br \/>\nIda \u2013 Natalie Sundelin<br \/>\nKlara \u2013 Fanny Ovesen<br \/>\nMariette \u2013 Ylva Stenstr\u00f6m<br \/>\nSiw \u2013 Sussanne Egge<br \/>\nsamt statister<\/li>\n<li><\/li>\n<\/ul>\n<\/li>\n<li>\n<h3><strong>Spegelv\u00e4rld <\/strong><em>5 min<\/em><\/h3>\n<\/li>\n<li>Manus: Anna Nygren<br \/>\nRegi: Paulina Stenvall<br \/>\nFoto: Katarina Grahn och Thea Dahlqvist<br \/>\nLjud: Martina Petersson<br \/>\nLjudl\u00e4ggning: Miriam Goldkuhl, Thea Dahlqvist och Paulina Stenvall<br \/>\nRedigering: Paulina Stenvall<br \/>\nMusik: Katarina Grahn<br \/>\nProducent: Paulina Stenvall och Thea Dahlqvist<\/p>\n<ul>\n<ul>\n<li>I ROLLERNA<br \/>\nSt\u00e4dare 1 \u2013 Miriam Goldkuhl<br \/>\nSt\u00e4dare 2 \u2013 Gabriella Unnerb\u00e4rck<br \/>\nReceptionist \u2013 Martina Petersson<\/li>\n<\/ul>\n<li><\/li>\n<\/ul>\n<\/li>\n<li>\n<h3><strong>Sprickan<\/strong><em> 12 min<\/em><\/h3>\n<\/li>\n<li>Manus och regi: Vida Roslund<br \/>\nFoto: Simon Mortensen<br \/>\nScripta, rekvisit\u00f6r, kostym: Ditte Roslund<br \/>\nLjudtekniker: Filip Lindau<br \/>\nSmink, kostym: Hannah B\u00e4ckman<br \/>\nLjustekniker: Johan Dahlskog<br \/>\nInspelningsledare: Ylva Stenstr\u00f6m<\/p>\n<ul>\n<li>I ROLLERNA<br \/>\nLiam \u2013 Isak Monka<br \/>\nVera \u2013 Stina von Sydow<\/li>\n<li><\/li>\n<\/ul>\n<\/li>\n<li>\n<h3><strong>Tre filmer i en: Hemligheten, V\u00e4nner och Uppvaknandet <\/strong><em>11 min<\/em><\/h3>\n<\/li>\n<li>(Eastwood Girls)\n<ul>\n<li>I ROLLERNA<br \/>\nCarl Adam Tillberg<br \/>\nMattias Titus Paar<br \/>\nKateriny Zapata (Hemligheten)<br \/>\nsamt statister<\/li>\n<\/ul>\n<\/li>\n<li>\n<h4><strong>Hemligheten<\/strong><\/h4>\n<\/li>\n<li>Manus: Ditte Roslund, Vanessa Wikstr\u00f6m, Anna Thoss, Miriam Goldkuhl Foto och Scripta: Ditte Roslund<br \/>\nRegi: Miriam Goldkuhl<br \/>\nLjud och Scripta: Anna Thoss<br \/>\nFoto och Ljud: Vanessa Wikstr\u00f6m<br \/>\nRedigering: Miriam Goldkuhl och Ditte Roslund<\/li>\n<li>\n<h4><strong>V\u00e4nner<\/strong><\/h4>\n<\/li>\n<li>Manus och Redigering: Fanny Ovesen, Anna Nygren, Sofia Rodin, Hanna Carlsson, Katarina Grahn<br \/>\nRegi: Fanny Ovesen<br \/>\nFoto: Sofia Rohdin<br \/>\nLjud: Katarina Grahn<br \/>\nInspelningsledare: Anna Nygren<br \/>\nScripta: Hanna Carlsson<\/li>\n<li>\n<h4><strong>Uppvaknandet<br \/>\n<\/strong><\/h4>\n<\/li>\n<li>Manus: Alexandra Hedlund, Thea Dahlqvist, Alona Holmes Jr, Martina Petersson, Anna Grundmark, Madeleine Askl\u00f6f<br \/>\nRegi: Alexandra Hedlund<br \/>\nFoto: Alona Holmes Jr<br \/>\nLjud: Thea Dahlqvist<br \/>\nScripta: Anna Grundmark och Madeleine Askl\u00f6f<br \/>\nRedigering: Thea Dahlqvist, Martina Petersson<br \/>\nMusik: Katarina Grahn<\/li>\n<\/ul>\n<p>&nbsp;<\/p>\n<p>&nbsp;<\/p>\n","protected":false},"excerpt":{"rendered":"<p>NORRK\u00d6PING Fj\u00e4rde s\u00e4songen och Eastwoodprojektet st\u00e5r stadigare \u00e4n n\u00e5gonsin tidigare. Sex kortfilmer har premi\u00e4r p\u00e5 Cnema p\u00e5 fredag, n\u00e5gra tog ett par dagar att g\u00f6ra, andra n\u00e5gra m\u00e5nader. Kvaliteten \u00e4r h\u00f6g. <a class=\"continue-reading-link\" href=\"https:\/\/www.kultursidan.nu\/?p=8269\">L\u00e4s mer <span class=\"meta-nav\">&rarr; <\/span><\/a><\/p>\n","protected":false},"author":1001006,"featured_media":0,"comment_status":"closed","ping_status":"open","sticky":false,"template":"","format":"standard","meta":{"_jetpack_memberships_contains_paid_content":false,"footnotes":""},"categories":[7],"tags":[38],"class_list":["post-8269","post","type-post","status-publish","format-standard","hentry","category-norrkoping","tag-film"],"jetpack_featured_media_url":"","jetpack_sharing_enabled":true,"_links":{"self":[{"href":"https:\/\/www.kultursidan.nu\/index.php?rest_route=\/wp\/v2\/posts\/8269","targetHints":{"allow":["GET"]}}],"collection":[{"href":"https:\/\/www.kultursidan.nu\/index.php?rest_route=\/wp\/v2\/posts"}],"about":[{"href":"https:\/\/www.kultursidan.nu\/index.php?rest_route=\/wp\/v2\/types\/post"}],"author":[{"embeddable":true,"href":"https:\/\/www.kultursidan.nu\/index.php?rest_route=\/wp\/v2\/users\/1001006"}],"replies":[{"embeddable":true,"href":"https:\/\/www.kultursidan.nu\/index.php?rest_route=%2Fwp%2Fv2%2Fcomments&post=8269"}],"version-history":[{"count":0,"href":"https:\/\/www.kultursidan.nu\/index.php?rest_route=\/wp\/v2\/posts\/8269\/revisions"}],"wp:attachment":[{"href":"https:\/\/www.kultursidan.nu\/index.php?rest_route=%2Fwp%2Fv2%2Fmedia&parent=8269"}],"wp:term":[{"taxonomy":"category","embeddable":true,"href":"https:\/\/www.kultursidan.nu\/index.php?rest_route=%2Fwp%2Fv2%2Fcategories&post=8269"},{"taxonomy":"post_tag","embeddable":true,"href":"https:\/\/www.kultursidan.nu\/index.php?rest_route=%2Fwp%2Fv2%2Ftags&post=8269"}],"curies":[{"name":"wp","href":"https:\/\/api.w.org\/{rel}","templated":true}]}}