{"id":842,"date":"2010-12-28T22:28:35","date_gmt":"2010-12-28T20:28:35","guid":{"rendered":"https:\/\/intelligent-friend-7861.standoutwp.com\/?p=842"},"modified":"2020-10-24T17:30:33","modified_gmt":"2020-10-24T16:30:33","slug":"montessoriforskolor-staller-ut-pa-konstmuseet","status":"publish","type":"post","link":"https:\/\/www.kultursidan.nu\/?p=842","title":{"rendered":"Montessorif\u00f6rskolor st\u00e4ller ut p\u00e5 Konstmuseet"},"content":{"rendered":"<p><img loading=\"lazy\" decoding=\"async\" class=\"alignnone\" src=\"https:\/\/live.staticflickr.com\/5162\/5301030198_bd4fc6cbe6.jpg\" alt=\"7C. Jag, familj\" width=\"500\" height=\"333\" \/><br \/>\n<em>Jag och min familj. Ett av motiven under kursen p\u00e5 Konstmuseet.<\/em><\/p>\n<p><iframe loading=\"lazy\" src=\"https:\/\/www.youtube.com\/embed\/rwonMSFt2OA\" width=\"560\" height=\"315\" frameborder=\"0\" allowfullscreen=\"allowfullscreen\"><\/iframe><br \/>\n<em>Prickar, havet och jag. Om montessorif\u00f6rskolorna Kl\u00e4ttertr\u00e4dets och Sp\u00e5rvagnens konstutst\u00e4llning. Film: 3:44 min.<\/em><\/p>\n<p>&nbsp;<\/p>\n<h1><span style=\"color: #ff0000;\">Prickar, havet och jag<\/span><\/h1>\n<p>&nbsp;<\/p>\n<p><strong>Varma och kalla f\u00e4rger, <\/strong>prickm\u00e5leri och leta efter vatten p\u00e5 tavlorna p\u00e5 <a title=\"Norrk\u00f6pings konstmuseum\" href=\"http:\/\/www.norrkoping.se\/kultur-fritid\/museer\/konstmuseum\/\" target=\"_blank\" rel=\"noopener noreferrer\">Konstmuseet<\/a>. Det \u00e4r vad fem\u00e5ringarna p\u00e5 Montessorif\u00f6rskolorna <a title=\"Montessorif\u00f6rskolan Kl\u00e4ttertr\u00e4det\" href=\"http:\/\/www.klattertradet.org\/\" target=\"_blank\" rel=\"noopener noreferrer\">Kl\u00e4ttertr\u00e4det<\/a> och <a title=\"Montessorif\u00f6rskolan Sp\u00e5rvagnen\" href=\"http:\/\/www.sparvagnen.se\/\" target=\"_blank\" rel=\"noopener noreferrer\">Sp\u00e5rvagnen<\/a> \u00e4gnat sig \u00e5t under h\u00f6sten.<\/p>\n<p>Stolta barn hade vernissage f\u00f6r den viktigaste publiken, f\u00f6r\u00e4ldrar och andra n\u00e4ra och k\u00e4ra som drack p\u00e4rlande dryck och \u00e5t p\u00e5 salta pinnar i det smala galleriet utanf\u00f6r Krumeluren, museets skaparverkstad.<\/p>\n<p>&nbsp;<\/p>\n<p><img loading=\"lazy\" decoding=\"async\" class=\"alignnone\" src=\"https:\/\/live.staticflickr.com\/5086\/5301021168_4def7f2faf_q.jpg\" alt=\"2. Sommar, S\u00f6ndrum\" width=\"150\" height=\"150\" \/> <img loading=\"lazy\" decoding=\"async\" class=\"alignnone\" src=\"https:\/\/live.staticflickr.com\/5290\/5301021714_26e6ee3d5d_m.jpg\" alt=\"3 Prickar\" width=\"240\" height=\"160\" \/><br \/>\n<img loading=\"lazy\" decoding=\"async\" class=\"alignnone\" src=\"https:\/\/live.staticflickr.com\/5127\/5301022818_bce0417cd3_m.jpg\" alt=\"4. Prickar i varma f\u00e4rger\" width=\"240\" height=\"153\" \/> <img loading=\"lazy\" decoding=\"async\" class=\"alignnone\" src=\"https:\/\/live.staticflickr.com\/5165\/5301027794_ea7052b54f_q.jpg\" alt=\"4B Prickar, varma f\u00e4rger\" width=\"150\" height=\"150\" \/><\/p>\n<p>&nbsp;<\/p>\n<p><strong>Vid fyra tillf\u00e4llen<\/strong> har barnen f\u00f6rst studerat en eller tv\u00e5 m\u00e5lningar ur museets samlingar med konstpedagogen Ann-Charlotte Peterson. F\u00f6rst den varmt f\u00e4rgglada <em>Sommar, S\u00f6ndrum<\/em> av <a title=\"Sven X:et Erixson\" href=\"http:\/\/www.xetmuseet.nu\/paket\/publik\/index.asp\" target=\"_blank\" rel=\"noopener noreferrer\">Sven Erixon<\/a> vars prickade blomster\u00e4ng ledde till en serie varmt prickiga tavlor (&#8221;blunda och pricka, fyll papperet&#8221;) i r\u00f6tt, gult och vitt.<\/p>\n<p>&nbsp;<\/p>\n<p><img loading=\"lazy\" decoding=\"async\" class=\"alignnone\" src=\"https:\/\/live.staticflickr.com\/5207\/5301028818_1d0d552c17_q.jpg\" alt=\"5C. Hav, r\u00f6relse, kalla f\u00e4ger\" width=\"150\" height=\"150\" \/> <img loading=\"lazy\" decoding=\"async\" class=\"alignnone\" src=\"https:\/\/live.staticflickr.com\/5089\/5301023678_2f0135686b_m.jpg\" alt=\"5B. Hav, r\u00f6relse, kalla f\u00e4rger\" width=\"240\" height=\"156\" \/><br \/>\n<img loading=\"lazy\" decoding=\"async\" class=\"alignnone\" src=\"https:\/\/live.staticflickr.com\/5162\/5300429195_05738c6f04_m.jpg\" alt=\"6. Hus, form\" width=\"240\" height=\"154\" \/> <img loading=\"lazy\" decoding=\"async\" class=\"alignnone\" src=\"https:\/\/live.staticflickr.com\/5247\/5301029194_342a9daf48_q.jpg\" alt=\"6B. Hus, form\" width=\"150\" height=\"150\" \/><\/p>\n<p>&nbsp;<\/p>\n<p><a title=\"Eric Hallstr\u00f6m, konstn\u00e4r\" href=\"http:\/\/sv.wikipedia.org\/wiki\/Eric_Hallstr\u00f6m\" target=\"_blank\" rel=\"noopener noreferrer\">Eric Hallstr\u00f6ms<\/a> <em>P\u00e5 \u00f6n<\/em> och <a title=\"Ragnar Sandberg, konstn\u00e4r \" href=\"http:\/\/www.omkonst.com\/sandberg.html\" target=\"_blank\" rel=\"noopener noreferrer\">Ragnar Sandbergs<\/a> <em>H\u00f6nssk\u00f6taren<\/em> stod i fokus den dagen d\u00e5 det handlade om himmel, vatten och r\u00f6relse. Bl\u00e5 f\u00e4rg som m\u00f6tte vitt i r\u00f6relse blev en rad med brusande havsmotiv. Medan <em>Den r\u00f6da staden<\/em> av Carl Alexanderson fick inleda den dag d\u00e5 fem\u00e5ringarna t\u00e4nkte p\u00e5 form och fyrkanter. Men f\u00e4rgen p\u00e5 sina hus valde de sj\u00e4lva.<\/p>\n<p>&nbsp;<\/p>\n<p><img loading=\"lazy\" decoding=\"async\" class=\"alignnone\" src=\"https:\/\/live.staticflickr.com\/5241\/5301030716_22f78e084d_n.jpg\" alt=\"7. Fadern\" width=\"320\" height=\"213\" \/><br \/>\n<img loading=\"lazy\" decoding=\"async\" class=\"alignnone\" src=\"https:\/\/live.staticflickr.com\/5130\/5301024674_d73a3a358c_m.jpg\" alt=\"7. Jag, familj\" width=\"240\" height=\"142\" \/> <img loading=\"lazy\" decoding=\"async\" class=\"alignnone\" src=\"https:\/\/live.staticflickr.com\/5084\/5301029686_80eb01a312_q.jpg\" alt=\"7B. Jag, familj\" width=\"150\" height=\"150\" \/><\/p>\n<p>&nbsp;<\/p>\n<p><strong>Vid sista tillf\u00e4llet tittade gruppen<\/strong> p\u00e5 <a title=\"Nils von Dardel, konstn\u00e4r\" href=\"http:\/\/sv.wikipedia.org\/wiki\/Nils_von_Dardel\" target=\"_blank\" rel=\"noopener noreferrer\">Nils von Dardels<\/a> <em>Fadern<\/em>, ett familjeportr\u00e4tt i ljusa f\u00e4rger. S\u00e5 var det dags att m\u00e5la sig sj\u00e4lv, med eller utan f\u00f6r\u00e4ldrar och syskon. En h\u00e4rlig samling, i starka klara f\u00e4rger.<\/p>\n<p><em>Text, film och foto: Ann-Charlotte Sandelin<\/em><\/p>\n<p><em>\u00a0<\/em><\/p>\n<ul>\n<li style=\"list-style-type: none;\">\n<ul>\n<li>\n<h3>NORRK\u00d6PINGS KONSTMUSEUM<\/h3>\n<\/li>\n<li><em>16 december 2010 \u2013 30 januari 2011<\/em><br \/>\n<strong>Sp\u00e5rvagnen och Kl\u00e4ttertr\u00e4det<\/strong><br \/>\nutst\u00e4llning med Montessorif\u00f6rskolor<\/li>\n<\/ul>\n<\/li>\n<\/ul>\n","protected":false},"excerpt":{"rendered":"<p>NORRK\u00d6PING Varma och kalla f\u00e4rger, prickm\u00e5leri och leta efter vatten p\u00e5 tavlorna p\u00e5 Konstmuseet. Det \u00e4r vad fem\u00e5ringarna p\u00e5 Montessorif\u00f6rskolorna Kl\u00e4ttertr\u00e4det och Sp\u00e5rvagnen \u00e4gnat sig \u00e5t under h\u00f6sten. <a class=\"continue-reading-link\" href=\"https:\/\/www.kultursidan.nu\/?p=842\">L\u00e4s mer <span class=\"meta-nav\">&rarr; <\/span><\/a><\/p>\n","protected":false},"author":1001006,"featured_media":0,"comment_status":"closed","ping_status":"open","sticky":false,"template":"","format":"standard","meta":{"_jetpack_memberships_contains_paid_content":false,"footnotes":""},"categories":[7],"tags":[37,14],"class_list":["post-842","post","type-post","status-publish","format-standard","hentry","category-norrkoping","tag-barnkultur","tag-konst"],"jetpack_featured_media_url":"","jetpack_sharing_enabled":true,"_links":{"self":[{"href":"https:\/\/www.kultursidan.nu\/index.php?rest_route=\/wp\/v2\/posts\/842","targetHints":{"allow":["GET"]}}],"collection":[{"href":"https:\/\/www.kultursidan.nu\/index.php?rest_route=\/wp\/v2\/posts"}],"about":[{"href":"https:\/\/www.kultursidan.nu\/index.php?rest_route=\/wp\/v2\/types\/post"}],"author":[{"embeddable":true,"href":"https:\/\/www.kultursidan.nu\/index.php?rest_route=\/wp\/v2\/users\/1001006"}],"replies":[{"embeddable":true,"href":"https:\/\/www.kultursidan.nu\/index.php?rest_route=%2Fwp%2Fv2%2Fcomments&post=842"}],"version-history":[{"count":2,"href":"https:\/\/www.kultursidan.nu\/index.php?rest_route=\/wp\/v2\/posts\/842\/revisions"}],"predecessor-version":[{"id":42553,"href":"https:\/\/www.kultursidan.nu\/index.php?rest_route=\/wp\/v2\/posts\/842\/revisions\/42553"}],"wp:attachment":[{"href":"https:\/\/www.kultursidan.nu\/index.php?rest_route=%2Fwp%2Fv2%2Fmedia&parent=842"}],"wp:term":[{"taxonomy":"category","embeddable":true,"href":"https:\/\/www.kultursidan.nu\/index.php?rest_route=%2Fwp%2Fv2%2Fcategories&post=842"},{"taxonomy":"post_tag","embeddable":true,"href":"https:\/\/www.kultursidan.nu\/index.php?rest_route=%2Fwp%2Fv2%2Ftags&post=842"}],"curies":[{"name":"wp","href":"https:\/\/api.w.org\/{rel}","templated":true}]}}