{"id":8461,"date":"2012-12-10T12:25:49","date_gmt":"2012-12-10T11:25:49","guid":{"rendered":"https:\/\/intelligent-friend-7861.standoutwp.com\/?p=8461"},"modified":"2012-12-21T11:44:37","modified_gmt":"2012-12-21T10:44:37","slug":"folkhemmet-malmslatt-recension","status":"publish","type":"post","link":"https:\/\/www.kultursidan.nu\/?p=8461","title":{"rendered":"Folkhemmet Malmsl\u00e4tt (recension)"},"content":{"rendered":"<p>[flickr]http:\/\/www.flickr.com\/photos\/kultursidan\/8261079028\/[\/flickr]<\/p>\n<p>&nbsp;<\/p>\n<h1><span style=\"color: #ff0000;\">Ett v\u00e4xande samh\u00e4lle i landet Lagom<\/span><\/h1>\n<p>&nbsp;<\/p>\n<p><strong>Hans Nilsson (Centrum f\u00f6r lokalhistoria) och Marie Ohls\u00e9n (\u00d6sterg\u00f6tlands l\u00e4nsmuseum) k\u00e4nner att det saknas en bok om samh\u00e4llet Malmsl\u00e4tt som ligger alldeles bredvid det milit\u00e4ra Malmen.<\/strong> Och p\u00e5 detta vill de med denna bok, i text och med rikhaltigt bildmaterial, r\u00e5da bot.<\/p>\n<p>Det h\u00e4r \u00e4r en s\u00e5dan d\u00e4r typisk bok som beskriver ett samh\u00e4lle, dess framv\u00e4xt, dess m\u00e4nniskor och n\u00e4ringar. Den hyllar de som hyllas b\u00f6r, men inneh\u00e5ller inga s\u00e4rskilda utropstecken. Det finns liknande b\u00f6cker om m\u00e5nga samh\u00e4llen i v\u00e5rt avl\u00e5nga Sverige. Den inneh\u00e5ller inget nytt, inget uppseendev\u00e4ckande eller n\u00e5got direkt utropstecken. Dess v\u00e4rde best\u00e5r i igenk\u00e4nnandet f\u00f6r de som bott, levt och verkat d\u00e4r, och f\u00f6r deras efterlevande.<\/p>\n<p>Boken ber\u00e4ttar om det samh\u00e4lle som v\u00e4xte fram sida vid sida av det milit\u00e4ra Malmen. Om bev\u00e4ringsm\u00f6tena som tog sig ut som ett tivoli vid 1900-talets b\u00f6rjan. Med karuseller, skjutbanor, vaxkabinett, f\u00f6rs\u00e4ljare, kasperteater, musikk\u00e5rer, och \u2013 inte minst \u2013 ett betydande fylleri.<\/p>\n<p>H\u00e4r beh\u00f6vdes en motvikt, vilken utgjordes av en stark nykterhetsr\u00f6relse och den blev grunden till det lilla samh\u00e4llet.<\/p>\n<p><strong>Samh\u00e4llet hette till en b\u00f6rjan K\u00e4rna, men fick snart namnet Malmsl\u00e4tt. <\/strong>De nyinflyttade, som till en b\u00f6rjan fr\u00e4mst utgjordes av nykterhetsm\u00e4n\/kvinnor, trivdes i sina nya hem samtidigt som de k\u00e4nde en stark oro f\u00f6r att milit\u00e4ren skulle flytta. Det skulle i s\u00e5 fall g\u00f6ra det lilla samh\u00e4llet v\u00e4rdel\u00f6st. Att milit\u00e4ren i st\u00e4llet skulle expandera fanns inte p\u00e5 kartan d\u00e5 \u2013 i 1900-talets b\u00f6rjan.<\/p>\n<p>F\u00f6rst h\u00f6ll T1 till i kasernerna. N\u00e4r de flyttade in till Link\u00f6ping blev det flyget som flyttade dit, och den verksamheten v\u00e4xte och s\u00e5 gjorde ocks\u00e5 omr\u00e5det intill.<\/p>\n<p><strong>En person som var viktig f\u00f6r flygflottiljens framv\u00e4xt var G\u00f6sta von Porat som fastnade f\u00f6r omr\u00e5det med dess gr\u00e4sytor,<\/strong> dess gemytliga festande och n\u00e4rheten till Link\u00f6ping d\u00e4r hans f\u00e4stm\u00f6 hade f\u00e5tt plats vid Margaretas hush\u00e5llsskola. Han fick ekonomiska medel bland annat genom konstn\u00e4ren Anders Zorn och kunde med detta starta ett flygkompani med verkstadsresurser. Han startade ocks\u00e5 embryot till egen flygplanstillverkning d\u00e4r p\u00e5 platsen. Link\u00f6pings plats i historien som flygstad hade b\u00f6rjat.<\/p>\n<p>Denna nya utveckling var mycket viktig, ocks\u00e5 f\u00f6r Malmsl\u00e4tt, f\u00f6r det var h\u00e4r de bosatte sig, de som f\u00e5tt nya arbeten vid den nya flygplanstillverkningen. I det nya samh\u00e4llet frodades f\u00f6reningslivet, med bland annat idrottsr\u00f6relsen, fackf\u00f6reningarna blomstrade och Malmsl\u00e4tt blev ett starkt socialdemokratiskt f\u00e4ste. M\u00e5nga caf\u00e9er v\u00e4xte upp som naturliga samlingspunkter, men bostadsbristen var h\u00f6g. Den kom att pr\u00e4gla kommunen under m\u00e5nga \u00e5r, \u00e4nda fram till att Malmsl\u00e4tt p\u00e5 1960-talet inkorporerades med Link\u00f6ping.<\/p>\n<p>M\u00e5nga f\u00f6rs\u00f6k gjordes f\u00f6r att l\u00f6sa problemet med bost\u00e4derna: man uppf\u00f6rde arbetarbost\u00e4der, man uppf\u00f6rde s\u00e5 kallade egnahemshus, man ordnade gratis bussf\u00f6rbindelser f\u00f6r att transportera arbetare mellan Malmsl\u00e4tt och Link\u00f6ping.<\/p>\n<p><strong>S\u00e5 b\u00f6rjade Riksbyggen uppf\u00f6ra flerfamiljshus d\u00e4r p\u00e5 platsen. Men trots detta har bostadsbristen varit en st\u00e4ndig punkt p\u00e5 den politiska agendan. <\/strong>I och med att Malmen v\u00e4xte, v\u00e4xte ju ocks\u00e5 Malmsl\u00e4tt. 1939, n\u00e4r det milit\u00e4ra flyget hade som st\u00f6rst betydelse i v\u00e5rt land och flera flygflottiljer s\u00e5g dagens ljus, var det inte bara en h\u00f6jdpunkt f\u00f6r Malmen, det \u00e5ret var ocks\u00e5 en v\u00e4ndpunkt f\u00f6r Malmsl\u00e4tt som d\u00e5 hyste 780 inv\u00e5nare. Den siffran har stigit till 5.500 idag.<\/p>\n<p>Som jag skrev inledningsvis s\u00e5 skiljer sig inte denna bok fr\u00e5n andra s\u00e5dana h\u00e4r, liknande b\u00f6cker d\u00e4r syftet \u00e4r att ber\u00e4tta samh\u00e4llets historia med dess m\u00e4nniskor och milj\u00f6er. H\u00e4r ber\u00e4ttas om kyrkan, som kom att spela en betydande roll i det lilla samh\u00e4llet, h\u00e4r ber\u00e4ttas om skolan, om politiken d\u00e4r bostadsbristen och fattigv\u00e5rden varit \u00e5terkommande punkter. H\u00e4r finns ocks\u00e5 en uppr\u00e4kning av k\u00e4nda ortsbor och h\u00e4r f\u00e5r gatornas namn sina f\u00f6rklaringar.<\/p>\n<p><strong>Malmsl\u00e4tt blev n\u00e5got av ett folkhem i miniatyr \u2013 ett exempel p\u00e5 det goda samh\u00e4llet. <\/strong>Boken beskriver detta samh\u00e4llet. H\u00e4r ber\u00e4ttas att en omfattande kamp f\u00f6rdes f\u00f6r att f\u00e5 beh\u00e5lla detta goda samh\u00e4lle sj\u00e4lvst\u00e4ndigt. Kanske hade det inledningsvis efterfr\u00e5gade utropstecknet hade varit att f\u00e5 ta del av denna kamp.<\/p>\n<p>Nu k\u00e4nns boken som en i m\u00e4ngden av liknande b\u00f6cker. En hyllning i raden till ett samh\u00e4lle i landet Lagom. Den fyller sin funktion, varken mer eller mindre.<\/p>\n<p><em>Text: Eva Lindblad<\/em><\/p>\n<p><em>\u00a0<\/em><\/p>\n<ul>\n<li>\n<h3>BYGDEHISTORIA<\/h3>\n<\/li>\n<li><strong>Malmsl\u00e4tt \u2013 r\u00e4tt och sl\u00e4tt<br \/>\n<\/strong><strong>Historien om ett samh\u00e4lle<br \/>\n<\/strong>Av Hans Nilsson och Marie Ohls\u00e9n<br \/>\nDibb f\u00f6rlag<\/li>\n<\/ul>\n<p><strong><em>\u00a0<\/em><\/strong><\/p>\n<p>L\u00c4NKAR<br \/>\nDibb f\u00f6rlag <a title=\"Dibb f\u00f6rlag\" href=\"http:\/\/www.dibbforlag.se\" target=\"_blank\">hemsida<\/a><\/p>\n","protected":false},"excerpt":{"rendered":"<p>BYGDEHISTORIA En hyllning till ett samh\u00e4lle i landet Lagom. Om n\u00e4r lilla K\u00e4rna blev stora Malmsl\u00e4tt. <a class=\"continue-reading-link\" href=\"https:\/\/www.kultursidan.nu\/?p=8461\">L\u00e4s mer <span class=\"meta-nav\">&rarr; <\/span><\/a><\/p>\n","protected":false},"author":1001006,"featured_media":0,"comment_status":"closed","ping_status":"open","sticky":false,"template":"","format":"standard","meta":{"_jetpack_memberships_contains_paid_content":false,"footnotes":""},"categories":[64],"tags":[16],"class_list":["post-8461","post","type-post","status-publish","format-standard","hentry","category-litteratur-2","tag-litteratur"],"jetpack_featured_media_url":"","jetpack_sharing_enabled":true,"_links":{"self":[{"href":"https:\/\/www.kultursidan.nu\/index.php?rest_route=\/wp\/v2\/posts\/8461","targetHints":{"allow":["GET"]}}],"collection":[{"href":"https:\/\/www.kultursidan.nu\/index.php?rest_route=\/wp\/v2\/posts"}],"about":[{"href":"https:\/\/www.kultursidan.nu\/index.php?rest_route=\/wp\/v2\/types\/post"}],"author":[{"embeddable":true,"href":"https:\/\/www.kultursidan.nu\/index.php?rest_route=\/wp\/v2\/users\/1001006"}],"replies":[{"embeddable":true,"href":"https:\/\/www.kultursidan.nu\/index.php?rest_route=%2Fwp%2Fv2%2Fcomments&post=8461"}],"version-history":[{"count":0,"href":"https:\/\/www.kultursidan.nu\/index.php?rest_route=\/wp\/v2\/posts\/8461\/revisions"}],"wp:attachment":[{"href":"https:\/\/www.kultursidan.nu\/index.php?rest_route=%2Fwp%2Fv2%2Fmedia&parent=8461"}],"wp:term":[{"taxonomy":"category","embeddable":true,"href":"https:\/\/www.kultursidan.nu\/index.php?rest_route=%2Fwp%2Fv2%2Fcategories&post=8461"},{"taxonomy":"post_tag","embeddable":true,"href":"https:\/\/www.kultursidan.nu\/index.php?rest_route=%2Fwp%2Fv2%2Ftags&post=8461"}],"curies":[{"name":"wp","href":"https:\/\/api.w.org\/{rel}","templated":true}]}}