{"id":859,"date":"2011-01-07T20:07:38","date_gmt":"2011-01-07T18:07:38","guid":{"rendered":"https:\/\/intelligent-friend-7861.standoutwp.com\/?p=859"},"modified":"2020-10-24T17:53:08","modified_gmt":"2020-10-24T16:53:08","slug":"stort-stipendium-till-pianisten-petter","status":"publish","type":"post","link":"https:\/\/www.kultursidan.nu\/?p=859","title":{"rendered":"Stort stipendium till pianisten Petter"},"content":{"rendered":"<p><img loading=\"lazy\" decoding=\"async\" class=\"alignnone\" src=\"https:\/\/live.staticflickr.com\/5008\/5333443030_c28624cf91.jpg\" alt=\"Inlevelse. Petter Ryl\u00e9n vid flygeln.\" width=\"500\" height=\"325\" \/><br \/>\n<em>Ung. Musiker. Studerande. Fr\u00e5n \u00c5by. Petter Ryl\u00e9n.<\/em><\/p>\n<p><iframe loading=\"lazy\" src=\"https:\/\/www.youtube.com\/embed\/GfpILAc_jyU\" width=\"560\" height=\"315\" frameborder=\"0\" allowfullscreen=\"allowfullscreen\"><\/iframe><br \/>\n<em>Bildspel med musikimprovisation. 0:37 min.<\/em><\/p>\n<p>&nbsp;<\/p>\n<h1><span style=\"color: #ff0000;\">Prisad pianist med k\u00e4nsla f\u00f6r jazz<\/span><\/h1>\n<p>&nbsp;<\/p>\n<p><strong>Gerda Teresia B\u00e4ckman f\u00f6ddes 1902.<\/strong> Hon gifte sig men blev \u00e4nka tidigt och n\u00e4r hon n\u00e4rmade sig slutet av ett l\u00e5ngt liv testamenterade hon sina tillg\u00e5ngar till <a title=\"S:t Olai f\u00f6rsamling\" href=\"http:\/\/www.svenskakyrkan.se\/stolof\" target=\"_blank\" rel=\"noopener noreferrer\">S:t Olai f\u00f6rsamling<\/a> i Norrk\u00f6ping. G.T. B\u00e4ckmans stipendiestiftelse fick i statuterna fr\u00e5n 2005 i uppdrag att dela ut ett stipendium till en ung person fr\u00e5n \u00d6sterg\u00f6tland i allm\u00e4nhet och Norrk\u00f6ping i synnerhet som studerar musik eller teater.<\/p>\n<p>&nbsp;<\/p>\n<p><img loading=\"lazy\" decoding=\"async\" class=\"alignnone\" src=\"https:\/\/live.staticflickr.com\/5126\/5333441856_fc74df7b4c_n.jpg\" alt=\"Petter Ryl\u00e9n f\u00e5r blomma och stipendium av Gun Craaford\" width=\"320\" height=\"211\" \/><br \/>\n<em>Petter Ryl\u00e9n f\u00e5r blomma och stipendium av Gun Craaford.<\/em><\/p>\n<p>&nbsp;<\/p>\n<p><strong>Jazzpianisten <a title=\"Petter Ryl\u00e9n, pianist\" href=\"http:\/\/www.myspace.com\/video\/petterrylen\" target=\"_blank\" rel=\"noopener noreferrer\">Petter Ryl\u00e9n <\/a>\u00e4r 21 \u00e5r.<\/strong> Han b\u00f6rjade p\u00e5 <a title=\"Kulturskolan\" href=\"http:\/\/www.norrkoping.se\/kultur-fritid\/kulturskolan\/\" target=\"_blank\" rel=\"noopener noreferrer\">Kulturskolan<\/a> och gick <a title=\"De Geergymnasiet musikprogr\" href=\"http:\/\/www.degeer.norrkoping.se\/show.php?page=musik\" target=\"_blank\" rel=\"noopener noreferrer\">Musikprogrammet p\u00e5 De Geer<\/a>. Nu studerar han vid <a title=\"Rytmisk Musikkonservatorium, K\u00f6penh\" href=\"http:\/\/www.rmc.dk\/\" target=\"_blank\" rel=\"noopener noreferrer\">Rytmiskt Musikkonservatorium<\/a> i K\u00f6penhamn. Visserligen kommer han inte fr\u00e5n Norrk\u00f6pings stad, men \u00c5by duger gott, tyckte stipendiekommitt\u00e9n med Gun Crafoord i spetsen.<\/p>\n<p>P\u00e5 Trettondagsafton fick allts\u00e5 Petter Ryl\u00e9n ta emot G.T. B\u00e4ckmans stipendium p\u00e5 125.000 kronor vid en konsert i S:t Olai kyrka. Pengarna kommer v\u00e4l till pass f\u00f6r Petter Ryl\u00e9n som ser fram emot att f\u00e5 f\u00f6rdjupa sig i musiken.<\/p>\n<p>Som tack f\u00f6r stipendiet gav Petter Ryl\u00e9n exempel p\u00e5 sitt kunnande n\u00e4r han framf\u00f6rde ett stycke p\u00e5 flygeln.<\/p>\n<p>&nbsp;<\/p>\n<p><img loading=\"lazy\" decoding=\"async\" class=\"alignnone\" src=\"https:\/\/live.staticflickr.com\/5286\/5333442078_ea42f8caf1_m.jpg\" alt=\"Anni Odenhall var G T B\u00e4ckmans f\u00f6rsta stipendiat redan 2007\" width=\"240\" height=\"158\" \/> <img loading=\"lazy\" decoding=\"async\" class=\"alignnone\" src=\"https:\/\/live.staticflickr.com\/5246\/5333442326_368beba731_m.jpg\" alt=\"Anderbergkvartetten i S.t Olai kyrka\" width=\"240\" height=\"164\" \/><br \/>\n<em>F\u00f6rra \u00e5rets stipendiat Anni Odenhall och Anderbergskvartetten fr\u00e5n SON spelade.<\/em><\/p>\n<p>&nbsp;<\/p>\n<p><strong>Teaterchefen Johan Celander fr\u00e5n <a href=\"http:\/\/www.ostgotateatern.se\">\u00d6stg\u00f6tateatern<\/a> <\/strong>medverkade med diktl\u00e4sning medan Richard Michelin fr\u00e5n Nork\u00f6pings symfoniorkester ber\u00e4ttade om donatorn Gerda Teresia B\u00e4ckman.<\/p>\n<p>Vid sidan av \u00e5rets stipendiat medverkade vid konserten \u00e4ven Anni Odenhall som var G.T. B\u00e4ckmans f\u00f6rsta stipendiat fr\u00e5n 2007. Anni Odenhall spelade violin tillsammans med Sara Michelin p\u00e5 flygel. \u00c4ven Anderbergskvartetten med musiker fr\u00e5n <a title=\"SON\" href=\"http:\/\/www.norrkopingssymfoniorkester.se\/\" target=\"_blank\" rel=\"noopener noreferrer\">Symfoniorkestern<\/a> bidrog till Trettondagskonserten.<\/p>\n<p>Kyrkoherde Pether Str\u00f6m Broman ramade in stipendiekonserten och h\u00f6ll ocks\u00e5 en kort andakt.<\/p>\n<p><strong>Stipendiekommitt\u00e9n best\u00e5r <\/strong>av f\u00f6retr\u00e4dare f\u00f6r S.t Olai f\u00f6rsamling, \u00d6stg\u00f6tateatern och Symfoniorkestern i Norrk\u00f6ping. Ordf\u00f6rande \u00e4r Gun Craaford.<\/p>\n<p><em>Text: Sven \u00c5ke Molund och Ann-Charlotte Sandelin<br \/>\nFoto: Sven \u00c5ke Molund<\/em><\/p>\n","protected":false},"excerpt":{"rendered":"<p>NORRK\u00d6PING \u00c5rets mottagare av G.T. B\u00e4ckmans stipendium \u00e4r jazzpianisten Petter Ryl\u00e9n fr\u00e5n \u00c5by. Stipendiet \u00e4r p\u00e5 125.000 kronor och delades ut vid en konsert i S:t Olai kyrka p\u00e5 Trettondagsaftonen. <a class=\"continue-reading-link\" href=\"https:\/\/www.kultursidan.nu\/?p=859\">L\u00e4s mer <span class=\"meta-nav\">&rarr; <\/span><\/a><\/p>\n","protected":false},"author":1001006,"featured_media":0,"comment_status":"closed","ping_status":"closed","sticky":false,"template":"","format":"standard","meta":{"_jetpack_memberships_contains_paid_content":false,"footnotes":""},"categories":[7],"tags":[13,39],"class_list":["post-859","post","type-post","status-publish","format-standard","hentry","category-norrkoping","tag-musik","tag-pris"],"jetpack_featured_media_url":"","jetpack_sharing_enabled":true,"_links":{"self":[{"href":"https:\/\/www.kultursidan.nu\/index.php?rest_route=\/wp\/v2\/posts\/859","targetHints":{"allow":["GET"]}}],"collection":[{"href":"https:\/\/www.kultursidan.nu\/index.php?rest_route=\/wp\/v2\/posts"}],"about":[{"href":"https:\/\/www.kultursidan.nu\/index.php?rest_route=\/wp\/v2\/types\/post"}],"author":[{"embeddable":true,"href":"https:\/\/www.kultursidan.nu\/index.php?rest_route=\/wp\/v2\/users\/1001006"}],"replies":[{"embeddable":true,"href":"https:\/\/www.kultursidan.nu\/index.php?rest_route=%2Fwp%2Fv2%2Fcomments&post=859"}],"version-history":[{"count":3,"href":"https:\/\/www.kultursidan.nu\/index.php?rest_route=\/wp\/v2\/posts\/859\/revisions"}],"predecessor-version":[{"id":42556,"href":"https:\/\/www.kultursidan.nu\/index.php?rest_route=\/wp\/v2\/posts\/859\/revisions\/42556"}],"wp:attachment":[{"href":"https:\/\/www.kultursidan.nu\/index.php?rest_route=%2Fwp%2Fv2%2Fmedia&parent=859"}],"wp:term":[{"taxonomy":"category","embeddable":true,"href":"https:\/\/www.kultursidan.nu\/index.php?rest_route=%2Fwp%2Fv2%2Fcategories&post=859"},{"taxonomy":"post_tag","embeddable":true,"href":"https:\/\/www.kultursidan.nu\/index.php?rest_route=%2Fwp%2Fv2%2Ftags&post=859"}],"curies":[{"name":"wp","href":"https:\/\/api.w.org\/{rel}","templated":true}]}}