{"id":8604,"date":"2013-01-08T20:21:47","date_gmt":"2013-01-08T19:21:47","guid":{"rendered":"https:\/\/intelligent-friend-7861.standoutwp.com\/?p=8604"},"modified":"2013-01-25T14:11:59","modified_gmt":"2013-01-25T13:11:59","slug":"erik-satie-tar-ton-pa-ostgotateaterns-vind","status":"publish","type":"post","link":"https:\/\/www.kultursidan.nu\/?p=8604","title":{"rendered":"Erik Satie tar ton p\u00e5 \u00d6stg\u00f6tateaterns vind (reportage)"},"content":{"rendered":"<p>[flickr]http:\/\/www.flickr.com\/photos\/kultursidan\/8362425290\/[\/flickr]<\/p>\n<p><em>En komposit\u00f6r i sin kammare. Christian Zell gestaltar franske komposit\u00f6ren Erik Satie p\u00e5 Teatervinden.<\/em><\/p>\n<p>&nbsp;<\/p>\n<h1><span style=\"color: #ff0000;\">Monolog f\u00f6r en sk\u00e5despelare och en pianist<\/span><\/h1>\n<p>&nbsp;<\/p>\n<p><strong>F\u00f6r m\u00e5nga av oss s\u00e4ger namnet Erik Satie inte s\u00e5 mycket.<\/strong> Men vi har nog alla m\u00f6tt Satie i olika tappningar. Kanske som bakgrundsmusik i ett varuhus? Erik Satie f\u00f6ddes den 17 maj 1866 och \u00e4r k\u00e4nd som en fransk komposit\u00f6r, \u00e4lskad och hatad som f\u00e5 med sitt s\u00e4regna tonspr\u00e5k.<\/p>\n<p>En komposit\u00f6r g\u00f6r sig v\u00e4l inte som teater? Kanske \u00e4nd\u00e5. L\u00f6rdagen den 12 januari \u00e4r det premi\u00e4r p\u00e5 \u00d6stg\u00f6tateatern f\u00f6r <em>Satie<\/em>, p\u00e5 Teatervinden, den intima scenen h\u00f6gst uppe under tak\u00e5sarna p\u00e5 \u00d6stg\u00f6tateatern. En timsl\u00e5ng monolog med piano, om man s\u00e5 vill, en f\u00f6rest\u00e4llning av det lilla formatet.<\/p>\n<p><strong>Projektet \u00e4r ett samarbete mellan Kyri Sj\u00f6man och Christian Zell som tillsammans med Norrk\u00f6pingspianisten Mats Jansson,<\/strong> vaskat fram tr\u00e5darna i Saties liv och musik. Zell \u00e4r den som gestaltar Satie p\u00e5 scenen, men Satie var ju ocks\u00e5 en komposit\u00f6r och pianist. Allts\u00e5 sitter Mats Jansson vid pianot och fyller i d\u00e4r orden upph\u00f6r.<\/p>\n<p>Magnus M\u00f6llerstedt st\u00e5r f\u00f6r kostym och en scenografi som \u00e4r teckningsinspirerad. Sex f\u00f6rest\u00e4llningar smyger sig upp p\u00e5 Teatervinden nu i januari, i februari och l\u00e4ngre fram i v\u00e5r. Christian Zell passar p\u00e5 innan hans rollfigur Gomez tar hand om de sina i <em>Familjen Addams<\/em> som har nypremi\u00e4r 8 februari i Link\u00f6ping.<\/p>\n<p><em>Text: Sven \u00c5ke Molund och Ann-Charlotte Sandelin<br \/>\nFoto: Sven \u00c5ke Molund<\/em><\/p>\n<p>&nbsp;<\/p>\n<ul>\n<li>\n<h3>TEATERVINDEN \u00d6stg\u00f6tateatern Norrk\u00f6ping<\/h3>\n<\/li>\n<li><em>12, 13 januari, 2, 3 februari och 3, 4 april 2013<\/em><br \/>\n<strong>Satie<\/strong><br \/>\nAv Kyri Sj\u00f6man och Christian Zell<br \/>\nScenografi och kostym: Magnus M\u00f6llerstedt<br \/>\nMusik: Erik Satie<\/p>\n<ul>\n<li>MEDVERKANDE<br \/>\nChristian Zell, Mats Jansson<\/li>\n<\/ul>\n<\/li>\n<\/ul>\n<p>&nbsp;<\/p>\n<p>L\u00c4NKAR<br \/>\n\u00d6stg\u00f6tateatern <a title=\"\u00d6stg\u00f6tateatern\" href=\"http:\/\/www.ostgotateatern.se\" target=\"_blank\">hemsida<\/a><\/p>\n<p>FLER BILDER FR\u00c5N PRESSVISNINGEN \u2013 KLICKA<\/p>\n<p>[flickr-gallery mode=&#8221;photoset&#8221; photoset=&#8221;72157632474046314&#8243;]<\/p>\n","protected":false},"excerpt":{"rendered":"<p>NORRK\u00d6PING Cristian Zell och Mats Jansson gestaltar b\u00e5da Erik Satie i en f\u00f6rest\u00e4llning av det lilla formatet som snart har premi\u00e4r p\u00e5 Teatervinden. En timsl\u00e5ng monolog f\u00f6r en sk\u00e5despelare och en pianist. <a class=\"continue-reading-link\" href=\"https:\/\/www.kultursidan.nu\/?p=8604\">L\u00e4s mer <span class=\"meta-nav\">&rarr; <\/span><\/a><\/p>\n","protected":false},"author":1001006,"featured_media":0,"comment_status":"closed","ping_status":"open","sticky":false,"template":"","format":"standard","meta":{"_jetpack_memberships_contains_paid_content":false,"footnotes":""},"categories":[7],"tags":[12],"class_list":["post-8604","post","type-post","status-publish","format-standard","hentry","category-norrkoping","tag-teater"],"jetpack_featured_media_url":"","jetpack_sharing_enabled":true,"_links":{"self":[{"href":"https:\/\/www.kultursidan.nu\/index.php?rest_route=\/wp\/v2\/posts\/8604","targetHints":{"allow":["GET"]}}],"collection":[{"href":"https:\/\/www.kultursidan.nu\/index.php?rest_route=\/wp\/v2\/posts"}],"about":[{"href":"https:\/\/www.kultursidan.nu\/index.php?rest_route=\/wp\/v2\/types\/post"}],"author":[{"embeddable":true,"href":"https:\/\/www.kultursidan.nu\/index.php?rest_route=\/wp\/v2\/users\/1001006"}],"replies":[{"embeddable":true,"href":"https:\/\/www.kultursidan.nu\/index.php?rest_route=%2Fwp%2Fv2%2Fcomments&post=8604"}],"version-history":[{"count":0,"href":"https:\/\/www.kultursidan.nu\/index.php?rest_route=\/wp\/v2\/posts\/8604\/revisions"}],"wp:attachment":[{"href":"https:\/\/www.kultursidan.nu\/index.php?rest_route=%2Fwp%2Fv2%2Fmedia&parent=8604"}],"wp:term":[{"taxonomy":"category","embeddable":true,"href":"https:\/\/www.kultursidan.nu\/index.php?rest_route=%2Fwp%2Fv2%2Fcategories&post=8604"},{"taxonomy":"post_tag","embeddable":true,"href":"https:\/\/www.kultursidan.nu\/index.php?rest_route=%2Fwp%2Fv2%2Ftags&post=8604"}],"curies":[{"name":"wp","href":"https:\/\/api.w.org\/{rel}","templated":true}]}}