{"id":8698,"date":"2013-01-18T12:01:49","date_gmt":"2013-01-18T11:01:49","guid":{"rendered":"https:\/\/intelligent-friend-7861.standoutwp.com\/?p=8698"},"modified":"2013-11-22T20:46:19","modified_gmt":"2013-11-22T19:46:19","slug":"arbetets-museum-oppnar-dorren-till-hembygden-reportage","status":"publish","type":"post","link":"https:\/\/www.kultursidan.nu\/?p=8698","title":{"rendered":"Arbetets museum \u00f6ppnar d\u00f6rren till hembygden (reportage)"},"content":{"rendered":"<p><a href=\"http:\/\/www.flickr.com\/photos\/kultursidan\/8391048963\/\" title=\"Petra, Maria, Pamela, Stephani och Amanda. by Kultursidan, on Flickr\"><img loading=\"lazy\" decoding=\"async\" src=\"http:\/\/farm9.staticflickr.com\/8226\/8391048963_d678d012d2.jpg\" width=\"500\" height=\"332\" alt=\"Petra, Maria, Pamela, Stephani och Amanda.\"><\/a><\/p>\n<p><em>V\u00e4lkommen hem till oss. De h\u00e4r Hagebytjejerna har deltagit i projektet Hembygd \u2013 n\u00e5gonstans i Sverige som nu visas p\u00e5 Arbetets museum.<\/em><\/p>\n<p>&nbsp;<\/p>\n<h1><span style=\"color: #ff0000;\">N\u00e5gonstans i Sverige \u2013 nu i Norrk\u00f6ping<\/span><\/h1>\n<p>&nbsp;<\/p>\n<p><strong>Det \u00e4r pressvisning p\u00e5 Arbetets museum och jag \u00e4r en ung reporter. <\/strong>Det \u00e4r n\u00e4stan s\u00e5 att jag kan misstas f\u00f6r en av de fem gymnasietjejer fr\u00e5n Norrk\u00f6ping som faktiskt bidragit till <em>Hembygd \u2013 n\u00e5gonstans i Sverige<\/em>. Producenterna Annica Bergdahl Carlsson och Jerker Andersson ger en f\u00f6rklarande rundtur medan de unga tjejerna, \u00e5tminstone inledningsvis, h\u00e5ller l\u00e5g profil vid sidan av.<\/p>\n<p>Men projektet handlar om allt annat \u00e4n ungas tystnad. Tv\u00e4rtom ska deras r\u00f6ster h\u00f6ras. I b\u00f6rjan av utst\u00e4llningen finns en installation liknande en busskur d\u00e4r man kan sitta och lyssna p\u00e5 ungdomars inspelade r\u00f6ster. Hur k\u00e4nner de f\u00f6r Sverige? N\u00e4raliggande finns ocks\u00e5 en v\u00e4gg med korta meningar. Hur kan de p\u00e5verka?<\/p>\n<p>\u2013 Vad vi \u00e4n g\u00f6r, om man s\u00e5 h\u00e5ller upp en d\u00f6rr f\u00f6r en annan m\u00e4nniska, det p\u00e5verkar, po\u00e4ngterar Annica Bergdahl Carlsson.<\/p>\n<p>Hon menar att det \u00e4r viktigt att ungdomar inser sin makt och potential. De 116 ungdomar som intervjuats och filmats har sj\u00e4lva f\u00e5tt best\u00e4mma platsen d\u00e4r det skett, deras personliga hembygd i det offentliga rummet. Generellt har de valt lugna platser och bekr\u00e4ftat bilden av svensken som naturromantisk. \u00c4nd\u00e5 har personerna v\u00e4ldigt olika social bakgrund, erfarenheter, intressen och f\u00f6ruts\u00e4ttningar. Jag l\u00e4gger m\u00e4rke till att inte ens de handikappade gl\u00f6mts bort i videoklippen, ett av dem visar n\u00e4mligen en rullstolsbunden. Och medan n\u00e5gon har en v\u00e4ldigt excentrisk kl\u00e4dstil och frisyr, ser n\u00e5gon annan helt vanlig ut. Tjejer och killar, ljusa och m\u00f6rka \u2013 h\u00e4r f\u00e5r alla synas.<\/p>\n<p><strong>Jag ser mig omkring. Hittar sp\u00e4nnande texter. <\/strong>Det \u00e4r 750 gymnasister p\u00e5 praktiska och teoretiska program som med hj\u00e4lp av en konstn\u00e4rlig handledare f\u00e5tt skriva om hembygd, grannar och fredagskv\u00e4llar. Jag fastnar f\u00f6r denna av ok\u00e4nd f\u00f6rfattare:<\/p>\n<p style=\"padding-left: 30px;\"><em>Min favoritgranne har jag ovanf\u00f6r mig. Jag vet inte vad hon heter eller hur gammal hon \u00e4r, kanske 70-80 \u00e5r. En g\u00e5ng stoppade hon mig i trapphuset och bad om urs\u00e4kt ifall kastrullen som hon tappade i golvet kv\u00e4llen innan f\u00f6rde ov\u00e4sen. \u201dDet gjorde den verkligen inte\u201d, sa jag. Innan visste jag inte ens att hon fanns. Nu t\u00e4nker jag p\u00e5 henne varje g\u00e5ng jag kokar vatten.<\/em><\/p>\n<p>Och jag t\u00e4nker att denna utst\u00e4llning kanske inte bara handlar om ungdomar \u00e4nd\u00e5. Den handlar om vad man ser, vilka det \u00e4r som syns och tar plats. Vem ger man egentligen m\u00f6jlighet till det?<\/p>\n<p><strong>Kameror och mikrofoner \u00f6verallt.<\/strong> Det \u00e4r en speciell dag f\u00f6r Norrk\u00f6pingstjejerna Petra, Maria, Pamela, Stephani och Amanda. SVT och TV4 bland andra t\u00e4vlar om vem som f\u00f6rst ska f\u00e5 fr\u00e5ga ut dem om deras syn p\u00e5 hembygden. Alla tycks vilja ha en intervju, och tjejerna vrider obekv\u00e4mt men smickrat p\u00e5 sig \u2013 och f\u00f6rs\u00f6ker att besvara fr\u00e5gorna s\u00e5 gott de kan.<\/p>\n<p>N\u00e4r jag v\u00e4l b\u00f6rjar prata med dem f\u00e5r vi snabbt en ganska personlig kontakt. Jag k\u00e4nner till deras hembygd eftersom jag sj\u00e4lv \u00e4r uppvuxen i den. En av tjejerna skrattar \u00e5t att hon svarat en reporter att hon ser Hageby som paradiset. En annan h\u00e5ller med om att det \u00e4r sv\u00e5rt att komma p\u00e5 n\u00e5got bra att s\u00e4ga n\u00e4r man v\u00e4l har chansen.\u2028\u2028\u201dSen ligger man hemma i s\u00e4ngen efter\u00e5t och t\u00e4nker p\u00e5 vad man borde ha sagt\u201d, s\u00e4ger hon.<\/p>\n<p>De tycker alla om att fika, men pluggar olika inriktningar \u2013 bland dem fris\u00f6r och ekonomi. Trots deltagandet i projektet k\u00e4nner de inte att de kan p\u00e5verka s\u00e5 mycket i samh\u00e4llet, men de tycker det \u00e4r kul att ha f\u00e5tt vara med i en bok i och med medverkandet.<\/p>\n<p>Hageby beskrivs som \u201cchill\u201d eftersom de sj\u00e4lva \u201cinte har blivit utsatta f\u00f6r n\u00e5got\u201c, med undantag f\u00f6r en av dem vars bostad r\u00e5kat ut f\u00f6r brand. Nu f\u00e5r hon bo i huset intill tills vattenskadan efter eldsl\u00e4ckningen \u00e4r lagad, men det verkar hon n\u00f6jd med. Det \u00e4r ett g\u00e4ng glada och skojfriska tjejer som ser fram emot att se Legacy Crew dansa och Adam Tensta sjunga vid utst\u00e4llningens riktiga invigning p\u00e5 l\u00f6rdag.<\/p>\n<p><strong>Annica Bergdahl Carlsson har bakgrund som b\u00e5de journalist och socionom. <\/strong>Hon har ett naturligt intresse f\u00f6r unga m\u00e4nniskor och tycker att det brukar r\u00e4cka f\u00f6r att f\u00e5 dem att \u00f6ppna upp. S\u00e5 fort de k\u00e4nner att n\u00e5gon vuxen verkligen bryr sig om dem brukar de vilja prata, s\u00e4ger hon. Jerker Andersson st\u00e4mmer in med ett exempel om en kille som snabbt ber\u00e4ttade om slutet med sin f\u00f6rra tjej. Hans hembygd fick honom att minnas.<\/p>\n<p>\u2013 Han ville ber\u00e4tta f\u00f6r oss. Och vi har inte gjort en massa omtagningar, vi har bara tagit oss till platserna s\u00e5 har ungdomarna f\u00e5tt s\u00e4ga vad de sj\u00e4lva vill.<\/p>\n<p><strong>Ut\u00f6ver utst\u00e4llningen och boken finns den digitala plattformen <\/strong>www.nagonstansisverige.se.<strong> <\/strong>D\u00e4r finns \u00e4nnu fler tankar om makt, f\u00f6rdomar och om vad som skulle h\u00e4nda om Sverige ockuperades. Vart skulle man d\u00e5 ta v\u00e4gen? Tv\u00e5 \u00e5r har det arbetats med detta projekt, och nu \u00e4r utst\u00e4llningen bokad runt om i landet fram till v\u00e5ren 2015. Den bara v\u00e4ntar p\u00e5 att bli sedd och h\u00f6rd.<\/p>\n<p><em>Text: Melinda Reyes Hiltunen<\/em><em><br \/>\nFoto: Sven \u00c5ke Molund<\/em><\/p>\n<p>&nbsp;<\/p>\n<ul>\n<li>\n<h3>ARBETETS MUSEUM Norrk\u00f6ping<\/h3>\n<\/li>\n<li><em>19 januari \u2013 14 april 2013<\/em><br \/>\n<strong>Hembygd &#8211; n\u00e5gonstans i Sverige<\/strong><br \/>\nProd: Annica Carlsson Bergdahl och Jerker Andersson<\/p>\n<ul>\n<li><em>Vernissage 19 januari kl 14<\/em><br \/>\nmed artisten Adam Tensta, estradpoeten Olivia Bergdahl<br \/>\noch dansgruppen Legacy Crew<br \/>\nsamt museichefen Niklas Cserhalmi<\/li>\n<\/ul>\n<\/li>\n<\/ul>\n<p>L\u00c4NKAR<br \/>\nArbetets museum <a title=\"Arbetets museum\" href=\"http:\/\/www.arbetetsmuseum.se\" target=\"_blank\">hemsida <\/a><br \/>\nN\u00e5gonstans i Sverige projektets <a title=\"Projektet\" href=\"http:\/\/www.nagonstansisverige.se\/\" target=\"_blank\">hemsida <\/a><\/p>\n<p>FLER BILDER FR\u00c5N HEMBYGD \u2013 KLICKA<\/p>\n<p>[flickr-gallery mode=&#8221;photoset&#8221; photoset=&#8221;72157632547693017&#8243;]<\/p>\n<p>&nbsp;<\/p>\n","protected":false},"excerpt":{"rendered":"<p>NORRK\u00d6PING Vad s\u00e4ger unga om Sverige n\u00e4r n\u00e5gon faktiskt lyssnar? Det \u00e4r en fr\u00e5ga som den nya utst\u00e4llningen av Annica Bergdahl Carlsson och Jerker Andersson behandlar. Adam Tensta \u00e4r med och inviger Hembygd \u2013 n\u00e5gonstans i Sverige. <a class=\"continue-reading-link\" href=\"https:\/\/www.kultursidan.nu\/?p=8698\">L\u00e4s mer <span class=\"meta-nav\">&rarr; <\/span><\/a><\/p>\n","protected":false},"author":1001006,"featured_media":0,"comment_status":"closed","ping_status":"open","sticky":false,"template":"","format":"standard","meta":{"_jetpack_memberships_contains_paid_content":false,"footnotes":""},"categories":[7],"tags":[47],"class_list":["post-8698","post","type-post","status-publish","format-standard","hentry","category-norrkoping","tag-utstallning"],"jetpack_featured_media_url":"","jetpack_sharing_enabled":true,"_links":{"self":[{"href":"https:\/\/www.kultursidan.nu\/index.php?rest_route=\/wp\/v2\/posts\/8698","targetHints":{"allow":["GET"]}}],"collection":[{"href":"https:\/\/www.kultursidan.nu\/index.php?rest_route=\/wp\/v2\/posts"}],"about":[{"href":"https:\/\/www.kultursidan.nu\/index.php?rest_route=\/wp\/v2\/types\/post"}],"author":[{"embeddable":true,"href":"https:\/\/www.kultursidan.nu\/index.php?rest_route=\/wp\/v2\/users\/1001006"}],"replies":[{"embeddable":true,"href":"https:\/\/www.kultursidan.nu\/index.php?rest_route=%2Fwp%2Fv2%2Fcomments&post=8698"}],"version-history":[{"count":0,"href":"https:\/\/www.kultursidan.nu\/index.php?rest_route=\/wp\/v2\/posts\/8698\/revisions"}],"wp:attachment":[{"href":"https:\/\/www.kultursidan.nu\/index.php?rest_route=%2Fwp%2Fv2%2Fmedia&parent=8698"}],"wp:term":[{"taxonomy":"category","embeddable":true,"href":"https:\/\/www.kultursidan.nu\/index.php?rest_route=%2Fwp%2Fv2%2Fcategories&post=8698"},{"taxonomy":"post_tag","embeddable":true,"href":"https:\/\/www.kultursidan.nu\/index.php?rest_route=%2Fwp%2Fv2%2Ftags&post=8698"}],"curies":[{"name":"wp","href":"https:\/\/api.w.org\/{rel}","templated":true}]}}