{"id":8766,"date":"2013-01-23T22:49:44","date_gmt":"2013-01-23T21:49:44","guid":{"rendered":"https:\/\/intelligent-friend-7861.standoutwp.com\/?p=8766"},"modified":"2013-11-22T20:40:09","modified_gmt":"2013-11-22T19:40:09","slug":"minne","status":"publish","type":"post","link":"https:\/\/www.kultursidan.nu\/?p=8766","title":{"rendered":"Minne"},"content":{"rendered":"<p><a href=\"http:\/\/www.flickr.com\/photos\/kultursidan\/8408561531\/\" title=\"bread-on-hearses \u2013 teckning fr\u00e5n Theresienstadt by Kultursidan, on Flickr\"><img loading=\"lazy\" decoding=\"async\" src=\"http:\/\/farm9.staticflickr.com\/8495\/8408561531_850dfd8a37.jpg\" width=\"487\" height=\"349\" alt=\"bread-on-hearses \u2013 teckning fr\u00e5n Theresienstadt\"><\/a><\/p>\n<p><em>Dr\u00f6mmar om br\u00f6d i \u00f6verfl\u00f6d. En k\u00e4nd barnteckning fr\u00e5n Theresienstadt.<\/em><\/p>\n<p>&nbsp;<\/p>\n<h1><span style=\"color: #ff0000;\">Barnteckningar fr\u00e5n Theresienstadt<\/span><\/h1>\n<p>&nbsp;<\/p>\n<p><strong>Norrk\u00f6ping har under flera \u00e5r h\u00f6gtidligh\u00e5llit minnet av F\u00f6rintelsen.<\/strong> Staden tog emot m\u00e5nga av de utsatta f\u00e5ngarna n\u00e4r koncentrationsl\u00e4gren \u00e4ntligen \u00f6ppnades. I \u00e5r genomf\u00f6rs flera arrangemang \u00e4n tidigare under sammanlagt fem dagar. F\u00f6rintelsens minnesdag h\u00e5lls den 27 januari till minne av att koncentrationsl\u00e4ger Auschwitz befriades den dagen \u00e5r 1945.<\/p>\n<p>Ut\u00f6ver en l\u00e5ng rad f\u00f6rel\u00e4sningar och samtal h\u00e5lls en konsert i S:t Olai och \u00f6ppet hus i Synagogan. Nytt f\u00f6r i \u00e5r \u00e4r tv\u00e5 konstutst\u00e4llningar samt en utst\u00e4llning med teckningar av barnen i koncentrationsl\u00e4gret Theresienstadt.<\/p>\n<p><em>Text: Ann-Charlotte Sandelin<br \/>\nFoto\/bilder: <\/em>Theresienstadt, <em>Ann-Charlotte Sandelin, G\u00f6ran Rosenberg och Ali M Ismael<\/em><\/p>\n<p>HELA PROGRAMMET EFTER BILDERNA<\/p>\n<p><em><br \/>\n<\/em>FLER BILDER INF\u00d6R F\u00d6RINTELSENS MINNESDAG \u2013 KLICKA<\/p>\n<p>[flickr-gallery mode=&#8221;photoset&#8221; photoset=&#8221;72157632592389857&#8243;]<\/p>\n<p>&nbsp;<\/p>\n<ul>\n<li>\n<h3>F\u00d6RINTELSENS MINNESDAG Norrk\u00f6ping<\/h3>\n<\/li>\n<li><em>24\u201328 januari 2013<\/em><\/li>\n<li>TORSDAG<\/li>\n<li><em>Kl 13\u201315<\/em> ABF Bergslagsg\u00e5rden<br \/>\n<strong>Historien om ett flyktingl\u00e4ger<br \/>\n<\/strong>Arr: F\u00f6reningens Doverstorps flyktingl\u00e4ger<\/li>\n<li><em>Kl 17.30\u201319<\/em> Stadsbiblioteket<br \/>\n<strong>En chokladboll, tack!<br \/>\n<\/strong>Arr: Byr\u00e5n mot diskriminering<\/li>\n<li><em>Kl 18\u201320 <\/em>Galleri Dag Andersson <em>Vernissage<\/em><br \/>\n<strong>Warzawas ghetto 1943<\/strong><br \/>\nM\u00e5lningar av Peter Freudenthal<\/li>\n<li>FREDAG<\/li>\n<li><em>Kl 13\u201317 <\/em>Galleri Dag Andersson<br \/>\n<strong>Warzawas ghetto 1943<\/strong><br \/>\nM\u00e5lningar av Peter Freudenthal<\/li>\n<li>L\u00d6RDAG<\/li>\n<li>Kl 12\u201316 ABF Bergslagsg\u00e5rden<br \/>\n<strong>Srebrenica \u2013 Aldrig gl\u00f6mmas, aldrig upprepas!<br \/>\n<\/strong>Fotoutst\u00e4llning (visas 7 januari \u2013 28 februari)<br \/>\nArr: Bosniska islamska f\u00f6rsamlingen och ABF \u00d6sterg\u00f6tland<\/li>\n<li>Kl 13\u201317 Norrk\u00f6pings konstmuseum<br \/>\nI kaf\u00e9t: <strong>Ali M Ismael<\/strong> visar fem m\u00e5lningar <em>Vernissage<\/em><br \/>\nI Harlekinen: <strong>Teckningar<\/strong> fr\u00e5n skolan i Theresienstadt och filmen <em>Helga L520<\/em><\/li>\n<li><em>Kl 13\u201317 <\/em>Galleri Dag Andersson<br \/>\n<strong>Warzawas ghetto 1943<\/strong><br \/>\nM\u00e5lningar av Peter Freudenthal<\/li>\n<li><em>Kl 17 <\/em>S:t Olai kyrka<br \/>\n<strong>Konsert<\/strong> med Violinist Jaroskav Sonsky, pianist Sylvaine Wiart samt Martinu Strings, Prag, som framf\u00f6r verk av Schubert, Debussy samt Sjostakovitj kammarsymfoni.<strong> <\/strong>F\u00f6rfattaren G\u00f6ran Rosenberg medverkar under konserten med reflektioner fr\u00e5n sin bok <em>Ett kort uppeh\u00e5ll p\u00e5 v\u00e4gen fr\u00e5n Auschwitz<\/em>.<\/li>\n<li>S\u00d6NDAG<\/li>\n<li><em>Kl 11<\/em> S:t Olai kyrka<br \/>\n<strong>M\u00e4ssa \u2013 N\u00e4r m\u00e4nniskov\u00e4rdet s\u00e4tts \u00e5t sidan<\/strong><br \/>\nResekonfirmanderna ber\u00e4ttar om koncentrationsl\u00e4gret Sachsenhausen<br \/>\nArr: S:t Olofs f\u00f6rsamling<\/li>\n<li><em>Kl 12 <\/em>S:t Olai kyrka<br \/>\n<strong>Att vara rom \u2013 f\u00f6rf\u00f6ljd och diskriminerad \u2013 ig\u00e5r, idag och i framtiden?<br \/>\n<\/strong>Baki Hasan, ordf i f\u00f6reningen Center f\u00f6r romsk kulturutveckling.\u2028Susanna L\u00f6fgren, diakon i Svenska kyrkan Nes\u00e2t Sonki<\/li>\n<li><em>Kl 13\u201317 <\/em>Galleri Dag Andersson<br \/>\n<em>Kl 12 <\/em>Konsert: <strong>Freudenthal Yiddish Band<\/strong><br \/>\nUtst\u00e4llningen presenteras<br \/>\n<strong>Warzawas ghetto 1943<\/strong><br \/>\nM\u00e5lningar av Peter Freudenthal<\/li>\n<li>Kl 13\u201317 Norrk\u00f6pings konstmuseum<br \/>\nI kaf\u00e9t: <strong>Ali M Ismael<\/strong> visar fem m\u00e5lningar <em>Vernissage<\/em><br \/>\nI Harlekinen: <strong>Teckningar<\/strong> fr\u00e5n skolan i Theresienstadt och filmen <em>Helga L520<\/em><\/li>\n<li><em>Kl 13 <\/em>Stadsmuseet<br \/>\n<strong>Stadsvandring<br \/>\n<\/strong>Visar sp\u00e5ren av tidigare seklers invandrare och hur F\u00f6rintelsens offer togs emot i Norrk\u00f6ping.<br \/>\nAvslutas vid synagogan.<\/li>\n<li><em>Kl 13.45\u201314.30 <\/em>Synagogan<br \/>\n<strong>\u00d6ppet hus<br \/>\n<\/strong>Arr: Mosaiska f\u00f6rsamlingen<\/li>\n<li><em>Kl 14.45 <\/em>Tyska torget<br \/>\nUlf Tellin spelar <em>Schindlers list<\/em> p\u00e5 R\u00e5dhusets klockspel<br \/>\nTal av kommunfullm\u00e4ktiges ordf\u00f6rande Eva Andersson. Tyst minut<\/li>\n<li><em>Kl 15<\/em> Hedvigs pr\u00e4stg\u00e5rd<br \/>\n<strong>Att som ung drabbas av F\u00f6rintelsen<br \/>\n<\/strong>Med Ewa Wahren och Susanna Christensson<\/li>\n<li><em>Kl 15.15 <\/em>Cnema<br \/>\n<strong>Free men<\/strong><br \/>\nFilm om muslimska frihetsk\u00e4mpar som hj\u00e4per judar att fly under andra v\u00e4rldskriget.<\/li>\n<li><em>Kl 15.30 <\/em>Tyska torget<br \/>\n<strong>Speak truth to Power<br \/>\n<\/strong>Bildspel om<strong> <\/strong>m\u00e4nniskor\u00e4ttsf\u00f6rsvarare som riskerar f\u00e4ngelse, tortyr och d\u00f6d<br \/>\ni sin kamp f\u00f6r grundl\u00e4ggande r\u00e4ttigheter.<\/li>\n<li><em>Kl 16.30 <\/em>Synagogan<br \/>\n<strong>Att bygga broar<br \/>\n<\/strong>Samtal mellan Morten H Narrowe, \u00f6verrabbin Stockholms synagoga,<br \/>\nImam Zekerijah Cajlakovic, Bosniska Islamiska f\u00f6rsamlingen,<br \/>\nkommunfullm\u00e4ktiges ordf\u00f6rande Eva Andersson<br \/>\nsamt kyrkoherde Katarina W\u00e4ndahl, Svenska kyrkan.<br \/>\nSamtalet leds av Willy Silberstein, Svenska kommitt\u00e9n mot antisemitism.<br \/>\nArr: Mosaiska f\u00f6rsamlingen<\/li>\n<li><em>Kl 18 <\/em>Synagogan<br \/>\n<strong>Fackelt\u00e5g till judiska begravningsplatsen<br \/>\n<\/strong>Med landsh\u00f6vding Elisabeth Nilsson och Peter Freudenthal<\/li>\n<li>M\u00c5NDAG<\/li>\n<li><em>Kl 13\u201317 <\/em>Galleri Dag Andersson<br \/>\n<strong>Warzawas ghetto 1943<\/strong><br \/>\nM\u00e5lningar av Peter Freudenthal<\/li>\n<\/ul>\n","protected":false},"excerpt":{"rendered":"<p>24-28 JAN Samtal, konstutst\u00e4llningar, konsert och barnteckningar fr\u00e5n koncentrationsl\u00e4gret i Therensienstadt i samband med F\u00f6rintelsedagen 27 januari. <a class=\"continue-reading-link\" href=\"https:\/\/www.kultursidan.nu\/?p=8766\">L\u00e4s mer <span class=\"meta-nav\">&rarr; <\/span><\/a><\/p>\n","protected":false},"author":1001006,"featured_media":0,"comment_status":"closed","ping_status":"open","sticky":false,"template":"","format":"standard","meta":{"_jetpack_memberships_contains_paid_content":false,"footnotes":""},"categories":[71],"tags":[57,54,14,13],"class_list":["post-8766","post","type-post","status-publish","format-standard","hentry","category-straxt","tag-berattande","tag-evenemang","tag-konst","tag-musik"],"jetpack_featured_media_url":"","jetpack_sharing_enabled":true,"_links":{"self":[{"href":"https:\/\/www.kultursidan.nu\/index.php?rest_route=\/wp\/v2\/posts\/8766","targetHints":{"allow":["GET"]}}],"collection":[{"href":"https:\/\/www.kultursidan.nu\/index.php?rest_route=\/wp\/v2\/posts"}],"about":[{"href":"https:\/\/www.kultursidan.nu\/index.php?rest_route=\/wp\/v2\/types\/post"}],"author":[{"embeddable":true,"href":"https:\/\/www.kultursidan.nu\/index.php?rest_route=\/wp\/v2\/users\/1001006"}],"replies":[{"embeddable":true,"href":"https:\/\/www.kultursidan.nu\/index.php?rest_route=%2Fwp%2Fv2%2Fcomments&post=8766"}],"version-history":[{"count":0,"href":"https:\/\/www.kultursidan.nu\/index.php?rest_route=\/wp\/v2\/posts\/8766\/revisions"}],"wp:attachment":[{"href":"https:\/\/www.kultursidan.nu\/index.php?rest_route=%2Fwp%2Fv2%2Fmedia&parent=8766"}],"wp:term":[{"taxonomy":"category","embeddable":true,"href":"https:\/\/www.kultursidan.nu\/index.php?rest_route=%2Fwp%2Fv2%2Fcategories&post=8766"},{"taxonomy":"post_tag","embeddable":true,"href":"https:\/\/www.kultursidan.nu\/index.php?rest_route=%2Fwp%2Fv2%2Ftags&post=8766"}],"curies":[{"name":"wp","href":"https:\/\/api.w.org\/{rel}","templated":true}]}}