{"id":8780,"date":"2013-01-25T12:59:19","date_gmt":"2013-01-25T11:59:19","guid":{"rendered":"https:\/\/intelligent-friend-7861.standoutwp.com\/?p=8780"},"modified":"2018-11-29T17:56:30","modified_gmt":"2018-11-29T16:56:30","slug":"stramt-och-gripande-av-peter-freudenthal-reportage","status":"publish","type":"post","link":"https:\/\/www.kultursidan.nu\/?p=8780","title":{"rendered":"Stramt och gripande av Peter Freudenthal (reportage)"},"content":{"rendered":"<p><a title=\"Peter Freudenthal: ur sviten Warzawas ghetto 1943 (till v\u00e4nster skildras inlastningen i godsvagnar, rakt fram brinner ghettot)\" href=\"https:\/\/www.flickr.com\/photos\/kultursidan\/8411390433\/in\/album-72157632599779185\/\"><img loading=\"lazy\" decoding=\"async\" src=\"https:\/\/farm9.staticflickr.com\/8470\/8411390433_518b9e9749.jpg\" alt=\"Peter Freudenthal: ur sviten Warzawas ghetto 1943 (till v\u00e4nster skildras inlastningen i godsvagnar, rakt fram brinner ghettot)\" width=\"500\" height=\"306\" \/><\/a><br \/>\n<em>Peter Freudenthal har m\u00e5lat sin kanske mest sv\u00e5ra svit n\u00e5gonsin, den om Warzawas ghetto. Till v\u00e4nster skildras inlastningen i godsvagnar, rakt fram brinner ghettot.<\/em><\/p>\n<p>&nbsp;<\/p>\n<h1><span style=\"color: #ff0000;\">Ny svit om motst\u00e5nd och f\u00f6rintelse<\/span><\/h1>\n<p>&nbsp;<\/p>\n<p><strong>Jag har l\u00e4rt mig att k\u00e4nna igen Peter Freudenthals spr\u00e5k.<\/strong> Med uts\u00f6kt k\u00e4nsla f\u00f6r icke-balans slungar han inramade kvadrater genom rymder. Berg och dalar blir till sneda vinklar. Huskroppar och m\u00e4nniskogestalter reduceras till rektanglar. F\u00e4rgerna \u00e4r starka och rena, pr\u00f6vas st\u00e4ndigt i nya f\u00e4rgst\u00e4llningar. Det blir alltid vackert. Det finns alltid en mening. Konstn\u00e4rligt betecknar han sig som abstrakt realist.<\/p>\n<p><strong>Den h\u00e4r g\u00e5ngen \u00e4r Peter Freudenthal bekymrad \u00f6ver detta sitt sk\u00f6na form- och f\u00e4rgspr\u00e5k.<\/strong> Det \u00e4r en helt ny svit som f\u00f6r f\u00f6rsta g\u00e5ngen st\u00e4lls ut, p\u00e5 Galleri Dag Andersson i Norrk\u00f6ping, under titeln <em>Warzawas ghetto 1943. <\/em>Utst\u00e4llningen varar bara \u00f6ver den f\u00f6rl\u00e4ngda helgen, sedan h\u00e4nger galleristen tillbaka Kerro Holmbergs<em> Tides and Gazes.<br \/>\n<\/em><\/p>\n<p>\u2013 Det \u00e4r sv\u00e5rt n\u00e4r det \u00e4r s\u00e5 estetiskt tilltalande, s\u00e4ger Peter Freudenthal och menar att det inte bara varit en konstn\u00e4rligt tung utmaning att gestalta temat som v\u00e4cktes inom honom under en resa till Warzawa.<\/p>\n<p>Han skulle p\u00e5 en konferens men hamnade p\u00e5 den judiska begravningsplatsen, som visserligen \u00e4r vanv\u00e5rdad men \u00e4nd\u00e5 finns kvar. Och han s\u00e5g den ruinrest med adress Milagatan 18 som p\u00e5minner om att h\u00e4r gjorde judarna uppror mot \u00f6vermakten, under en m\u00e5nad v\u00e5ren 1943.<\/p>\n<p>&nbsp;<\/p>\n<p><a title=\"Peter Freudenthal visar nya sviten Warzawas ghetto 1943 p\u00e5 Galleri Dag Andersson\" href=\"https:\/\/www.flickr.com\/photos\/kultursidan\/8412487594\/in\/album-72157632599779185\/\"><img loading=\"lazy\" decoding=\"async\" src=\"https:\/\/farm9.staticflickr.com\/8329\/8412487594_5dbf281601.jpg\" alt=\"Peter Freudenthal visar nya sviten Warzawas ghetto 1943 p\u00e5 Galleri Dag Andersson\" width=\"500\" height=\"292\" \/><\/a><br \/>\n<em>Peter Freudenthal visar nya sviten Warzawas ghetto 1943 p\u00e5 Galleri Dag Andersson.<\/em><\/p>\n<p>&nbsp;<\/p>\n<p><strong>Sv\u00e5rast att m\u00e5la var det sista verket i sviten, det som f\u00f6rest\u00e4ller den stora branden som d\u00f6dade tusen och \u00e5ter tusen m\u00e4nniskor i ghettot.<\/strong> Medan tivolibes\u00f6karna strax intill kunde se p\u00e5 det som ren underh\u00e5llning.<\/p>\n<p>De r\u00f6da och gula l\u00e5gorna flammar upp mellan huskropparna i natten, virvlar \u00f6ver staden och faller som aska ner \u00f6ver tivolit och dess bes\u00f6kare. Jag l\u00e4ser av skeendet s\u00e5 som konstn\u00e4ren m\u00e5lat det, f\u00e4rgernas starka kontraster underl\u00e4ttar tolkningen.<\/p>\n<p>Konstn\u00e4ren \u00e4r m\u00e5n om sitt strama uttryck och vet s\u00e5 v\u00e4l hur han t\u00e4nkt sig var detalj. \u00c4nd\u00e5 finns d\u00e4r ett utrymme f\u00f6r betraktarens egna tolkningar. I virvlandet ser jag en hel v\u00e4rld f\u00f6r\u00f6das, 1800-talets positivistiska tro p\u00e5 m\u00e4nsklighetens framsteg.<\/p>\n<p>Hakkorset som finns i flera av bilderna \u00e4r f\u00f6rst\u00e5s mycket styrande, det g\u00e5r inte att bortse fr\u00e5n. Peter Freudenthal s\u00e4ger att det m\u00e5ste vara d\u00e4r, f\u00f6r att det var nazisterna som l\u00e5g bakom F\u00f6rintelsen. \u00c4ven om det inneb\u00e4r att han aldrig kan visa sina m\u00e5lningar i Tyskland, d\u00e4r hakkorset \u00e4r f\u00f6rbjudet.<\/p>\n<p><strong>F\u00f6r den som kan historien \u00e4r merparten av bilderna l\u00e4ttolkade trots att de saknar individuella titlar.<\/strong> Har Peter Freudenthal hamnat i f\u00e4llan plakatkonst? Inte i mina \u00f6gon; just detta, att han tvingat sig att m\u00e5la hur nazismens genomsyrar samh\u00e4llet, t\u00e5gtransporterna, tomheten i ghettot n\u00e4r alla \u00e4r borta och d\u00f6da med sin egen kombination av stramhet och f\u00e4rggl\u00e4dje, g\u00f6r att bilderna griper tag inom mig.<\/p>\n<p><strong>Och \u00e4r Peter Freudenthals stil verkligen s\u00e5 sj\u00e4lvklar som jag tror?<\/strong> I galleriets kontor h\u00e4nger \u2013 utanf\u00f6r utst\u00e4llningen \u2013 tv\u00e5 helt nya verk med motiv fr\u00e5n Bodrum i Turkiet. F\u00e4lten, kvadraterna och rektanglarna finns visst d\u00e4r, tillsammans med f\u00e4rgerna. Men pl\u00f6tsligt har en n\u00e4rmast svart, rutad bakgrund tagit plats \u2013 ruinerna av kungen Mausollos grav som h\u00f6lls f\u00f6r ett av den antika v\u00e4rldens sju underverk. Peter Freudenthal g\u00e5r vidare.<\/p>\n<p><em>Text och foto: Ann-Charlotte Sandelin<\/em><\/p>\n<ul>\n<li>\n<h3>GALLERI DAG ANDERSSON Norrk\u00f6ping<\/h3>\n<\/li>\n<li><em>24-28 januari 2013<\/em><strong><br \/>\nPeter Freudenthal<br \/>\nWarzawas ghetto 1943<\/strong><br \/>\nM\u00e5lningar<\/li>\n<\/ul>\n<p>L\u00c4NKAR<br \/>\nPeter Freudenthal <a title=\"Peter Freudenthal\" href=\"http:\/\/peter.freudenthal.tv\" target=\"_blank\" rel=\"noopener\">hemsida<\/a><br \/>\nGalleri Dag Andersson <a title=\"Galleri Dag Andersson\" href=\"http:\/\/www.galleridagandersson.se\/\" target=\"_blank\" rel=\"noopener\">hemsida<\/a><br \/>\nMinne <a title=\"Minne\" href=\"https:\/\/www.kultursidan.nu\/?p=8766\" target=\"_blank\" rel=\"noopener\">artikel med program <\/a>Kultursidan.nu 23\/1 2013<\/p>\n<p>BILDSPEL \u2013 KLICKA P\u00c5 BILDENS PILAR<\/p>\n<p><a data-flickr-embed='true' href='https:\/\/www.flickr.com\/photos\/kultursidan\/albums\/72157632599779185' title='Peter Freudenthal, Galleri Dag Andersson 2013 by Kultursidan, on Flickr'><img src='https:\/\/live.staticflickr.com\/8078\/8412488104_880a57ec61_z.jpg' width='800' height='600' alt='Sviten Warzawas ghetto 1943 som sm\u00e5 skisser'><\/a><script async src='https:\/\/embedr.flickr.com\/assets\/client-code.js' charset='utf-8'><\/script><\/p>\n","protected":false},"excerpt":{"rendered":"<p>NORRK\u00d6PING En resa till Warzawa blev en resa in i en av den judiska historiens m\u00f6rkaste kapitel, ghettot som den nazistiska ockupationsmakten skapade i den polska huvudstaden. Aldrig har F\u00f6rintelsen getts s\u00e5 skarpa f\u00e4rger som i utst\u00e4llningen Warzawas ghetto 1943. <a class=\"continue-reading-link\" href=\"https:\/\/www.kultursidan.nu\/?p=8780\">L\u00e4s mer <span class=\"meta-nav\">&rarr; <\/span><\/a><\/p>\n","protected":false},"author":1001006,"featured_media":0,"comment_status":"closed","ping_status":"open","sticky":false,"template":"","format":"standard","meta":{"_jetpack_memberships_contains_paid_content":false,"footnotes":""},"categories":[7],"tags":[14],"class_list":["post-8780","post","type-post","status-publish","format-standard","hentry","category-norrkoping","tag-konst"],"jetpack_featured_media_url":"","jetpack_sharing_enabled":true,"_links":{"self":[{"href":"https:\/\/www.kultursidan.nu\/index.php?rest_route=\/wp\/v2\/posts\/8780","targetHints":{"allow":["GET"]}}],"collection":[{"href":"https:\/\/www.kultursidan.nu\/index.php?rest_route=\/wp\/v2\/posts"}],"about":[{"href":"https:\/\/www.kultursidan.nu\/index.php?rest_route=\/wp\/v2\/types\/post"}],"author":[{"embeddable":true,"href":"https:\/\/www.kultursidan.nu\/index.php?rest_route=\/wp\/v2\/users\/1001006"}],"replies":[{"embeddable":true,"href":"https:\/\/www.kultursidan.nu\/index.php?rest_route=%2Fwp%2Fv2%2Fcomments&post=8780"}],"version-history":[{"count":2,"href":"https:\/\/www.kultursidan.nu\/index.php?rest_route=\/wp\/v2\/posts\/8780\/revisions"}],"predecessor-version":[{"id":39250,"href":"https:\/\/www.kultursidan.nu\/index.php?rest_route=\/wp\/v2\/posts\/8780\/revisions\/39250"}],"wp:attachment":[{"href":"https:\/\/www.kultursidan.nu\/index.php?rest_route=%2Fwp%2Fv2%2Fmedia&parent=8780"}],"wp:term":[{"taxonomy":"category","embeddable":true,"href":"https:\/\/www.kultursidan.nu\/index.php?rest_route=%2Fwp%2Fv2%2Fcategories&post=8780"},{"taxonomy":"post_tag","embeddable":true,"href":"https:\/\/www.kultursidan.nu\/index.php?rest_route=%2Fwp%2Fv2%2Ftags&post=8780"}],"curies":[{"name":"wp","href":"https:\/\/api.w.org\/{rel}","templated":true}]}}