{"id":884,"date":"2011-01-15T13:16:00","date_gmt":"2011-01-15T11:16:00","guid":{"rendered":"https:\/\/intelligent-friend-7861.standoutwp.com\/?p=884"},"modified":"2020-10-24T18:40:44","modified_gmt":"2020-10-24T17:40:44","slug":"en-digital-agenda-pa-stadsmuseet","status":"publish","type":"post","link":"https:\/\/www.kultursidan.nu\/?p=884","title":{"rendered":"En digital agenda p\u00e5 Stadsmuseet"},"content":{"rendered":"<p><img loading=\"lazy\" decoding=\"async\" class=\"alignnone\" src=\"https:\/\/live.staticflickr.com\/5203\/5356866930_7c30558ae6.jpg\" alt=\"Efterlyst\" width=\"500\" height=\"332\" \/><br \/>\n<em>T\u00e4nk om&#8230; det digitala informationssamh\u00e4llet har makten. Vem \u00e4r d\u00e5 v\u00e4n och vem \u00e4r fiende?<\/em><\/p>\n<p><iframe loading=\"lazy\" src=\"https:\/\/www.youtube.com\/embed\/48Ox1PiPFfM\" width=\"560\" height=\"315\" frameborder=\"0\" allowfullscreen=\"allowfullscreen\"><\/iframe><br \/>\n<em>Taskiga vibbar \u2013 n\u00e5gon? Kallocain, Farenheit 451, Mein Kampf&#8230; Filmreportage 1:04 min.<br \/>\n<\/em><\/p>\n<p>&nbsp;<\/p>\n<h1><span style=\"color: #ff0000;\">Obehaglig utopi om information och makt<\/span><strong><br \/>\n<\/strong><\/h1>\n<p>&nbsp;<\/p>\n<p><strong>Fyra studenter p\u00e5 <\/strong><a title=\"KSM\" href=\"http:\/\/www.isak.liu.se\/ksm?l=sv\" target=\"_blank\" rel=\"noopener noreferrer\">KSM<\/a> vid Link\u00f6pings universitet har i samarbete med <a title=\"Norrk\u00f6pings stadsmuseum\" href=\"http:\/\/www.norrkoping.se\/kultur-fritid\/museer\/stadsmuseum\/\" target=\"_blank\" rel=\"noopener noreferrer\">Stadsmuseet<\/a> genomf\u00f6rt ett projekt som resulterat i en utst\u00e4llning som g\u00e5r under namnet <strong><em>En digital agenda.<\/em><\/strong><\/p>\n<p>Utst\u00e4llningen visas i KSM-labbet p\u00e5 Stadsmuseet. KSM som st\u00e5r f\u00f6r Kultur, samh\u00e4lle och mediagestaltningsprogrammet.<\/p>\n<p>&nbsp;<\/p>\n<p><img loading=\"lazy\" decoding=\"async\" class=\"alignnone\" src=\"https:\/\/live.staticflickr.com\/5162\/5356254101_5155f7b667_m.jpg\" alt=\"KSM-labbet \u2013 Studenternas plats p\u00e5 Stadsmuseet\" width=\"159\" height=\"240\" \/> <img loading=\"lazy\" decoding=\"async\" class=\"alignnone\" src=\"https:\/\/live.staticflickr.com\/5084\/5356254511_2101bd43f4_m.jpg\" alt=\"Utst\u00e4llningsbygge\" width=\"240\" height=\"159\" \/><br \/>\n<em>Bygge i KSM-labbet. Snart blir det utst\u00e4llning.<\/em><\/p>\n<p>&nbsp;<\/p>\n<p><strong>Studenterna s\u00e4ger i sin projektbeskrivning<\/strong>: \u201dDet p\u00e5g\u00e5r en succesivt \u00f6kande digitalisering av samh\u00e4llet och det ber\u00f6r den offentliga sektorn lika v\u00e4l som den privata. Denna digitalisering f\u00e5r en m\u00e4ngd konsekvenser f\u00f6r m\u00e4nniskorna i ett samh\u00e4lle och detta \u00e4r en diskussion som f\u00f6rs b\u00e5de i Sverige och ute i Europa<em>.&#8221;<\/em><\/p>\n<p>&nbsp;<\/p>\n<p><img loading=\"lazy\" decoding=\"async\" class=\"alignnone\" src=\"https:\/\/live.staticflickr.com\/5127\/5356254419_2cc3b58504.jpg\" alt=\"FRA, f\u00f6r v\u00e5rt skydd eller bara b\u00f6rjan?\" width=\"500\" height=\"332\" \/><\/p>\n<p>&nbsp;<\/p>\n<p><strong>&#8221;I v\u00e5r utst\u00e4llning vill vi dra diskussionen om digitaliseringen till sin spets<\/strong> och genom ett tankeexperiment f\u00f6ra bes\u00f6karen till en ny samh\u00e4llsordning. En samh\u00e4llsordning d\u00e4r digitalisering och informationsteknologi utg\u00f6r en stor del av samh\u00e4llets k\u00e4rna och genomsyrar alla aspekter av dess funktion\u201d.<\/p>\n<p>&nbsp;<\/p>\n<p><img loading=\"lazy\" decoding=\"async\" class=\"alignnone\" src=\"https:\/\/live.staticflickr.com\/65535\/5356253827_c798c2e43b.jpg\" alt=\"Partibildande\" width=\"500\" height=\"281\" \/><br \/>\n<img loading=\"lazy\" decoding=\"async\" class=\"alignnone\" src=\"https:\/\/live.staticflickr.com\/5241\/5356254567_5bffb7a9e0_m.jpg\" alt=\"Partiets starke ledare\" width=\"240\" height=\"159\" \/> <img loading=\"lazy\" decoding=\"async\" class=\"alignnone\" src=\"https:\/\/live.staticflickr.com\/5001\/5356866816_1a0d28d05f_m.jpg\" alt=\"En utst\u00e4llning att reflektera \u00f6ver\" width=\"240\" height=\"159\" \/><\/p>\n<p>&nbsp;<\/p>\n<p><strong>Bes\u00f6karna f\u00e5r i utst\u00e4llningen ta del av tre olika bildspel<\/strong> som visar p\u00e5 den digitala utvecklingen.<\/p>\n<p>Bland annat f\u00e5r man se och h\u00f6ra partiledaren f\u00f6r \u201dInformationspartiet\u201d som \u00e5r 2029 tagit makten \u00f6ver Europa.<\/p>\n<p><em>Text och foto: Sven \u00c5ke Molund<br \/>\nFilmredigering: Ann-Charlotte Sandelin<br \/>\n<\/em><\/p>\n<ul>\n<li>\n<h3>STADSMUSEET Norrk\u00f6ping<\/h3>\n<\/li>\n<li><em>13\u201323 januari 2011<\/em> <strong><br \/>\nEn digital agenda <\/strong><br \/>\nKSM-labbet<\/li>\n<\/ul>\n","protected":false},"excerpt":{"rendered":"<p>NORRK\u00d6PING \u00c5r 2029 har Informationspartiet tagit makten \u00f6ver ordet, kommunikationen och samh\u00e4llet. KSM-studenternas utst\u00e4llning En digital agenda v\u00e4cker obehagliga fr\u00e5gor i klassikernas efterf\u00f6ljd. <a class=\"continue-reading-link\" href=\"https:\/\/www.kultursidan.nu\/?p=884\">L\u00e4s mer <span class=\"meta-nav\">&rarr; <\/span><\/a><\/p>\n","protected":false},"author":1001006,"featured_media":0,"comment_status":"closed","ping_status":"open","sticky":false,"template":"","format":"standard","meta":{"_jetpack_memberships_contains_paid_content":false,"footnotes":""},"categories":[7],"tags":[15,43,47],"class_list":["post-884","post","type-post","status-publish","format-standard","hentry","category-norrkoping","tag-debatt","tag-satir","tag-utstallning"],"jetpack_featured_media_url":"","jetpack_sharing_enabled":true,"_links":{"self":[{"href":"https:\/\/www.kultursidan.nu\/index.php?rest_route=\/wp\/v2\/posts\/884","targetHints":{"allow":["GET"]}}],"collection":[{"href":"https:\/\/www.kultursidan.nu\/index.php?rest_route=\/wp\/v2\/posts"}],"about":[{"href":"https:\/\/www.kultursidan.nu\/index.php?rest_route=\/wp\/v2\/types\/post"}],"author":[{"embeddable":true,"href":"https:\/\/www.kultursidan.nu\/index.php?rest_route=\/wp\/v2\/users\/1001006"}],"replies":[{"embeddable":true,"href":"https:\/\/www.kultursidan.nu\/index.php?rest_route=%2Fwp%2Fv2%2Fcomments&post=884"}],"version-history":[{"count":2,"href":"https:\/\/www.kultursidan.nu\/index.php?rest_route=\/wp\/v2\/posts\/884\/revisions"}],"predecessor-version":[{"id":42560,"href":"https:\/\/www.kultursidan.nu\/index.php?rest_route=\/wp\/v2\/posts\/884\/revisions\/42560"}],"wp:attachment":[{"href":"https:\/\/www.kultursidan.nu\/index.php?rest_route=%2Fwp%2Fv2%2Fmedia&parent=884"}],"wp:term":[{"taxonomy":"category","embeddable":true,"href":"https:\/\/www.kultursidan.nu\/index.php?rest_route=%2Fwp%2Fv2%2Fcategories&post=884"},{"taxonomy":"post_tag","embeddable":true,"href":"https:\/\/www.kultursidan.nu\/index.php?rest_route=%2Fwp%2Fv2%2Ftags&post=884"}],"curies":[{"name":"wp","href":"https:\/\/api.w.org\/{rel}","templated":true}]}}