{"id":8855,"date":"2013-01-30T18:45:22","date_gmt":"2013-01-30T17:45:22","guid":{"rendered":"https:\/\/intelligent-friend-7861.standoutwp.com\/?p=8855"},"modified":"2013-07-29T13:23:23","modified_gmt":"2013-07-29T12:23:23","slug":"nedslag-i-forintelsens-minnesdag-reportage","status":"publish","type":"post","link":"https:\/\/www.kultursidan.nu\/?p=8855","title":{"rendered":"Nedslag i F\u00f6rintelsens minnesdag (reportage)"},"content":{"rendered":"<p><a href=\"http:\/\/www.flickr.com\/photos\/kultursidan\/8429166321\/\" title=\"Jessica Freudenthal i Oy Mame. Bakom henne skymtar Andreas Westman, bas. by Kultursidan, on Flickr\"><img loading=\"lazy\" decoding=\"async\" src=\"http:\/\/farm9.staticflickr.com\/8495\/8429166321_dfc5268d94.jpg\" width=\"500\" height=\"333\" alt=\"Jessica Freudenthal i Oy Mame. Bakom henne skymtar Andreas Westman, bas.\"><\/a><\/p>\n<p><em>Oy Mame, bin Ich Farliebt. Jessica Freudenthal rev ner appl\u00e5der tillsammans med Freudenthal yiddish band.<\/em><\/p>\n<h1><\/h1>\n<h1><span style=\"color: #ff0000;\">\u00d6ppnar d\u00f6rrar<\/span><\/h1>\n<p>&nbsp;<\/p>\n<p><strong>En arabisk konstn\u00e4r som vill sprida kunskap om F\u00f6rintelsen. <\/strong>Ett band som l\u00e5ter yiddishmusiken m\u00f6ta den amerikanska femtitalsjazzen. \u00d6ppet hus i en synagoga f\u00f6ljt av ett m\u00f6te mellan en judisk rabbin, en imam och en pr\u00e4st. F\u00f6rintelsens minnesdag har i Norrk\u00f6ping v\u00e4xt s\u00e5 att den r\u00e4cker i flera dagar.<\/p>\n<p><strong>\u2013 Som m\u00e4nniska \u00e4r jag en del av historien.<\/strong> Som konstn\u00e4r \u00e4r det mitt ansvar att kasta ljus p\u00e5 den, sade Ali M. Ismael som visade fem verk i Norrk\u00f6pings konstmuseum under l\u00f6rdagen och s\u00f6ndagen.<\/p>\n<p>Ali M Ismael \u00e4r uppvuxen i Baghdad i Irak. N\u00e4r jag fr\u00e5gar vad han l\u00e4rde sig om andra v\u00e4rldskriget i skolan svarar han att det var bara \u00f6versiktligt och utan detaljer.<\/p>\n<p>\u2013 Ingen v\u00e5gar ber\u00e4tta om F\u00f6rintelsen, man vet bara att nazisterna d\u00f6dade judarna, men inte om varf\u00f6r. Eftersom araber ser judar som fiender i dag verkar det sj\u00e4lvklart att de d\u00f6dades, s\u00e4ger Ali M. Ismael och forts\u00e4tter: M\u00e5nga s\u00e4ger ocks\u00e5 att det inte var judar som br\u00e4ndes i Auschwitz utan att det var m\u00e4nniskor som d\u00f6tt i en epidemi.<\/p>\n<p>Tv\u00e5 av verken \u00e4r f\u00e4rgstarka icke-f\u00f6rest\u00e4llande, det ena inspirerat av Mozarts Requiem, det andra har f\u00e5tt namnet De d\u00f6das dr\u00f6mmar. Men de starkaste verken tecknar livl\u00f6sa kroppar i svart och vitt.<\/p>\n<p>\u2013 Vi kan inte s\u00e4tta f\u00e4rg p\u00e5 det hemska som h\u00e4nder. N\u00e4r vi analyserar det \u00e4r det vitt eller svart. Det onda \u00e4r svart, offren, de oskyldiga \u00e4r vita.<\/p>\n<p>Ali M. Ismael tror inte att han \u00e4r v\u00e4lkommen att visa sina verk i arabv\u00e4rlden, kanske med undantag f\u00f6r Quatar, d\u00e4r han menar att \u00f6ppenheten \u00e4r st\u00f6rre.<\/p>\n<p><strong>Freudenthal Yiddish Band med s\u00e5ngerskan Jessica Freudenthal gav en minikonsert p\u00e5 Galleri Dag Andersson p\u00e5 s\u00f6ndagen.<\/strong> Bandledaren Alexander Freudenthal introducerade l\u00e5tarna som skrivits omkring mitten av 1900-talet. Efter de inledande s\u00e5ngerna som s\u00f6rjande blickade bak\u00e5t mot den v\u00e4rld och de m\u00e4nniskor som f\u00f6rlorats v\u00e4xlade bandet \u00f6ver till jiddischkulturens m\u00f6te med den amerikanska 50-talsjazzen.<\/p>\n<p>Jessica Freudenthal rev ner appl\u00e5der med <em>Oy Mame, bin Ich Farliebt<\/em>. Sedan avslutade hon och bandet med en k\u00e4rleksf\u00f6rklaring till en \u201dklezmerpojke\u201d. Klezmer \u00e4r en del av den \u00f6steuropeiska judiska musikkulturen som fanns f\u00f6re F\u00f6rintelsen.<\/p>\n<p><strong>Synagogan i Norrk\u00f6ping fylldes snabbt n\u00e4r konstn\u00e4ren och synagogans f\u00f6rest\u00e5ndare Peter Freudenthal \u00f6ppnade portarna p\u00e5 s\u00f6ndagseftermiddagen.<\/strong> Att g\u00e5 en rundtur i synagogan, som renoverades inv\u00e4ndigt f\u00f6r n\u00e5gra \u00e5r sedan, l\u00e4t sig inte g\u00f6ras p\u00e5 grund av det stora intresset. Peter Freudenthal ber\u00e4ttade och svarade p\u00e5 fr\u00e5gor, om allt fr\u00e5n den judiska tron \u2013 det finns bara en regel: g\u00f6r inte mot andra det du inte vill att de g\u00f6r mot dig\u201d, alla andra regler \u00e4r kommentarer \u2013 till de begr\u00e4nsade \u00f6ppettiderna \u2013 m\u00e5nga l\u00e4mnade Norrk\u00f6ping n\u00e4r textilkrisen gjorde att jobben f\u00f6rsvann.<\/p>\n<p>I synagogan h\u00f6lls n\u00e5got senare ett samtal mellan representanter f\u00f6r tre religioner. Morten H Narrowe, \u00f6verrabbin i Stockholms synagoga, samtalade med imamen Zekerijah Cajlakovic, Bosniska Islamiska f\u00f6rsamlingen, och kyrkoherde Katarina W\u00e4ndahl, Svenska kyrkan. I samtalet som leddes av Willy Silberstein fr\u00e5n Svenska kommitt\u00e9n mot antisemitism deltog \u00e4ven kommunfullm\u00e4ktiges slog an temat med titeln <em>Att bygga broar<\/em>.<\/p>\n<p><em>Text och foto: Ann-Charlotte Sandelin<\/em><\/p>\n<p>&nbsp;<\/p>\n<p>L\u00c4NKAR<br \/>\nAli M. Ismael <a title=\"Ali M. Ismael\" href=\"http:\/\/www.ilaali.com\" target=\"_blank\">hemsida <\/a><br \/>\nAlexander Freudenthal <a title=\"Alexander Freudenthal\" href=\"http:\/\/alexander.freudenthal.tv\" target=\"_blank\">hemsida <\/a><br \/>\nMinne <a title=\"Minne\" href=\"https:\/\/www.kultursidan.nu\/?p=8766\" target=\"_blank\">reportage<\/a> Kultursidan.nu 23\/1 2013<br \/>\nStramt och gripande av Peter Freudenthal\u00a0<a title=\"Stramt och gripande av Peter Freudenthal (reportage)\" href=\"https:\/\/www.kultursidan.nu\/?p=8780\" target=\"_blank\">reportage<\/a> Kultursidan.nu 25\/1 2013<br \/>\nEn chokladboll, tack! p\u00e5 Stadsbiblioteket <a title=\"En chokladboll, tack! p\u00e5 Stadsbiblioteket (reportage)\" href=\"https:\/\/www.kultursidan.nu\/?p=8772\" target=\"_blank\">reportage<\/a> Kultursidan.nu 25\/1 2013<br \/>\nFranck, Rosenberg och Martinu strings i S:t Olai <a title=\"Franck, Rosenberg och Martinu strings i S:t Olai (reportage)\" href=\"https:\/\/www.kultursidan.nu\/?p=8808\" target=\"_blank\">reportage<\/a> Kultursidan.nu 28\/1 2013<\/p>\n<p>&nbsp;<\/p>\n<p>BILDER FR\u00c5N ALI M. ISMAELS UTST\u00c4LLNING \u2013 KLICKA<\/p>\n<p>[flickr-gallery mode=&#8221;photoset&#8221; photoset=&#8221;72157632651799102&#8243;]<\/p>\n<p>BILDER FR\u00c5N FREUDENTHAL YIDDISH BAND \u2013 KLICKA<\/p>\n<p>[flickr-gallery mode=&#8221;photoset&#8221; photoset=&#8221;72157632646737483&#8243;]<\/p>\n<p>BILDER FR\u00c5N \u00d6PPET HUS I SYNAGOGAN \u2013 KLICKA<\/p>\n<p>[flickr-gallery mode=&#8221;photoset&#8221; photoset=&#8221;72157632651750616&#8243;]<\/p>\n","protected":false},"excerpt":{"rendered":"<p>NORRK\u00d6PING F\u00f6rintelsens minnesdag har v\u00e4xt till en stark och allt fylligare tradition i Norrk\u00f6ping. \u00c5rets engagemang rymde konst, musik, minnen och \u00f6ppet hus. <a class=\"continue-reading-link\" href=\"https:\/\/www.kultursidan.nu\/?p=8855\">L\u00e4s mer <span class=\"meta-nav\">&rarr; <\/span><\/a><\/p>\n","protected":false},"author":1001006,"featured_media":0,"comment_status":"closed","ping_status":"open","sticky":false,"template":"","format":"standard","meta":{"_jetpack_memberships_contains_paid_content":false,"footnotes":""},"categories":[7],"tags":[15,54,14,13],"class_list":["post-8855","post","type-post","status-publish","format-standard","hentry","category-norrkoping","tag-debatt","tag-evenemang","tag-konst","tag-musik"],"jetpack_featured_media_url":"","jetpack_sharing_enabled":true,"_links":{"self":[{"href":"https:\/\/www.kultursidan.nu\/index.php?rest_route=\/wp\/v2\/posts\/8855","targetHints":{"allow":["GET"]}}],"collection":[{"href":"https:\/\/www.kultursidan.nu\/index.php?rest_route=\/wp\/v2\/posts"}],"about":[{"href":"https:\/\/www.kultursidan.nu\/index.php?rest_route=\/wp\/v2\/types\/post"}],"author":[{"embeddable":true,"href":"https:\/\/www.kultursidan.nu\/index.php?rest_route=\/wp\/v2\/users\/1001006"}],"replies":[{"embeddable":true,"href":"https:\/\/www.kultursidan.nu\/index.php?rest_route=%2Fwp%2Fv2%2Fcomments&post=8855"}],"version-history":[{"count":0,"href":"https:\/\/www.kultursidan.nu\/index.php?rest_route=\/wp\/v2\/posts\/8855\/revisions"}],"wp:attachment":[{"href":"https:\/\/www.kultursidan.nu\/index.php?rest_route=%2Fwp%2Fv2%2Fmedia&parent=8855"}],"wp:term":[{"taxonomy":"category","embeddable":true,"href":"https:\/\/www.kultursidan.nu\/index.php?rest_route=%2Fwp%2Fv2%2Fcategories&post=8855"},{"taxonomy":"post_tag","embeddable":true,"href":"https:\/\/www.kultursidan.nu\/index.php?rest_route=%2Fwp%2Fv2%2Ftags&post=8855"}],"curies":[{"name":"wp","href":"https:\/\/api.w.org\/{rel}","templated":true}]}}