{"id":893,"date":"2011-01-17T22:09:55","date_gmt":"2011-01-17T20:09:55","guid":{"rendered":"https:\/\/intelligent-friend-7861.standoutwp.com\/?p=893"},"modified":"2020-10-25T16:10:29","modified_gmt":"2020-10-25T15:10:29","slug":"kifin-vi-vet-inte-om-vi-klarar-oss-i-ar","status":"publish","type":"post","link":"https:\/\/www.kultursidan.nu\/?p=893","title":{"rendered":"Kifin: Vi vet inte om vi klarar oss i \u00e5r"},"content":{"rendered":"<h1><span style=\"color: #ff0000;\">Fria konstn\u00e4rer arbetar h\u00e5rt f\u00f6r l\u00e5g l\u00f6n<\/span><\/h1>\n<h3><\/h3>\n<h4><em><strong>KIFiN:s Marion Kahnert svarar p\u00e5 Hanna Gruffmans inl\u00e4gg i Folkbladet<\/strong><\/em><\/h4>\n<p><em>\u2013\u00a0De har faktiskt f\u00e5tt tillbaks en del av de pengar som drogs in som besparing genom ett projekt, \u2026<\/em><\/p>\n<p><strong>Det \u00e4r riktigt att vi fick pengar<\/strong> genom ett projekt f\u00f6rra \u00e5ret. De pengarna r\u00e4ddade f\u00f6reningen 2010, d\u00e5 de gick till ordinarie f\u00f6reningsverksamhet och galleriet.<\/p>\n<p>Men att vi fick &#8221;tillbaka&#8221; en del pengar \u00e4r \u00e4nd\u00e5 fel uttryckt.\u00a0 F\u00f6r f\u00f6reningsbidraget som vi initialt f\u00f6rlorade fick vi &#8221;inte tillbaka&#8221;. F\u00f6r de som inte vet s\u00e5 r\u00f6rde det sig om 30 procent.\u00a0 Nu sitter vi h\u00e4r igen och vet inte hur och om vi klarar oss i \u00e5r.<\/p>\n<p><em>\u2013 Men till saken h\u00f6r att KIFiN inte uppfyller de kriterier som vi ska prioritera, s\u00e4ger Hannah Gruffman. I uppdraget st\u00e5r n\u00e4mligen att man ska prioritera barn- och ungdomsverksamhet. KIFiN \u00e4r vuxna f\u00f6retagare, men jag f\u00f6rst\u00e5r att de har det knapert, s\u00e4ger Hannah Gruffman.<\/em><\/p>\n<p><strong>Kommunen har st\u00f6ttat KIFiN nu i m\u00e5nga \u00e5r, tack och lov,<\/strong> trots att det inte st\u00e5r n\u00e5gonting om barn- och ungdomsverksamhet i v\u00e5ra stadgar. Kommunen ska prioritera barn- och ungdomsverksamhet men det betyder inte att de ska gl\u00f6mma alla andra. \u00c4ven om v\u00e5r verksamhet inte \u00e4r riktad till barn och ungdom s\u00e5 kan alla, stora som sm\u00e5, gratis bes\u00f6ka v\u00e5rt galleri och d\u00e4r f\u00e5 hj\u00e4lp av galleristen. \u00c4ven skolklasser \u00e4r v\u00e4lkomna.<\/p>\n<p>N\u00e4r f\u00f6reningen pratade med Hannah Gruffman f\u00f6rra \u00e5ret s\u00e5 sa hon att kommunen vill satsa p\u00e5 barn- och ungdom och utsatta grupper i samh\u00e4llet.<\/p>\n<p>Vi \u00e4r en utsatt grupp i samh\u00e4llet. Fria yrkesut\u00f6vande konstn\u00e4rer tillh\u00f6r den yrkesgrupp i samh\u00e4llet som arbetar allra mest och \u00e4r l\u00e4gst avl\u00f6nade. M\u00e5nga av oss har aldrig lyckas ta oss in i samh\u00e4llets skyddsfunktioner. \u00c4nd\u00e5 forts\u00e4tter vi f\u00f6r vi \u00e4r \u00f6vertygade om att inget samh\u00e4lle m\u00e5r bra utan konst.<\/p>\n<p>Aprop\u00e5 \u201dvuxna f\u00f6retagare\u201d. Vilken f\u00f6retagare jobbar s\u00e5 mycket och ofta ideellt som en konstn\u00e4r? F\u00f6r att genomf\u00f6ra projektet f\u00f6rra \u00e5ret fick de konstn\u00e4rer som organiserande och genomf\u00f6rde projektet ingenting betalt.<\/p>\n<p><em>\u2013 Det \u00e4r inte heller s\u00e4kert att det \u00e4r exakt 365.000 kronor i \u00f6verskott som det finns kvar att f\u00f6rdela. <\/em><em>Det \u00e4r bara prelimin\u00e4ra siffror, vi h\u00e5ller p\u00e5 med budgeten just nu, s\u00e4ger Hannah Gruffman.<br \/>\nMen f\u00f6rslaget \u00e4r att ett barnprojekt f\u00e5r 300.000 kronor och att 65.000 kronor g\u00e5r till Kulturkammaren.<\/em><\/p>\n<p><strong>Det gl\u00e4djer mig att pengarna \u00e5tminstone g\u00e5r till konst- och kulturverksamhet.<\/strong> Jag vill inte ta ifr\u00e5n dem pengarna! Absolut inte, de beh\u00f6ver dem s\u00e4kert lika mycket som vi! Och som jag f\u00f6rs\u00f6kte g\u00f6ra tydligt med \u201dT\u00e4ltatelj\u00e9n\u201d s\u00e5 g\u00e4ller det inte bara KIFiN. Det finns fler j\u00e4mf\u00f6relsevis sm\u00e5 kulturverksamheter som k\u00e4mpar s\u00e5 som vi f\u00f6r att f\u00e5 ihop ekonomin. S\u00e5 jag kr\u00e4ver att kommunen tar sig en rej\u00e4l fundering och sansar sig. Att h\u00f6ja KIFiNs bidrag med 90.000 \u00e4r faktiskt inte s\u00e5 mycket om man j\u00e4mf\u00f6r med kommunens bidrag till andra stora verksamheter.<\/p>\n<p><em>Marion Kahnert<br \/>\n<\/em>konstn\u00e4r<br \/>\nIng\u00e5r i Kifin:s styrelse<\/p>\n<ul>\n<li>\n<h3>Mer debatt om kulturpengarna<\/h3>\n<\/li>\n<li><a title=\"KulturDebatt. Nu! 17\/1 2011\" href=\"https:\/\/www.kultursidan.nu\/?p=891\" target=\"_blank\" rel=\"noopener noreferrer\">S\u00e4g hej d\u00e5 till 1900-talets kulturpolitik<\/a> 17\/1 2011<\/li>\n<\/ul>\n","protected":false},"excerpt":{"rendered":"<p>NORRK\u00d6PING Fria ut\u00f6vande konstn\u00e4rer \u00e4r en utsatt grupp i samh\u00e4llet. H\u00e5rt arbetande och l\u00e5gt avl\u00f6nade, skriver Marion Kahnert i ett brev riktat till kultursekreteraren i Norrk\u00f6ping Hanna Gruffman.  <a class=\"continue-reading-link\" href=\"https:\/\/www.kultursidan.nu\/?p=893\">L\u00e4s mer <span class=\"meta-nav\">&rarr; <\/span><\/a><\/p>\n","protected":false},"author":1001006,"featured_media":0,"comment_status":"closed","ping_status":"open","sticky":false,"template":"","format":"standard","meta":{"_jetpack_memberships_contains_paid_content":false,"footnotes":""},"categories":[48,7],"tags":[15,14],"class_list":["post-893","post","type-post","status-publish","format-standard","hentry","category-kulturdebatt-nu","category-norrkoping","tag-debatt","tag-konst"],"jetpack_featured_media_url":"","jetpack_sharing_enabled":true,"_links":{"self":[{"href":"https:\/\/www.kultursidan.nu\/index.php?rest_route=\/wp\/v2\/posts\/893","targetHints":{"allow":["GET"]}}],"collection":[{"href":"https:\/\/www.kultursidan.nu\/index.php?rest_route=\/wp\/v2\/posts"}],"about":[{"href":"https:\/\/www.kultursidan.nu\/index.php?rest_route=\/wp\/v2\/types\/post"}],"author":[{"embeddable":true,"href":"https:\/\/www.kultursidan.nu\/index.php?rest_route=\/wp\/v2\/users\/1001006"}],"replies":[{"embeddable":true,"href":"https:\/\/www.kultursidan.nu\/index.php?rest_route=%2Fwp%2Fv2%2Fcomments&post=893"}],"version-history":[{"count":3,"href":"https:\/\/www.kultursidan.nu\/index.php?rest_route=\/wp\/v2\/posts\/893\/revisions"}],"predecessor-version":[{"id":42565,"href":"https:\/\/www.kultursidan.nu\/index.php?rest_route=\/wp\/v2\/posts\/893\/revisions\/42565"}],"wp:attachment":[{"href":"https:\/\/www.kultursidan.nu\/index.php?rest_route=%2Fwp%2Fv2%2Fmedia&parent=893"}],"wp:term":[{"taxonomy":"category","embeddable":true,"href":"https:\/\/www.kultursidan.nu\/index.php?rest_route=%2Fwp%2Fv2%2Fcategories&post=893"},{"taxonomy":"post_tag","embeddable":true,"href":"https:\/\/www.kultursidan.nu\/index.php?rest_route=%2Fwp%2Fv2%2Ftags&post=893"}],"curies":[{"name":"wp","href":"https:\/\/api.w.org\/{rel}","templated":true}]}}