{"id":8968,"date":"2013-02-08T12:55:00","date_gmt":"2013-02-08T11:55:00","guid":{"rendered":"https:\/\/intelligent-friend-7861.standoutwp.com\/?p=8968"},"modified":"2014-10-01T07:46:24","modified_gmt":"2014-10-01T06:46:24","slug":"manniskor-som-gor-skillnad-pa-arbetets-museum-reportage","status":"publish","type":"post","link":"https:\/\/www.kultursidan.nu\/?p=8968","title":{"rendered":"M\u00e4nniskor som g\u00f6r skillnad p\u00e5 Arbetets museum (reportage)"},"content":{"rendered":"<p><iframe loading=\"lazy\" src=\"https:\/\/www.flickr.com\/photos\/kultursidan\/8455668618\/in\/set-72157632712981751\/player\/\" width=\"500\" height=\"332\" frameborder=\"0\" allowfullscreen=\"allowfullscreen\"><\/iframe><br \/>\n<em>I gott s\u00e4llskap. Paul Murgueytio, Sven-Olof St\u00e5hl och Robin Andersson fotograferas av Extra \u00d6sterg\u00f6tlands reporter mitt i utst\u00e4llningen Speak truth to power \u2013 Mod utan gr\u00e4nser.<\/em><\/p>\n<p>&nbsp;<\/p>\n<h1><span style=\"color: #ff0000;\">V\u00e4ndpunkter f\u00f6r m\u00e4nniskov\u00e4rdet<\/span><\/h1>\n<p>&nbsp;<\/p>\n<p style=\"text-align: center;\"><em>Att vara modig nog att vara sig sj\u00e4lv<br \/>\n\u00e4r nog den st\u00f6rsta friheten man kan ge sig sj\u00e4lv.<\/em><\/p>\n<p><strong>T\u00e4nkv\u00e4rda citat v\u00e4xlar om med t\u00e4nkv\u00e4rda foton<\/strong> <strong>i De Geerelevernas avdelning i utst\u00e4llningen <em>Speak truth to power<\/em> p\u00e5 Arbetets museum.<\/strong> N\u00e5gra av fotografierna i bildspelet har ocks\u00e5 satts upp p\u00e5 v\u00e4ggarna. Det \u00e4r ofta tillspetsade situationer, ett tr\u00e4d f\u00e5r en kram, att tala inf\u00f6r publik, att f\u00e5 ett \u201dHej!\u201d och ett leende i en fientlig omv\u00e4rld.<\/p>\n<p>\u2013 Vi var tvungna att t\u00e4nka en hel del, medger Paul Murgueytio.<\/p>\n<p>Han uppskattar att De Geergymnasiets tv\u00e5or p\u00e5 kursen Mediaproduktion bjudits in att s\u00e4tta sin egen pr\u00e4gel p\u00e5 utst\u00e4llningen. Uppgiften var att gestalta begreppet &#8221;mod&#8221;.<\/p>\n<p>\u2013 Med min bild med en gul penna bland svarta pennor vill jag visa att en person kan p\u00e5verka och f\u00f6r\u00e4ndra.<\/p>\n<p><strong>P\u00e5 svenska har utst\u00e4llningens m\u00e5ngtydiga titel <em>Speak truth to power<\/em> blivit <em>Mod utan gr\u00e4nser<\/em>.<\/strong> Sida vid sida h\u00e4nger portr\u00e4tten av femtio personer som tagit som sin livsuppgift att p\u00e5verka och f\u00f6r\u00e4ndra. Blicken hittar snart de som redan \u00e4r k\u00e4nda, exiltibetanen Dalai Lama, \u00e4rkebiskopen Desmond Tutu i Sydafrika, m\u00e4nniskor\u00e4ttsaktivisten Vaclav Havel som blev Tjeckiens f\u00f6rsta president. Men s\u00e5 m\u00e5nga fler det finns, m\u00e4n och kvinnor.<\/p>\n<p>N\u00e5gra bilder \u00e4r lite st\u00f6rre \u00e4n de andra, det ger en oregelbunden rytm \u00e5t utst\u00e4llningen. Bredvid varje portr\u00e4tt st\u00e5r en kort text, med namn och ett citat ut en l\u00e4ngre ber\u00e4ttelse. F\u00f6r att l\u00e4sa om Juliana Dogbadzi fr\u00e5n Ghana som blev slav i en helgedom vid 7 \u00e5rs \u00e5lder m\u00e5ste jag g\u00e5 s\u00e5 n\u00e4ra att den vackert komponerade bilden f\u00f6rsvinner. L\u00e4sa eller se blir ett val.<\/p>\n<p>Jag v\u00e4ljer att l\u00e4sa, med femtio miniber\u00e4ttelser blir det en skr\u00e4mmande karta \u00f6ver lika m\u00e5nga s\u00e4tt att kr\u00e4nka m\u00e4nniskor p\u00e5: fattigdom, f\u00f6rf\u00f6ljelse, korruption, politisk terror \u00e4r bara b\u00f6rjan.<\/p>\n<p><strong>Den som lyssnat till och skrivit ner alla dessa ber\u00e4ttelser \u00e4r Kerry Kennedy, dotter till Robert F Kennedy.<\/strong> Tillsammans med sina syskon startade hon Robert F Kennedy center, som arbetar f\u00f6r m\u00e4nskliga r\u00e4ttigheter. Hon genomf\u00f6rde projektet <em>Speak truth to power<\/em> under 1990-talet tillsammans med Pulitzerprisade fotografen Eddie Adams. Utst\u00e4llningen visades i New York, USA, f\u00f6rsta g\u00e5ngen 2001 och har sedan dess vandrat runt i v\u00e4rlden. I h\u00f6stas kom den till Stockholm och under hela v\u00e5ren finns den p\u00e5 Arbetets museum.<\/p>\n<p>Till utst\u00e4llningen finns boken <em>Mod utan gr\u00e4nser<\/em> med l\u00e4ngre texter. Hon ha s\u00f6kt efter m\u00e4nniskor\u00e4ttsaktivisternas v\u00e4ndpunkter, de \u00f6gonblick som f\u00e5tt dem att ta steget att engagera sig. Intervjuerna har ocks\u00e5 blivit pj\u00e4sen <em>Speak truth to power<\/em>.<\/p>\n<p><strong>Vad t\u00e4nker d\u00e5 tre gymnasister n\u00e4r de m\u00f6ter begreppet m\u00e4nskliga r\u00e4ttigheter?<\/strong> De \u00e4r \u00f6verens om att skolprojektet blivit en \u00f6gon\u00f6ppnare som vidgat begreppet f\u00f6r dem. Det handlar inte bara om n\u00e5got som \u00e4r l\u00e5ngt borta i andra l\u00e4nder, det g\u00e5r att hitta aspekter p\u00e5 m\u00e4nskliga r\u00e4ttigheter ocks\u00e5 h\u00e4r.<\/p>\n<p>\u2013 Rasism och yttrandefrihet, s\u00e4ger Sven-Olof St\u00e5hl och l\u00e4gger till: Girighet.<br \/>\n\u2013 Kr\u00e4nkande ord, s\u00e4ger Robin Andersson som gjort ett foto p\u00e5 det temat.<br \/>\n\u2013 I Sverige \u00e4r du verkligen fri, individens r\u00e4ttigheter skyddas. I Ecuador \u00e4r skillnaden stor mellan rika och fattiga, s\u00e4ger Paul Murgueytio, som \u00e4r utbytesstudent det h\u00e4r \u00e5ret. Jag tycker om Sverige och har en v\u00e4n p\u00e5 skolan som jag diskuterar mycket med.<\/p>\n<p>Utst\u00e4llningen \u00e4r \u00f6ppen hela v\u00e5rs\u00e4songen. Museets pedagoger v\u00e4nder sig s\u00e4rskilt till skolorna som b\u00e5de f\u00e5r m\u00f6ta v\u00e4rldens stora m\u00e4nniskor\u00e4ttsk\u00e4mpar och De Geergymnasisternas bilder.<\/p>\n<p><strong>En av de avbildade \u00e4r Muhammad Yunus, akademiprofessorn som startade Grameen bank i sitt hemland Bangladesh och f\u00f6r detta tog emot Nobels fredspris 2006.<\/strong> Sedan n\u00e5gra \u00e5r \u00e4r mikrol\u00e5nens fr\u00e4mste f\u00f6respr\u00e5kare en ifr\u00e5gasatt person, n\u00e5got som inte ryms i utst\u00e4llningen. SVT:s <em>Uppdrag granskning<\/em> publicerade 2011 intervjuer som norsk television gjort med personer som tvingats ta nya l\u00e5n f\u00f6r att klara av att amortera sina gamla l\u00e5n. Allts\u00e5 en klassisk skuldf\u00e4lla.<\/p>\n<p>Jag l\u00e4ser Kerry Kennedys hela intervju med Yunus, gjord flera \u00e5r innan han fick Nobelpriset. Han ber\u00e4ttar om en id\u00e9 vars resultat f\u00e5tt l\u00e5ngtg\u00e5ende konsekvenser. N\u00e4r kvinnor \u2013 f\u00f6r Grameen bank uppt\u00e4ckte snart att l\u00e5nen fungerade b\u00e4st n\u00e4r kvinnor fick l\u00e5na \u2013 f\u00e5r m\u00f6jlighet att skapa b\u00e4ttre tillvaro, st\u00e4ller de inte bara str\u00e4nga krav p\u00e5 sig sj\u00e4lva. Kvinnornas valdeltagande \u00f6kade och de st\u00e4llde s\u00e5 sm\u00e5ningom sj\u00e4lva upp som kandidater i val i Bangladesh.<\/p>\n<p>Efter att Muhammad Yunus offentliggjort planer p\u00e5 att starta ett politiskt parti avskedades han 2011 fr\u00e5n sin post som vd f\u00f6r Grameen bank p\u00e5 uppdrag av Bangladesh regering.<\/p>\n<p>Alla klarar inte av att betala tillbaka l\u00e5n och det kan h\u00e4nda att Grameen banks representanter g\u00e5tt \u00f6ver gr\u00e4nsen f\u00f6r sina befogenheter. \u00c5 andra sidan klarar inte alla makthavare av att fattiga kvinnor tar makt \u00f6ver sina egna liv.<\/p>\n<p><em>Text: Ann-Charlotte Sandelin<br \/>\nFoto: Sven \u00c5ke Molund<\/em><\/p>\n<p><em>\u00a0<\/em><\/p>\n<ul>\n<li>\n<h3>ARBETETS MUSEUM Norrk\u00f6ping<\/h3>\n<\/li>\n<li><em>9 februari \u2013 2 juni 2013<br \/>\n<\/em><strong>Speak truth to power \u2013 Mod utan gr\u00e4nser<br \/>\n<\/strong>Producent: Robert F Kennedy center<\/p>\n<ul>\n<li><em>Vernissage l\u00f6rdag 9 februari kl 14<\/em><br \/>\nVera Stremkovskaya, Vitryssland<br \/>\nValentina Pagliai, Speak truth to power, Europa<br \/>\nNina Ramsby, Alva Roselius, Ellinor Sundberg och Reine Brynolfsson l\u00e4ser ut pj\u00e4sen I R\u00f6ster ur m\u00f6rkret<br \/>\nMiklas Cserhalmi, Arbetets museum<\/li>\n<\/ul>\n<\/li>\n<\/ul>\n<p>L\u00c4NKAR<br \/>\nArbetets museum <a title=\"Arbetets museum\" href=\"http:\/\/www.arbetetsmuseum.se\" target=\"_blank\">hemsida<\/a><br \/>\nRobert F Kennedy center svensk <a title=\"RFK center\" href=\"http:\/\/rfkcenter.org\/sweden\" target=\"_blank\">hemsida <\/a><br \/>\nOm Muhemmed Yunus <a title=\"SVT\" href=\"http:\/\/www.svt.se\/ug\/mikrolanen-har-blivit-en-skuldfalla-for-fattiga\" target=\"_blank\">SVT Uppdrag Granskning 23\/2 2011 <\/a><br \/>\nOm Muhammed Yunus <a title=\"Sydasien\" href=\"http:\/\/sydasien.se\/politik\/kritiken-vaxer-efter-att-nobelpristagare-avskedats\/\" target=\"_blank\">kr\u00f6nika 9\/3 2011 i n\u00e4ttidskriften Sydasien <\/a><\/p>\n<p>BILDSPEL (FLASH) \u2013 KLICKA P\u00c5 BILDEN <em>ALT\/MOBIL: SE BILDSPELET <a title=\"Bildspel\" href=\"https:\/\/www.flickr.com\/photos\/kultursidan\/sets\/72157632712981751\/show\/\" target=\"_blank\">H\u00c4R<\/a><\/em><br \/>\n<object width=\"400\" height=\"300\"><param name=\"flashvars\" value=\"offsite=true&amp;lang=en-us&amp;page_show_url=%2Fphotos%2Fkultursidan%2Fsets%2F72157632712981751%2Fshow%2F&amp;page_show_back_url=%2Fphotos%2Fkultursidan%2Fsets%2F72157632712981751%2F&amp;set_id=72157632712981751&amp;jump_to=\" \/><param name=\"movie\" value=\"https:\/\/www.flickr.com\/apps\/slideshow\/show.swf?v=1811922554\" \/><param name=\"allowFullScreen\" value=\"true\" \/><\/object><\/p>\n","protected":false},"excerpt":{"rendered":"<p>NORRK\u00d6PING Utst\u00e4llningen Speak truth to power \u00e4r p\u00e5 samma g\u00e5ng starkt uppmuntrande och tung att se. Femtio m\u00e4nniskor\u00e4ttsaktivister fr\u00e5n stora delar av v\u00e4rlden har intervjuats och portr\u00e4tterats. De Geergymnasiets medieelever kompletterar med bilder p\u00e5 temat mod. <a class=\"continue-reading-link\" href=\"https:\/\/www.kultursidan.nu\/?p=8968\">L\u00e4s mer <span class=\"meta-nav\">&rarr; <\/span><\/a><\/p>\n","protected":false},"author":1001006,"featured_media":0,"comment_status":"closed","ping_status":"closed","sticky":false,"template":"","format":"standard","meta":{"_jetpack_memberships_contains_paid_content":false,"footnotes":""},"categories":[7],"tags":[17,47],"class_list":["post-8968","post","type-post","status-publish","format-standard","hentry","category-norrkoping","tag-foto","tag-utstallning"],"jetpack_featured_media_url":"","jetpack_sharing_enabled":true,"_links":{"self":[{"href":"https:\/\/www.kultursidan.nu\/index.php?rest_route=\/wp\/v2\/posts\/8968","targetHints":{"allow":["GET"]}}],"collection":[{"href":"https:\/\/www.kultursidan.nu\/index.php?rest_route=\/wp\/v2\/posts"}],"about":[{"href":"https:\/\/www.kultursidan.nu\/index.php?rest_route=\/wp\/v2\/types\/post"}],"author":[{"embeddable":true,"href":"https:\/\/www.kultursidan.nu\/index.php?rest_route=\/wp\/v2\/users\/1001006"}],"replies":[{"embeddable":true,"href":"https:\/\/www.kultursidan.nu\/index.php?rest_route=%2Fwp%2Fv2%2Fcomments&post=8968"}],"version-history":[{"count":0,"href":"https:\/\/www.kultursidan.nu\/index.php?rest_route=\/wp\/v2\/posts\/8968\/revisions"}],"wp:attachment":[{"href":"https:\/\/www.kultursidan.nu\/index.php?rest_route=%2Fwp%2Fv2%2Fmedia&parent=8968"}],"wp:term":[{"taxonomy":"category","embeddable":true,"href":"https:\/\/www.kultursidan.nu\/index.php?rest_route=%2Fwp%2Fv2%2Fcategories&post=8968"},{"taxonomy":"post_tag","embeddable":true,"href":"https:\/\/www.kultursidan.nu\/index.php?rest_route=%2Fwp%2Fv2%2Ftags&post=8968"}],"curies":[{"name":"wp","href":"https:\/\/api.w.org\/{rel}","templated":true}]}}