{"id":9047,"date":"2013-02-15T09:35:40","date_gmt":"2013-02-15T08:35:40","guid":{"rendered":"https:\/\/intelligent-friend-7861.standoutwp.com\/?p=9047"},"modified":"2013-11-13T14:07:18","modified_gmt":"2013-11-13T13:07:18","slug":"aby-if-90-ar-har-hamnat-pa-hyllan-reportage","status":"publish","type":"post","link":"https:\/\/www.kultursidan.nu\/?p=9047","title":{"rendered":"\u00c5by IF, 90 \u00e5r, har hamnat p\u00e5 Hyllan (reportage)"},"content":{"rendered":"<p><a href=\"http:\/\/www.flickr.com\/photos\/kultursidan\/8474728477\/\" title=\"\u00c5ke Frid\u00e9n, H\u00e5kan Hjort och Ingemar &quot;Mora&quot; Olsson by Kultursidan, on Flickr\"><img loading=\"lazy\" decoding=\"async\" src=\"http:\/\/farm9.staticflickr.com\/8108\/8474728477_cdef8d3f4d.jpg\" width=\"500\" height=\"332\" alt=\"\u00c5ke Frid\u00e9n, H\u00e5kan Hjort och Ingemar &quot;Mora&quot; Olsson\"><\/a><\/p>\n<p><em>F\u00f6reningens \u201dallt i allo\u201d H\u00e5kan Frid\u00e9n, i mitten, ber\u00e4ttade tillsammans med \u00c5ke Hjorth och Ingemar \u201dMora\u201d Olsson minnen fr\u00e5n f\u00f6reningen f\u00f6r vernissagebes\u00f6karna.<\/em><\/p>\n<p>&nbsp;<\/p>\n<h1><span style=\"color: #ff0000;\">Nya gamla idrottsfilmer<\/span><\/h1>\n<p>&nbsp;<\/p>\n<p><strong>P\u00e5 Norrk\u00f6pings Stadsmuseum har idrotten, s\u00e5 h\u00e4r i b\u00f6rjan av 2013, f\u00e5tt en egen plats uppe i utst\u00e4llningslokalen Hyllan.<\/strong> Tidigare var det filmen om Bajdoff som visades och nu \u00e4r det \u00c5by IF som flyttat in med sin jubileumsutst\u00e4llning!<\/p>\n<p>Inf\u00f6r \u00c5by IF:s 90-\u00e5rsfirande 2012 fick f\u00f6reningens tr\u00e4narprofil Ingemar \u201dMora\u201d Olsson ansvaret f\u00f6r att g\u00f6ra en utst\u00e4llning som speglade f\u00f6reningens 90-\u00e5riga verksamhet. Utst\u00e4llningen tog f\u00f6rst och fr\u00e4mst plats i \u00c5by IF:s eget klubbhus i \u00c5by.<\/p>\n<p><strong>\u00c5by IF bildades den 22 oktober 1922 med uppgift \u201datt genom ut\u00f6vandet av idrott h\u00f6ja intresset f\u00f6r den samme och utbilda goda idrottsm\u00e4n samt verka f\u00f6r god kamratanda\u201d.<\/strong> F\u00f6reningen har haft m\u00e5nga grenar i sin verksamhet och man har r\u00e4knat ut att det under \u00e5ren funnits cirka 15 olika sektioner och samtidigt var det upp\u00e5t \u00e5tta sektioner verksamma. Idrottsplatsen var klar att invigas i september 1933. Damerna var inte speciellt v\u00e4lkomna i f\u00f6reningen de f\u00f6rsta \u00e5ren och det var f\u00f6rst 1944 som det bildades en damsektion.<\/p>\n<p>Utst\u00e4llningen best\u00e5r av skyltar som beskriver varje \u00e5rtionde, med en kommentar fr\u00e5n varje enskilt \u00e5rtal. Den som \u00e4r intresserad av idrott men ocks\u00e5 av hur f\u00f6reningsliv fungerar har h\u00e4r en god m\u00f6jlighet att l\u00e4ra av historien. Varje \u00e5rtionde hade ocks\u00e5 en s\u00e4rskild matruta med recept p\u00e5 en speciell matr\u00e4tt. Kan n\u00e4mnas \u201dSluring\u201d fr\u00e5n 1920-talet och \u201dmed tanke p\u00e5 k\u00f6nsf\u00f6rdelningen i f\u00f6reningen\u201d s\u00e5 var receptet \u201dGubbr\u00f6ra\u201d f\u00f6r 2000-talet! Vid vernissagen bj\u00f6ds ocks\u00e5 p\u00e5 \u201dGoalcake\u201d som \u00e4r en t\u00e5rta framtagen till jubileet och som finns att k\u00f6pa p\u00e5 ortens konditori.<\/p>\n<p><strong>F\u00f6reningens avsikt med jubileumsutst\u00e4llningen har varit att \u00f6ka intresset f\u00f6r sin verksamhet bland \u00c5byborna och sk\u00e4rmarna har en \u00e5t g\u00e5ngen visats p\u00e5 olika platser i \u00c5by.<\/strong> P\u00e5 Stadsmuseet \u00e4r utst\u00e4llningen komplett och ocks\u00e5 ut\u00f6kad med tv\u00e5 filmer, fr\u00e5n Stadsmuseets samling och Kvillinge f\u00f6reningsarkiv, p\u00e5 tillsammans 6 minuter. Den ena filmsekvensen \u00e4r fr\u00e5n skidt\u00e4vling 1953 d\u00e4r bland annat Mora-Nisse Karlsson deltog. Den andra sekvensen visar omr\u00e5det kring idrottsplatsen runt 1960. Det finns ocks\u00e5 ett par montrar med material fr\u00e5n \u00d6sterg\u00f6tlands idrottshistoriska samlingar<\/p>\n<p>F\u00f6r f\u00f6reningen och \u00c5by har Georg \u201d\u00c5by\u201d Ericsson haft en stor betydelse. Idag \u00e4r det framf\u00f6r allt fotbollen som \u00e4r den stora sporten i f\u00f6reningen, vars kanske fr\u00e4msta namn i dag \u00e4r Jessica Samuelsson, numera back i Link\u00f6ping, \u00e4ven aktuell f\u00f6r Pia Sundhages landslagstrupp. Det finns ocks\u00e5 en gymnastikverksamhet i f\u00f6reningen som i dag har \u00f6ver 800 medlemmar.<\/p>\n<p><em>Text och foto: Sven \u00c5ke Molund<\/em><\/p>\n<p>&nbsp;<\/p>\n<ul>\n<li>\n<h3>STADSMUSEET Norrk\u00f6ping<\/h3>\n<\/li>\n<li><em>14 februari \u2013 17 mars 2013 kl 33<br \/>\n<\/em><strong>\u00c5by IF och 1900-talet<\/strong><\/li>\n<\/ul>\n<p>&nbsp;<\/p>\n<p>L\u00c4NKAR<br \/>\n\u00c5by IF <a title=\"\u00c5by IF\" href=\"http:\/\/www.laget.se\/ABYIF \" target=\"_blank\">hemsida <\/a><br \/>\nStadsmuseet <a title=\"Norrk\u00f6pings stadsmuseum\" href=\"http:\/\/www.norrkoping.se\/kultur-fritid\/museer\/stadsmuseum\/\" target=\"_blank\">hemsida<\/a><\/p>\n<p>FLER BILDER FR\u00c5N UTST\u00c4LLNINGEN \u2013 KLICKA<\/p>\n<p>[flickr-gallery mode=&#8221;photoset&#8221; photoset=&#8221;72157632772653504&#8243;]<\/p>\n","protected":false},"excerpt":{"rendered":"<p>NORRK\u00d6PING Efter att ha firat de f\u00f6rsta 90 \u00e5ren p\u00e5 hemmaplan sprider \u00c5by IF ljus \u00f6ver de g\u00e5ngna \u00e5ren med en utst\u00e4llning p\u00e5 Norrk\u00f6pings stadsmuseum. Nytt \u00e4r tv\u00e5 filmer, den ena visar en skidt\u00e4vling med Mora-Nisse, den andra \u00c5by IP p\u00e5 1960-talet. <a class=\"continue-reading-link\" href=\"https:\/\/www.kultursidan.nu\/?p=9047\">L\u00e4s mer <span class=\"meta-nav\">&rarr; <\/span><\/a><\/p>\n","protected":false},"author":1001006,"featured_media":0,"comment_status":"closed","ping_status":"open","sticky":false,"template":"","format":"standard","meta":{"_jetpack_memberships_contains_paid_content":false,"footnotes":""},"categories":[7],"tags":[47],"class_list":["post-9047","post","type-post","status-publish","format-standard","hentry","category-norrkoping","tag-utstallning"],"jetpack_featured_media_url":"","jetpack_sharing_enabled":true,"_links":{"self":[{"href":"https:\/\/www.kultursidan.nu\/index.php?rest_route=\/wp\/v2\/posts\/9047","targetHints":{"allow":["GET"]}}],"collection":[{"href":"https:\/\/www.kultursidan.nu\/index.php?rest_route=\/wp\/v2\/posts"}],"about":[{"href":"https:\/\/www.kultursidan.nu\/index.php?rest_route=\/wp\/v2\/types\/post"}],"author":[{"embeddable":true,"href":"https:\/\/www.kultursidan.nu\/index.php?rest_route=\/wp\/v2\/users\/1001006"}],"replies":[{"embeddable":true,"href":"https:\/\/www.kultursidan.nu\/index.php?rest_route=%2Fwp%2Fv2%2Fcomments&post=9047"}],"version-history":[{"count":0,"href":"https:\/\/www.kultursidan.nu\/index.php?rest_route=\/wp\/v2\/posts\/9047\/revisions"}],"wp:attachment":[{"href":"https:\/\/www.kultursidan.nu\/index.php?rest_route=%2Fwp%2Fv2%2Fmedia&parent=9047"}],"wp:term":[{"taxonomy":"category","embeddable":true,"href":"https:\/\/www.kultursidan.nu\/index.php?rest_route=%2Fwp%2Fv2%2Fcategories&post=9047"},{"taxonomy":"post_tag","embeddable":true,"href":"https:\/\/www.kultursidan.nu\/index.php?rest_route=%2Fwp%2Fv2%2Ftags&post=9047"}],"curies":[{"name":"wp","href":"https:\/\/api.w.org\/{rel}","templated":true}]}}