{"id":9076,"date":"2013-02-19T19:58:24","date_gmt":"2013-02-19T18:58:24","guid":{"rendered":"https:\/\/intelligent-friend-7861.standoutwp.com\/?p=9076"},"modified":"2013-07-28T18:21:12","modified_gmt":"2013-07-28T17:21:12","slug":"lina-steen-driver-sitt-eget-filmbolag-reportage","status":"publish","type":"post","link":"https:\/\/www.kultursidan.nu\/?p=9076","title":{"rendered":"Lina Ste\u00e9n driver sitt eget filmbolag (reportage)"},"content":{"rendered":"<p><a href=\"http:\/\/www.flickr.com\/photos\/kultursidan\/8488975989\/\" title=\"Lina Ste\u00e9n gillar Norrk\u00f6ping by Kultursidan, on Flickr\"><img loading=\"lazy\" decoding=\"async\" src=\"http:\/\/farm9.staticflickr.com\/8390\/8488975989_21af6fbd96.jpg\" width=\"500\" height=\"334\" alt=\"Lina Ste\u00e9n gillar Norrk\u00f6ping\"><\/a><\/p>\n<p><em>Fotogenique. Lina Ste\u00e9n st\u00e4ller sig hellre bakom kameran \u00e4n framf\u00f6r.<\/em><br \/>\n<iframe loading=\"lazy\" src=\"http:\/\/www.youtube.com\/embed\/poFAQFsOFLI\" frameborder=\"0\" width=\"560\" height=\"330\"><\/iframe><br \/>\n<em>Kyrkbr\u00f6llop. Musikvideon med Little Marbles l\u00e5t Du \u00e4r p\u00e5 repeat spelades in i Matteus kyrka i Norrk\u00f6ping. \u201d<\/em><em>Det var tjejerna sj\u00e4lva som kom med grundid\u00e9n, sen s\u00e5 utvecklade och f\u00f6rverkligade vi den. Riktigt roligt tema p\u00e5 video och att jobba med.\u201d, kommenterar Lina Ste\u00e9n.<\/em><em><\/em><\/p>\n<p>&nbsp;<\/p>\n<h1><span style=\"color: #ff0000;\">Little Marbles-videon b\u00e4sta hittills<\/span><\/h1>\n<p>&nbsp;<\/p>\n<p><strong>\u2013 Jag provade aldrig p\u00e5 att vara arbetsl\u00f6s. Samma vecka som jag tog studenten startade jag mitt f\u00f6retag. <\/strong>Fotografen och regiss\u00f6ren Lina Ste\u00e9n<em> <\/em>hade fr\u00e5n b\u00f6rjan planer p\u00e5 att studera vidare efter filmlinjen p\u00e5 Film och musikgymnasiet<em> <\/em>i Norrk\u00f6ping<em>.<\/em> Men hon hittade ingen utbildning som erbj\u00f6d n\u00e5gonting nytt.<\/p>\n<p>\u2013 Jag t\u00e4nkte att det h\u00e4r kan jag ju redan. S\u00e5 varf\u00f6r ska jag inte bara k\u00f6ra ig\u00e5ng och se var jag hamnar?\u201d<\/p>\n<p><strong>Nu driver Lina Ste\u00e9n sitt f\u00f6retag med inriktning p\u00e5 film och foto. <\/strong>Hon g\u00f6r reklamfilmer, musikvideos och portr\u00e4ttfotograferingar.<\/p>\n<p>\u2013 Jag brinner f\u00f6r att ber\u00e4tta en historia genom fotografi. Om det \u00e4r r\u00f6rliga bilder eller stillbilder spelar ingen roll.<\/p>\n<p>Men den st\u00f6rsta passionen \u00e4r trots allt film. Hennes musikvideor b\u00f6rjade i Norrk\u00f6ping med lokala band. Men nu f\u00e5r fler och fler upp \u00f6gonen f\u00f6r hennes filmer.<\/p>\n<p><strong>I samarbete med pojkv\u00e4nnen Victor Bisgaard<em> <\/em>gjorde Lina Ste\u00e9n en musikvideo <\/strong><strong>till popduon Little Marbles,<em> Du \u00e4r p\u00e5 repeat.<\/em><\/strong> Vilken nominerades till \u00e5rets musikvideo f\u00f6r Manifestgalan 2013 i G\u00f6teborg. Av \u00f6ver hundra bidrag blev deras film en av de fem nominerade, tillsammans med videor f\u00f6r bland annat Timo R\u00e4is\u00e4nen.<\/p>\n<p>\u2013 Jag s\u00e5g i eftertexterna att de var v\u00e4ldigt m\u00e5nga som arbetat med de andra filmerna. I v\u00e5r var det bara Victor och jag. Det var en s\u00e5 h\u00e4ftig k\u00e4nsla att f\u00e5 se sin egen film bland de st\u00f6rre produktionerna!<\/p>\n<p><strong>\u2013 Eftersom att m\u00e5nga av banden som anlitar mig, ofta har ett arbete vid sidan av eller pluggar blir det s\u00e5 att jag<\/strong> <strong>jobbar mycket kv\u00e4llar och helger<\/strong>. Men det g\u00f6r inte s\u00e5 mycket eftersom det h\u00e4r \u00e4r min passion!, ber\u00e4ttar Lina Ste\u00e9n<em>. <\/em><\/p>\n<p>N\u00e4r en passion blir till ett yrke kan det vara sv\u00e5rt att skilja p\u00e5 arbete och fritid.<br \/>\n\u2013 All min lediga tid g\u00e5r \u00e5t till att fota och blogga. Om kv\u00e4llarna brukar jag bygga en provisorisk fotostudio i vardagsrummet. Det \u00e4r ju b\u00e5de mitt arbete och mitt fritidsintresse.<\/p>\n<p><strong>Lina Ste\u00e9n<\/strong><em> <\/em><strong>\u00e4r full av kretivitet och ide\u00e9r. <\/strong>Men hon f\u00f6rs\u00f6ker vara n\u00e4rvarande i nuet<strong> <\/strong>och inte t\u00e4nka f\u00f6r mycket p\u00e5 framtiden. <strong>\u00a0<\/strong><\/p>\n<p>\u2013 Jag tar det som det kommer. Men \u00e4r det n\u00e5gonting jag verkligen vill g\u00f6ra s\u00e5 \u00e4r det en dokument\u00e4rfilm, Jag ska bara hitta den b\u00e4sta utg\u00e5ngspunkten.<\/p>\n<p>Och <em>det<\/em> \u00e4r n\u00e5got som vi f\u00e5r se fram emot och v\u00e4nta p\u00e5 med sp\u00e4nning!<br \/>\n<em>Text: Marica K\u00e4llner<br \/>\nFoto: Marica K\u00e4llner, <\/em><em>Caroline Holmgren och Victor Bisgaard<\/em><\/p>\n<p>L\u00c4NKAR<br \/>\nLina Ste\u00e9n <a title=\"Lina Ste\u00e9n\" href=\"http:\/\/www.linasteen.se\u2028\" target=\"_blank\">hemsida <\/a><br \/>\nManifestgalan <a title=\"Manifestgalan\" href=\"http:\/\/manifestgalan.se\" target=\"_blank\">hemsida <\/a><\/p>\n<p>FLER BILDER P\u00c5 LINA STE\u00c9N \u2013 KLICKA<\/p>\n<p>[flickr-gallery mode=&#8221;photoset&#8221; photoset=&#8221;72157632802840893&#8243;]<\/p>\n","protected":false},"excerpt":{"rendered":"<p>NORRK\u00d6PING N\u00e5gra dagar efter studenten startade Lina Ste\u00e9n sitt film- och fotof\u00f6retag. Nu lever hon p\u00e5 att g\u00f6ra reklamfilmer och musikvideor. St\u00f6rsta framg\u00e5ngen hittills \u00e4r en video f\u00f6r Little Marbles. <a class=\"continue-reading-link\" href=\"https:\/\/www.kultursidan.nu\/?p=9076\">L\u00e4s mer <span class=\"meta-nav\">&rarr; <\/span><\/a><\/p>\n","protected":false},"author":1001006,"featured_media":0,"comment_status":"closed","ping_status":"open","sticky":false,"template":"","format":"standard","meta":{"_jetpack_memberships_contains_paid_content":false,"footnotes":""},"categories":[7],"tags":[38],"class_list":["post-9076","post","type-post","status-publish","format-standard","hentry","category-norrkoping","tag-film"],"jetpack_featured_media_url":"","jetpack_sharing_enabled":true,"_links":{"self":[{"href":"https:\/\/www.kultursidan.nu\/index.php?rest_route=\/wp\/v2\/posts\/9076","targetHints":{"allow":["GET"]}}],"collection":[{"href":"https:\/\/www.kultursidan.nu\/index.php?rest_route=\/wp\/v2\/posts"}],"about":[{"href":"https:\/\/www.kultursidan.nu\/index.php?rest_route=\/wp\/v2\/types\/post"}],"author":[{"embeddable":true,"href":"https:\/\/www.kultursidan.nu\/index.php?rest_route=\/wp\/v2\/users\/1001006"}],"replies":[{"embeddable":true,"href":"https:\/\/www.kultursidan.nu\/index.php?rest_route=%2Fwp%2Fv2%2Fcomments&post=9076"}],"version-history":[{"count":0,"href":"https:\/\/www.kultursidan.nu\/index.php?rest_route=\/wp\/v2\/posts\/9076\/revisions"}],"wp:attachment":[{"href":"https:\/\/www.kultursidan.nu\/index.php?rest_route=%2Fwp%2Fv2%2Fmedia&parent=9076"}],"wp:term":[{"taxonomy":"category","embeddable":true,"href":"https:\/\/www.kultursidan.nu\/index.php?rest_route=%2Fwp%2Fv2%2Fcategories&post=9076"},{"taxonomy":"post_tag","embeddable":true,"href":"https:\/\/www.kultursidan.nu\/index.php?rest_route=%2Fwp%2Fv2%2Ftags&post=9076"}],"curies":[{"name":"wp","href":"https:\/\/api.w.org\/{rel}","templated":true}]}}