{"id":9184,"date":"2013-03-01T12:43:34","date_gmt":"2013-03-01T11:43:34","guid":{"rendered":"https:\/\/intelligent-friend-7861.standoutwp.com\/?p=9184"},"modified":"2013-10-21T17:41:04","modified_gmt":"2013-10-21T16:41:04","slug":"anna-en-av-tio-vinnare-i-ny-text","status":"publish","type":"post","link":"https:\/\/www.kultursidan.nu\/?p=9184","title":{"rendered":"Anna M Nygren en av tio vinnare i Ny text!"},"content":{"rendered":"<p><a href=\"http:\/\/www.flickr.com\/photos\/kultursidan\/8470777976\/\" title=\"Frida Nystr\u00f6m regisserar Anna M Nygrens pj\u00e4s Om genier by Kultursidan, on Flickr\"><img loading=\"lazy\" decoding=\"async\" src=\"http:\/\/farm9.staticflickr.com\/8106\/8470777976_82a04c9f8f.jpg\" width=\"500\" height=\"333\" alt=\"Frida Nystr\u00f6m regisserar Anna M Nygrens pj\u00e4s Om genier\"><\/a><br \/>\n<em> Anna M Nygren\u00a0 jobbar vidare. H\u00e4r tillsammans med Kvartersteaterns regiss\u00f6r Frida Nystr\u00f6m som hon ofta arbetar tillsammans med. Anna till h\u00f6ger och Frida till v\u00e4nster.<\/em><\/p>\n<p>&nbsp;<\/p>\n<h1><span style=\"color: #ff0000;\">Forts\u00e4tter jobba med manuset<\/span><\/h1>\n<p>&nbsp;<\/p>\n<p><strong>Grattis Anna M Nygren som \u00e4r en av vinnarna i riksomfattande t\u00e4vlingen Ny text!<\/strong> som genomf\u00f6rs av Riksteatern i samarbete med flera l\u00e4nsteatrar och fria grupper.<\/p>\n<p>\u2013 Tack s\u00e5 mycket! Det k\u00e4nns v\u00e4ldigt bra, och coolt (f\u00f6r att svara p\u00e5 sportkommentatorsfr\u00e5gan du inte st\u00e4llde).<\/p>\n<p><strong>Blir din pj\u00e4s\u00a0<em>KERSTIN SKA D\u00d6 eller MINNS DU KRIGET?\u00a0<\/em>spelad n\u00e5gonstans?<\/strong><\/p>\n<p>\u2013 I nul\u00e4get s\u00e5 vet jag inte riktigt. Jag kommer i alla fall forts\u00e4tta jobba med manuset (som \u00e4r betydligt l\u00e4ngre \u00e4n den text som var med i t\u00e4vlingen) och kanske blir det spelat n\u00e5gonstans n\u00e5gong\u00e5ng!<\/p>\n<p><strong>Omkring 500 manus skickades in till t\u00e4vlingen Ny text! som genomf\u00f6rs varje \u00e5r.<\/strong> \u00c4ven Emma Palmkvist fr\u00e5n Link\u00f6ping blev en av de tio vinnande deltagarna med pj\u00e4sen <em>Bombd\u00e5d<\/em>. Dimen Abdulla fr\u00e5n Stockholm tog hem f\u00f6rstapriset p\u00e5 50.000 kronor med sitt manus <em>Flickorna<\/em>.<\/p>\n<p>De tio vinnande bidragen trycks i \u00e5rets antologi som sprids till scener runtom i landet. Ny text! blir d\u00e4rigenom en viktig spr\u00e5ngbr\u00e4da f\u00f6r unga dramatiker.<br \/>\n<em>Text: Ann-Charlotte Sandelin<br \/>\n<\/em><\/p>\n<p><em><br \/>\n<\/em><\/p>\n<p>L\u00c4NKAR<br \/>\nUng Norrk\u00f6pingsdramatiker uttagen till Ny text! <a title=\"Ung Norrk\u00f6pingsdramatiker uttagen till Ny text! (reportage)\" href=\"https:\/\/www.kultursidan.nu\/?p=8644\" target=\"_blank\">reportage<\/a> Kultursidan.nu 14\/1 2013<\/p>\n<p>&nbsp;<\/p>\n","protected":false},"excerpt":{"rendered":"<p>Grattis Anna M Nygren som \u00e4r en av vinnarna i riksomfattande t\u00e4vlingen \u201dNy text!\u201d, som ocks\u00e5 \u00e4r titeln p\u00e5 den pj\u00e4santologi som ska sprida nya pj\u00e4smanus och unga dramatikernamn ut i Teatersverige. <a class=\"continue-reading-link\" href=\"https:\/\/www.kultursidan.nu\/?p=9184\">L\u00e4s mer <span class=\"meta-nav\">&rarr; <\/span><\/a><\/p>\n","protected":false},"author":1001006,"featured_media":0,"comment_status":"closed","ping_status":"open","sticky":false,"template":"","format":"standard","meta":{"_jetpack_memberships_contains_paid_content":false,"footnotes":""},"categories":[81],"tags":[12],"class_list":["post-9184","post","type-post","status-publish","format-standard","hentry","category-snappat","tag-teater"],"jetpack_featured_media_url":"","jetpack_sharing_enabled":true,"_links":{"self":[{"href":"https:\/\/www.kultursidan.nu\/index.php?rest_route=\/wp\/v2\/posts\/9184","targetHints":{"allow":["GET"]}}],"collection":[{"href":"https:\/\/www.kultursidan.nu\/index.php?rest_route=\/wp\/v2\/posts"}],"about":[{"href":"https:\/\/www.kultursidan.nu\/index.php?rest_route=\/wp\/v2\/types\/post"}],"author":[{"embeddable":true,"href":"https:\/\/www.kultursidan.nu\/index.php?rest_route=\/wp\/v2\/users\/1001006"}],"replies":[{"embeddable":true,"href":"https:\/\/www.kultursidan.nu\/index.php?rest_route=%2Fwp%2Fv2%2Fcomments&post=9184"}],"version-history":[{"count":0,"href":"https:\/\/www.kultursidan.nu\/index.php?rest_route=\/wp\/v2\/posts\/9184\/revisions"}],"wp:attachment":[{"href":"https:\/\/www.kultursidan.nu\/index.php?rest_route=%2Fwp%2Fv2%2Fmedia&parent=9184"}],"wp:term":[{"taxonomy":"category","embeddable":true,"href":"https:\/\/www.kultursidan.nu\/index.php?rest_route=%2Fwp%2Fv2%2Fcategories&post=9184"},{"taxonomy":"post_tag","embeddable":true,"href":"https:\/\/www.kultursidan.nu\/index.php?rest_route=%2Fwp%2Fv2%2Ftags&post=9184"}],"curies":[{"name":"wp","href":"https:\/\/api.w.org\/{rel}","templated":true}]}}