{"id":9194,"date":"2013-03-01T14:16:32","date_gmt":"2013-03-01T13:16:32","guid":{"rendered":"https:\/\/intelligent-friend-7861.standoutwp.com\/?p=9194"},"modified":"2013-10-21T17:40:27","modified_gmt":"2013-10-21T16:40:27","slug":"nova-i-varens-tid","status":"publish","type":"post","link":"https:\/\/www.kultursidan.nu\/?p=9194","title":{"rendered":"Nova i v\u00e5rens tid"},"content":{"rendered":"<p><a href=\"http:\/\/www.flickr.com\/photos\/kultursidan\/8517601527\/\" title=\"IMG_3068 by Kultursidan, on Flickr\"><img loading=\"lazy\" decoding=\"async\" src=\"http:\/\/farm9.staticflickr.com\/8096\/8517601527_bde5cf5a13.jpg\" width=\"500\" height=\"311\" alt=\"IMG_3068\"><\/a><\/p>\n<p><em>V\u00e5rtecken. <\/em><\/p>\n<p>&nbsp;<\/p>\n<h1><span style=\"color: #ff0000;\">Ny k\u00f6r f\u00f6r unga vuxna ser ljuset<\/span><\/h1>\n<p>&nbsp;<\/p>\n<p><strong>Att Novak\u00f6ren \u00e4r en ny k\u00f6r h\u00f6rs ju p\u00e5 namnet, \u201dnova\u201d \u00e4r latin f\u00f6r \u201dny\u201d.<\/strong> Novak\u00f6ren i S:t Olofs f\u00f6rsamling startade i h\u00f6stas f\u00f6r att fylla behovet av en k\u00f6r d\u00e4r unga vuxna kan k\u00e4nna sig extra v\u00e4lkomna i gemenskapen. Man siktar p\u00e5 att k\u00f6rmedlemmarna \u00e4r mellan 16 och 30 \u00e5r.<\/p>\n<p>P\u00e5 l\u00f6rdag \u00e4gnas Novak\u00f6rens f\u00f6rsta st\u00f6rre konsert \u00e5t den nya \u00e5rstiden \u2013 v\u00e5ren. Konserttiteln \u00e4r V\u00e5rl\u00e4ngtan \u2013 \u201dJust let the light guide you through\u201d<\/p>\n<p>\u2013 Det blir ett finfint program med blandad underbar k\u00f6rmusik, tycker k\u00f6rledaren Sara Michelin.<br \/>\n<em>Text och foto: Ann-Charlotte Sandelin<\/em><\/p>\n<p>&nbsp;<\/p>\n<ul>\n<li>\n<h3>S:T OLAI KYRKA Norrk\u00f6ping<\/h3>\n<\/li>\n<li><em>2 MARS 2013 kl 17<br \/>\n<\/em><strong>V\u00e5rl\u00e4ngtan \u2013 \u201dJust let the light guide you through\u201d<br \/>\n<\/strong>Konsert<\/p>\n<ul>\n<li>MEDVERKANDE<br \/>\nNovak\u00f6ren<br \/>\nDirigent: Sara Michelin<br \/>\nMalin Gustafsson, sopransaxofon<br \/>\nMarcus Michelin, cello<br \/>\nInger Dalene, piano<\/li>\n<\/ul>\n<\/li>\n<\/ul>\n<p>&nbsp;<\/p>\n<p>L\u00c4NKAR<br \/>\nS:t Olofs f\u00f6rsamlings k\u00f6rverksamhet <a title=\"K\u00f6rverksamhet\" href=\"http:\/\/www.svenskakyrkan.se\/default.aspx?id=845779\" target=\"_blank\">hemsida <\/a><\/p>\n","protected":false},"excerpt":{"rendered":"<p>2 MAR Unga r\u00f6ster i Novak\u00f6ren l\u00e4ngtar efter v\u00e5ren i S:t Olai kyrka. \u201dJust let the light guide you through\u201d. <a class=\"continue-reading-link\" href=\"https:\/\/www.kultursidan.nu\/?p=9194\">L\u00e4s mer <span class=\"meta-nav\">&rarr; <\/span><\/a><\/p>\n","protected":false},"author":1001006,"featured_media":0,"comment_status":"closed","ping_status":"open","sticky":false,"template":"","format":"standard","meta":{"_jetpack_memberships_contains_paid_content":false,"footnotes":""},"categories":[71],"tags":[13],"class_list":["post-9194","post","type-post","status-publish","format-standard","hentry","category-straxt","tag-musik"],"jetpack_featured_media_url":"","jetpack_sharing_enabled":true,"_links":{"self":[{"href":"https:\/\/www.kultursidan.nu\/index.php?rest_route=\/wp\/v2\/posts\/9194","targetHints":{"allow":["GET"]}}],"collection":[{"href":"https:\/\/www.kultursidan.nu\/index.php?rest_route=\/wp\/v2\/posts"}],"about":[{"href":"https:\/\/www.kultursidan.nu\/index.php?rest_route=\/wp\/v2\/types\/post"}],"author":[{"embeddable":true,"href":"https:\/\/www.kultursidan.nu\/index.php?rest_route=\/wp\/v2\/users\/1001006"}],"replies":[{"embeddable":true,"href":"https:\/\/www.kultursidan.nu\/index.php?rest_route=%2Fwp%2Fv2%2Fcomments&post=9194"}],"version-history":[{"count":0,"href":"https:\/\/www.kultursidan.nu\/index.php?rest_route=\/wp\/v2\/posts\/9194\/revisions"}],"wp:attachment":[{"href":"https:\/\/www.kultursidan.nu\/index.php?rest_route=%2Fwp%2Fv2%2Fmedia&parent=9194"}],"wp:term":[{"taxonomy":"category","embeddable":true,"href":"https:\/\/www.kultursidan.nu\/index.php?rest_route=%2Fwp%2Fv2%2Fcategories&post=9194"},{"taxonomy":"post_tag","embeddable":true,"href":"https:\/\/www.kultursidan.nu\/index.php?rest_route=%2Fwp%2Fv2%2Ftags&post=9194"}],"curies":[{"name":"wp","href":"https:\/\/api.w.org\/{rel}","templated":true}]}}