{"id":9200,"date":"2013-03-01T15:20:04","date_gmt":"2013-03-01T14:20:04","guid":{"rendered":"https:\/\/intelligent-friend-7861.standoutwp.com\/?p=9200"},"modified":"2013-10-21T17:39:42","modified_gmt":"2013-10-21T16:39:42","slug":"ola-linnea-och-son","status":"publish","type":"post","link":"https:\/\/www.kultursidan.nu\/?p=9200","title":{"rendered":"Ola, Linnea och SON"},"content":{"rendered":"<p><a href=\"http:\/\/www.flickr.com\/photos\/kultursidan\/8359316814\/\" title=\"Ola Salo sjunger med SON by Kultursidan, on Flickr\"><img loading=\"lazy\" decoding=\"async\" src=\"http:\/\/farm9.staticflickr.com\/8090\/8359316814_69dc6feb33.jpg\" width=\"333\" height=\"500\" alt=\"Ola Salo sjunger med SON\"><\/a><\/p>\n<p><em>Salo sjunger med Symfoniorkestern l\u00f6rdag kv\u00e4ll.<\/em><\/p>\n<h1><\/h1>\n<h1><span style=\"color: #ff0000;\">Salo med g\u00e4ster i De Geerhallen<\/span><\/h1>\n<p>&nbsp;<\/p>\n<p><strong>Artisten Ola Salo g\u00e4star Norrk\u00f6pings symfoniorkester n\u00e4r det \u00e4r dags f\u00f6r s\u00e4songens stora popul\u00e4rmusikaliska konsert nu p\u00e5 l\u00f6rdag.<\/strong> Han bjuder han p\u00e5 det b\u00e4sta ur The Arks repertoar och fr\u00e5n sin egen musikalkarri\u00e4r (Spelman p\u00e5 taket, Jesus Christ superstar, Kristina fr\u00e5n Duvem\u00e5la) men ocks\u00e5 personliga favoriter fr\u00e5n vitt skilda genrer.<\/p>\n<p><strong>Norrk\u00f6pingstjejen Linnea T\u00f6rnqvist \u00e4r g\u00e4startist i Olas Salos program.<\/strong> Linnea som \u00e4r klassisk sopran har ocks\u00e5 en teaterbakgrund. Hon medverkade i musikalen <em>Showboat<\/em> i V\u00e4rmekyrkan h\u00f6sten 2010 och spelade med i Strindbergs <em>P\u00e5sk<\/em> p\u00e5 Arbis f\u00f6rra v\u00e5ren.<\/p>\n<p>F\u00f6rutom Norrk\u00f6pings symfoniorkester backas s\u00e5ngarna upp av Norrk\u00f6pings mesta och b\u00e4sta musikalk\u00f6r Bel canto. Dirigent \u00e4r Jonas Nydesj\u00f6.<br \/>\n<em>Text: Ann-Charlotte Sandelin<\/em><br \/>\n<em>Foto: Angelica Augustsson, <\/em><em>Andreas Karlsson och Ann-Charlotte Sandelin<\/em><em><\/em><\/p>\n<p>&nbsp;<\/p>\n<ul>\n<li>\n<h3>DE GEERHALLEN Norrk\u00f6ping<\/h3>\n<\/li>\n<li><em>2 MARS 2013 kl 19<br \/>\n<\/em><strong>Ola Salo<br \/>\n<\/strong>Konsert<strong><br \/>\n<\/strong><\/p>\n<ul>\n<li>MEDVERKANDE<br \/>\nNorrk\u00f6pings symfoniorkester<br \/>\nDirigent: Jonas Nydesj\u00f6<br \/>\nSolister: Ola Salo\u2028och Linnea T\u00f6rnqvist<br \/>\nBel cantok\u00f6ren<\/li>\n<\/ul>\n<\/li>\n<\/ul>\n<p>L\u00c4NKAR<br \/>\nNorrk\u00f6pings symfoniorkester <a title=\"SON\" href=\"http:\/\/www.norrkopingssymfoniorkester.se\/\" target=\"_blank\">hemsida<\/a><\/p>\n<p>FLER BILDER INF\u00d6R KONSERTEN \u2013 KLICKA<\/p>\n<p>[flickr-gallery mode=&#8221;photoset&#8221; photoset=&#8221;72157632884974055&#8243;]<\/p>\n","protected":false},"excerpt":{"rendered":"<p>2 MAR Ola Salo bes\u00f6ker Symfoniorkestern tillsammans med lokala g\u00e4startister i De Geerhallen. . <a class=\"continue-reading-link\" href=\"https:\/\/www.kultursidan.nu\/?p=9200\">L\u00e4s mer <span class=\"meta-nav\">&rarr; <\/span><\/a><\/p>\n","protected":false},"author":1001006,"featured_media":0,"comment_status":"closed","ping_status":"open","sticky":false,"template":"","format":"standard","meta":{"_jetpack_memberships_contains_paid_content":false,"footnotes":""},"categories":[71],"tags":[13],"class_list":["post-9200","post","type-post","status-publish","format-standard","hentry","category-straxt","tag-musik"],"jetpack_featured_media_url":"","jetpack_sharing_enabled":true,"_links":{"self":[{"href":"https:\/\/www.kultursidan.nu\/index.php?rest_route=\/wp\/v2\/posts\/9200","targetHints":{"allow":["GET"]}}],"collection":[{"href":"https:\/\/www.kultursidan.nu\/index.php?rest_route=\/wp\/v2\/posts"}],"about":[{"href":"https:\/\/www.kultursidan.nu\/index.php?rest_route=\/wp\/v2\/types\/post"}],"author":[{"embeddable":true,"href":"https:\/\/www.kultursidan.nu\/index.php?rest_route=\/wp\/v2\/users\/1001006"}],"replies":[{"embeddable":true,"href":"https:\/\/www.kultursidan.nu\/index.php?rest_route=%2Fwp%2Fv2%2Fcomments&post=9200"}],"version-history":[{"count":0,"href":"https:\/\/www.kultursidan.nu\/index.php?rest_route=\/wp\/v2\/posts\/9200\/revisions"}],"wp:attachment":[{"href":"https:\/\/www.kultursidan.nu\/index.php?rest_route=%2Fwp%2Fv2%2Fmedia&parent=9200"}],"wp:term":[{"taxonomy":"category","embeddable":true,"href":"https:\/\/www.kultursidan.nu\/index.php?rest_route=%2Fwp%2Fv2%2Fcategories&post=9200"},{"taxonomy":"post_tag","embeddable":true,"href":"https:\/\/www.kultursidan.nu\/index.php?rest_route=%2Fwp%2Fv2%2Ftags&post=9200"}],"curies":[{"name":"wp","href":"https:\/\/api.w.org\/{rel}","templated":true}]}}