{"id":9302,"date":"2013-03-07T20:21:40","date_gmt":"2013-03-07T19:21:40","guid":{"rendered":"https:\/\/intelligent-friend-7861.standoutwp.com\/?p=9302"},"modified":"2013-09-23T18:10:30","modified_gmt":"2013-09-23T17:10:30","slug":"kvinnodagen","status":"publish","type":"post","link":"https:\/\/www.kultursidan.nu\/?p=9302","title":{"rendered":"Kvinnodagen"},"content":{"rendered":"<p><a href=\"http:\/\/www.flickr.com\/photos\/kultursidan\/8537718390\/\" title=\"SILVANA_SOLO by Kultursidan, on Flickr\"><img loading=\"lazy\" decoding=\"async\" src=\"http:\/\/farm9.staticflickr.com\/8518\/8537718390_6f24e1c3f7.jpg\" width=\"500\" height=\"354\" alt=\"SILVANA_SOLO\"><\/a><\/p>\n<p><em>Silvana Solo st\u00e5r p\u00e5 scenen i Laxholmsk\u00e4llaren.<\/em><\/p>\n<p>&nbsp;<\/p>\n<h1><span style=\"color: #ff0000;\">Mot hat och v\u00e5ld \u2013 f\u00f6r frihet, r\u00e4ttvisa och fest<\/span><\/h1>\n<p>&nbsp;<\/p>\n<p><strong>Internationella kvinnodagen firas p\u00e5 minst tv\u00e5 h\u00e5ll i Norrk\u00f6ping.<\/strong> F\u00f6rst ut \u00e4r queerfeministiska f\u00f6reningen Hallongrottans v\u00e4nner som demonstrerar mot m\u00e4ns v\u00e5ld mot kvinnor och f\u00f6r kvinnors frihet. Demonstrationen startar klockan 12 p\u00e5 Tyska torget och avslutas p\u00e5 torget mellan Spiralen 1 och Spiralen 2 en timme senare. B\u00e5de vid inledningen och vid avslutet blir det tal.<\/p>\n<p>\u2013 M\u00e4ns v\u00e5ld mot kvinnor \u00e4r ett samh\u00e4llsproblem som p\u00e5verkar b\u00e5de individer och grupper i Sverige och runt om i v\u00e4rlden, skriver Hallongrottans v\u00e4nner i sitt pressmeddelande och forts\u00e4tter:<br \/>\n\u2013 V\u00e5ldet tar sig olika uttryck. Det kan exempelvis handla om hotfulla meddelanden i sociala medier eller misshandel i n\u00e4ra relationer. M\u00e4ns v\u00e5ld mot kvinnor begr\u00e4nsar och f\u00f6rminskar kvinnors handlingsutrymme, bland annat genom att skapa en oro f\u00f6r att uttrycka sina \u00e5sikter och en r\u00e4dsla f\u00f6r att bli utsatt f\u00f6r angrepp, s\u00e5 v\u00e4l i hemmet som i det offentliga rummet.<\/p>\n<p>Hallongrottans v\u00e4nner anser att genom samarbete och dialog skapas en positiv utveckling och ett mer j\u00e4mst\u00e4llt samh\u00e4lle.<\/p>\n<p><strong>P\u00e5 Arbetets museum inleds firandet p\u00e5 eftermiddagen n\u00e4r Lawen Mohtadi f\u00f6rel\u00e4ser om Katarina Taikon, f\u00f6rfattaren till b\u00f6ckerna om Katitzi.<\/strong> Lawen Mohtadi har i sin tur skrivit om Taikon i boken <em>Den dag jag blir fri. <\/em>D\u00e4refter blir det panelsamtal med representanter fr\u00e5n Kvinnojouren, Safir, Next Step och Tjejjouren om feminism i Norrk\u00f6ping.<\/p>\n<p>P\u00e5 kv\u00e4llen blir det blir det fest i Laxholmsk\u00e4llaren med hiphopartisten Silvana Solo (p\u00e5 scen kl. 20.30). Those Dancing Dj:s fyller dansgolvet och man kan snurra p\u00e5 det feministiska lyckohjulet.<\/p>\n<p><em>Text: Ann-Charlotte Sandelin<br \/>\n<\/em><em>Foto: George Chamoun<\/em><em><\/em><\/p>\n<ul>\n<li>\n<h3>INTERNATIONELLA KVINNODAGEN Norrk\u00f6ping<\/h3>\n<\/li>\n<li><em>Fredag 8 mars 2013 <\/em><\/li>\n<li><em>kl 12\u201313<br \/>\n<\/em>Start vid Tyska torget, avslut mellan Spiralen 1 o 2<em><br \/>\n<\/em><strong>Demonstration<br \/>\n<\/strong>Arr: Hallongrottans v\u00e4nner<\/li>\n<li>ARBETETS MUSEUM<br \/>\n<em>kl 16<\/em><br \/>\n<strong>Lawen Mohtadi<\/strong> f\u00f6rel\u00e4ser<br \/>\n<em>kl 17.30<\/em><br \/>\n<strong>Panelsamtal<\/strong><br \/>\n<em>kl 19<\/em><br \/>\n<strong>Fest<\/strong><br \/>\nArr: Arbetets museum i samarbete med ABF, Norrk\u00f6ping Pride, Norrk\u00f6pings kommun, Milj\u00f6partiet de gr\u00f6na, V\u00e4nsterns studentf\u00f6rbund, V\u00e4nsterpartiet, Byr\u00e5n mot diskriminering, S-kvinnor och Socialdemokraterna.<\/li>\n<\/ul>\n<p>L\u00c4NKAR<br \/>\nArbetets museum <a title=\"Arbetets museum\" href=\"http:\/\/www.arbetetsmuseum.se\" target=\"_blank\">hemsida<\/a><\/p>\n","protected":false},"excerpt":{"rendered":"<p>8 MAR Demonstrera mot m\u00e4ns v\u00e5ld mot kvinnor och f\u00f6r kvinnors frihet tillsammans med Hallongrottans v\u00e4nner. Fira sedan Kvinnodagen med boksamtal, paneldebatt och fest p\u00e5 Arbetets museum. <a class=\"continue-reading-link\" href=\"https:\/\/www.kultursidan.nu\/?p=9302\">L\u00e4s mer <span class=\"meta-nav\">&rarr; <\/span><\/a><\/p>\n","protected":false},"author":1001006,"featured_media":0,"comment_status":"closed","ping_status":"open","sticky":false,"template":"","format":"standard","meta":{"_jetpack_memberships_contains_paid_content":false,"footnotes":""},"categories":[71],"tags":[54],"class_list":["post-9302","post","type-post","status-publish","format-standard","hentry","category-straxt","tag-evenemang"],"jetpack_featured_media_url":"","jetpack_sharing_enabled":true,"_links":{"self":[{"href":"https:\/\/www.kultursidan.nu\/index.php?rest_route=\/wp\/v2\/posts\/9302","targetHints":{"allow":["GET"]}}],"collection":[{"href":"https:\/\/www.kultursidan.nu\/index.php?rest_route=\/wp\/v2\/posts"}],"about":[{"href":"https:\/\/www.kultursidan.nu\/index.php?rest_route=\/wp\/v2\/types\/post"}],"author":[{"embeddable":true,"href":"https:\/\/www.kultursidan.nu\/index.php?rest_route=\/wp\/v2\/users\/1001006"}],"replies":[{"embeddable":true,"href":"https:\/\/www.kultursidan.nu\/index.php?rest_route=%2Fwp%2Fv2%2Fcomments&post=9302"}],"version-history":[{"count":0,"href":"https:\/\/www.kultursidan.nu\/index.php?rest_route=\/wp\/v2\/posts\/9302\/revisions"}],"wp:attachment":[{"href":"https:\/\/www.kultursidan.nu\/index.php?rest_route=%2Fwp%2Fv2%2Fmedia&parent=9302"}],"wp:term":[{"taxonomy":"category","embeddable":true,"href":"https:\/\/www.kultursidan.nu\/index.php?rest_route=%2Fwp%2Fv2%2Fcategories&post=9302"},{"taxonomy":"post_tag","embeddable":true,"href":"https:\/\/www.kultursidan.nu\/index.php?rest_route=%2Fwp%2Fv2%2Ftags&post=9302"}],"curies":[{"name":"wp","href":"https:\/\/api.w.org\/{rel}","templated":true}]}}