{"id":933,"date":"2011-01-21T18:21:10","date_gmt":"2011-01-21T16:21:10","guid":{"rendered":"https:\/\/intelligent-friend-7861.standoutwp.com\/?p=933"},"modified":"2020-10-25T16:46:45","modified_gmt":"2020-10-25T15:46:45","slug":"musikforeningen-crescendo-kor-hart-pa-51-aret","status":"publish","type":"post","link":"https:\/\/www.kultursidan.nu\/?p=933","title":{"rendered":"Crescendo k\u00f6r h\u00e5rt p\u00e5 51:a \u00e5ret"},"content":{"rendered":"<p><img loading=\"lazy\" decoding=\"async\" class=\"alignnone\" src=\"https:\/\/live.staticflickr.com\/5124\/5375106221_9cd0208224.jpg\" alt=\"Dixie Cats\" width=\"500\" height=\"332\" \/><br \/>\n<em>Kul katter \u2013 Dixie Cats med Catrin Wigge.<br \/>\n<\/em><\/p>\n<p><iframe loading=\"lazy\" src=\"https:\/\/www.youtube.com\/embed\/Z8UXc0QwW1A\" width=\"560\" height=\"315\" frameborder=\"0\" allowfullscreen=\"allowfullscreen\"><\/iframe><br \/>\n<em>Sk\u00f6na toner i skymningen. Crescendo tar ett \u00e5r i taget. Film: 1:43 min.<\/em><\/p>\n<p>&nbsp;<\/p>\n<h1><span style=\"color: #ff0000;\">Det sv\u00e4nger p\u00e5 Crescendo<\/span><\/h1>\n<p>&nbsp;<\/p>\n<p><strong>Musikf\u00f6reningen Crescendo \u00e4r inne p\u00e5 sitt 51:a verksamhets\u00e5r <\/strong>och forts\u00e4tter att satsa p\u00e5 konserter med h\u00f6g kvalitet.<\/p>\n<p>&nbsp;<\/p>\n<p><img loading=\"lazy\" decoding=\"async\" class=\"alignnone\" src=\"https:\/\/live.staticflickr.com\/5167\/5375106551_c2d5102af4_m.jpg\" alt=\"Bernt O Ericson, Musikf\u00f6reningen Crescendo\" width=\"159\" height=\"240\" \/><br \/>\n<em>Bernt O Ericson.<\/em><\/p>\n<p>&nbsp;<\/p>\n<p><strong>F\u00f6r n\u00e5got \u00e5r sedan var f\u00f6reningens fortsatta verksamhet os\u00e4ker<\/strong> d\u00e5 hyran f\u00f6r lokalerna p\u00e5 J\u00e4rnbrogatan h\u00f6jdes rej\u00e4lt samtidigt som st\u00f6det fr\u00e5n Norrk\u00f6pings Kommun var os\u00e4kert.<\/p>\n<p>F\u00f6reningens ordf\u00f6rande Bernt O Ericson s\u00e4ger att man nu tar ett \u00e5r i taget och att man hoppas p\u00e5 ekonomiskt st\u00f6d och publikens intresse f\u00f6r de konserter som arrangeras.<\/p>\n<p>&nbsp;<\/p>\n<p><img loading=\"lazy\" decoding=\"async\" class=\"alignnone\" src=\"https:\/\/live.staticflickr.com\/5086\/5375105621_fdb99b54f6_w.jpg\" alt=\"Groovy Guys\" width=\"400\" height=\"210\" \/><br \/>\n<img loading=\"lazy\" decoding=\"async\" class=\"alignnone\" src=\"https:\/\/live.staticflickr.com\/5087\/5375705236_4b1d7484cd_m.jpg\" alt=\"Groovy Guys, trumpet\" width=\"240\" height=\"159\" \/> <img loading=\"lazy\" decoding=\"async\" class=\"alignnone\" src=\"https:\/\/live.staticflickr.com\/5289\/5375105009_77f1ddaaa8_m.jpg\" alt=\"Groovy Guys, Sax och Bas\" width=\"240\" height=\"223\" \/><br \/>\n<em>Groovy Guys.<\/em><\/p>\n<p>&nbsp;<\/p>\n<p><strong>Vid v\u00e5rt bes\u00f6k den 19 januari<\/strong> var det n\u00e4stan fullsatt i lokalen n\u00e4r man bj\u00f6d p\u00e5 en konsert med lokalband. Det var <em>Groovy Guys<\/em> som bj\u00f6d p\u00e5 Gullin, 1950-tals bebop och en del amerikansk standards.<\/p>\n<p>Efter pausen bj\u00f6d <em>Dixie Cats<\/em> p\u00e5 swingmusik. I <em>Dixie Cats<\/em> medverkade ocks\u00e5 vokalisten Catrin Wigge.<\/p>\n<p>&nbsp;<\/p>\n<p><img loading=\"lazy\" decoding=\"async\" class=\"alignnone\" src=\"https:\/\/live.staticflickr.com\/5165\/5375706522_41a6171f0d_w.jpg\" alt=\"Dixie Cats\" width=\"400\" height=\"266\" \/><br \/>\n<em>Dixie Cats.<\/em><\/p>\n<p>&nbsp;<\/p>\n<p><strong><a title=\"Crescendo\" href=\"http:\/\/www.crescendo.at\/\" target=\"_blank\" rel=\"noopener noreferrer\">Crescendo<\/a> bjuder p\u00e5 konserter vanligen p\u00e5 onsdagarna<\/strong> och ur programmet f\u00f6r januari och februari kan som exempel n\u00e4mnas <a title=\"Anna Christoffersson\" href=\"http:\/\/www.annachristoffersson.com\" target=\"_blank\" rel=\"noopener noreferrer\">Anna Christoffersson &amp; Steve Dobrogosz<\/a> den 26 januari, <a title=\"G\u00f6sta Linderholm\" href=\"http:\/\/www.gostalinderholm.se\/GOSTA_LINDERHOLM\/startsida.html\" target=\"_blank\" rel=\"noopener noreferrer\">G\u00f6sta Linderholm<\/a> med <em>Trad Brothers<\/em> den 2 februari och <a title=\"Erik Lindeborg trio\" href=\"http:\/\/www.jazz.se\/erik.html\" target=\"_blank\" rel=\"noopener noreferrer\">Erik Lindeborg trio<\/a> den 9 februari.<\/p>\n<p>S\u00f6ndagen den 13 februari kommer <a title=\"Viktoria Tolstoy\" href=\"http:\/\/www.viktoriatolstoy.com\/index.php\" target=\"_blank\" rel=\"noopener noreferrer\">Viktoria Tolstoy<\/a> och <a title=\"Svante Turesson\" href=\"http:\/\/sv.wikipedia.org\/wiki\/Svante_Thuresson\" target=\"_blank\" rel=\"noopener noreferrer\">Svante Turesson<\/a> tillsammans med <em>Claes Crona\u2019s trio.<\/em><\/p>\n<p><strong>Man kan lugnt s\u00e4ga<\/strong> att Crescendo bjuder p\u00e5 ett omv\u00e4xlande program!<\/p>\n<p><em>Text och foto: Sven \u00c5ke Molund<br \/>\nFilmredigering och speak: Ann-Charlotte Sandelin<\/em><\/p>\n<ul>\n<li>\n<h3>CRESCENDO Norrk\u00f6ping<\/h3>\n<\/li>\n<li><strong>Vinter\u2013v\u00e5r 2011<\/strong><\/li>\n<li><em>Onsdag\u00a0 19 jan <\/em><br \/>\nGroovy Guys &amp; Dixie Cats<\/li>\n<li><em>Onsdag\u00a0 26 jan<\/em><br \/>\nAnna Christoffersson &amp; Steve Dobrogosz<\/li>\n<li><em>Onsdag\u00a0\u00a0\u00a0 2 feb<\/em><br \/>\nG\u00f6sta Linderholm med\u00a0 Trad Brothers<\/li>\n<li><em>M\u00e5ndag\u00a0\u00a0\u00a0 7 feb <\/em><br \/>\nAlltid p\u00e5 en m\u00e5ndag<\/li>\n<li><em>Onsdag\u00a0\u00a0\u00a0 9 feb<\/em><br \/>\nErik Lindeborg Trio<\/li>\n<li><em>S\u00f6ndag\u00a0 13 feb <\/em><br \/>\nViktoria Tolstoy &amp; Svante Thuresson med Claes Crona Trio<\/li>\n<li><em>Onsdag\u00a0 16 feb<\/em><br \/>\nJump for Joy<\/li>\n<li><em>Onsdag\u00a0 23 feb<\/em><br \/>\nWest Side Story med Lina Nyberg<\/li>\n<\/ul>\n","protected":false},"excerpt":{"rendered":"<p>I Norrk\u00f6ping bor jazzen p\u00e5 Crescendo. S\u00e4songstarten i onsdags bj\u00f6d p\u00e5 50-tals\u00e4lskande Groovy Guys och minst sagt \u00e5ldersblandade Dixie Cats. B\u00e5da lokala band. Vinterns program sp\u00e4nner brett. <a class=\"continue-reading-link\" href=\"https:\/\/www.kultursidan.nu\/?p=933\">L\u00e4s mer <span class=\"meta-nav\">&rarr; <\/span><\/a><\/p>\n","protected":false},"author":1001006,"featured_media":0,"comment_status":"closed","ping_status":"closed","sticky":false,"template":"","format":"standard","meta":{"_jetpack_memberships_contains_paid_content":false,"footnotes":""},"categories":[7],"tags":[13],"class_list":["post-933","post","type-post","status-publish","format-standard","hentry","category-norrkoping","tag-musik"],"jetpack_featured_media_url":"","jetpack_sharing_enabled":true,"_links":{"self":[{"href":"https:\/\/www.kultursidan.nu\/index.php?rest_route=\/wp\/v2\/posts\/933","targetHints":{"allow":["GET"]}}],"collection":[{"href":"https:\/\/www.kultursidan.nu\/index.php?rest_route=\/wp\/v2\/posts"}],"about":[{"href":"https:\/\/www.kultursidan.nu\/index.php?rest_route=\/wp\/v2\/types\/post"}],"author":[{"embeddable":true,"href":"https:\/\/www.kultursidan.nu\/index.php?rest_route=\/wp\/v2\/users\/1001006"}],"replies":[{"embeddable":true,"href":"https:\/\/www.kultursidan.nu\/index.php?rest_route=%2Fwp%2Fv2%2Fcomments&post=933"}],"version-history":[{"count":2,"href":"https:\/\/www.kultursidan.nu\/index.php?rest_route=\/wp\/v2\/posts\/933\/revisions"}],"predecessor-version":[{"id":42570,"href":"https:\/\/www.kultursidan.nu\/index.php?rest_route=\/wp\/v2\/posts\/933\/revisions\/42570"}],"wp:attachment":[{"href":"https:\/\/www.kultursidan.nu\/index.php?rest_route=%2Fwp%2Fv2%2Fmedia&parent=933"}],"wp:term":[{"taxonomy":"category","embeddable":true,"href":"https:\/\/www.kultursidan.nu\/index.php?rest_route=%2Fwp%2Fv2%2Fcategories&post=933"},{"taxonomy":"post_tag","embeddable":true,"href":"https:\/\/www.kultursidan.nu\/index.php?rest_route=%2Fwp%2Fv2%2Ftags&post=933"}],"curies":[{"name":"wp","href":"https:\/\/api.w.org\/{rel}","templated":true}]}}