{"id":9432,"date":"2013-03-17T13:58:40","date_gmt":"2013-03-17T12:58:40","guid":{"rendered":"https:\/\/intelligent-friend-7861.standoutwp.com\/?p=9432"},"modified":"2013-09-23T17:49:15","modified_gmt":"2013-09-23T16:49:15","slug":"fargstarkt-maleri-pa-galleri-dag-andersson-recension","status":"publish","type":"post","link":"https:\/\/www.kultursidan.nu\/?p=9432","title":{"rendered":"F\u00e4rgstarkt m\u00e5leri p\u00e5 Galleri Dag Andersson (recension)"},"content":{"rendered":"<p><a href=\"http:\/\/www.flickr.com\/photos\/kultursidan\/8564040765\/\" title=\"Stad vid vatten \u2013 Bertil Alml\u00f6f (verket \u00e4r n\u00e5got beskuret) by Kultursidan, on Flickr\"><img loading=\"lazy\" decoding=\"async\" src=\"http:\/\/farm9.staticflickr.com\/8529\/8564040765_b96f4595f9.jpg\" width=\"500\" height=\"375\" alt=\"Stad vid vatten \u2013 Bertil Alml\u00f6f (verket \u00e4r n\u00e5got beskuret)\"><\/a><\/p>\n<p><em>Sinnligt och f\u00e4rgstarkt. Stad vid vatten av Bertil Alml\u00f6f. Verket \u00e4r n\u00e5got beskuret. <\/em><\/p>\n<p>&nbsp;<\/p>\n<h1><span style=\"color: #ff0000;\">Sinnliga minnen av landskap\/dager\/k\u00e4nsla<\/span><\/h1>\n<p>&nbsp;<\/p>\n<p><strong>\u201dHans m\u00e5lningar \u00e4r f\u00f6rs\u00f6ksodlingar, ingenting annat. Ett m\u00e5leri f\u00f6re m\u00e5leriet\u201d<\/strong> S\u00e5 skriver Torgny Lindgren i katalogen till Bertil Alml\u00f6fs utst\u00e4llning p\u00e5 Konstakademin 2006.<\/p>\n<p>En tr\u00e4ffande karakt\u00e4ristik n\u00e4r man 2013 tr\u00e4der in i Galleri Dag Andersson d\u00e4r v\u00e4ggarna \u00f6verfaller bes\u00f6karen med starka primitiva f\u00e4rgklanger. Motiven \u00e4r enkla; sl\u00e4tten\/havet, horisonten och himlen.<\/p>\n<p>Det \u00e4r mycket sinnligt och utst\u00e4llningen heter r\u00e4tt och sl\u00e4tt \u201dM\u00e5lningar\u201d. Och det \u00e4r precis vad det \u00e4r, visserligen inte utf\u00f6rda med pensel utan med gummispatel.<\/p>\n<p>Alml\u00f6f vill framkalla minnet av ett landskap, minnet av en dager eller en dr\u00f6md k\u00e4nsla. Alml\u00f6f lyckas ofta f\u00f6ra upp alltsammans till bildytan och horisonten blir ett tankestreck i dubbel bem\u00e4rkelse. Ibland l\u00e5ter han i st\u00e4llet f\u00f6rtoningar markera \u00f6verg\u00e5ngen mellan jord och himmel.<\/p>\n<p>Det erinrar om Marcus Larssons landskapsm\u00e5lningar f\u00f6r \u00f6ver hundra \u00e5r sedan; samma dramatiska intensitet, samma kraft i klangen.<\/p>\n<p>Ett \u00e4lskad m\u00e5lare med redan mycket s\u00e5lt och galleristen hade inte sett maken till vernissagerusning.<\/p>\n<p><em>Text: Olov Rasch<br \/>\nFoto: Olov Rasch och Ann-Charlotte Sandelin<\/em><\/p>\n<p>&nbsp;<\/p>\n<ul>\n<li>\n<h3>GALLERI DAG ANDERSSON Norrk\u00f6ping<\/h3>\n<\/li>\n<li><em>9 mars \u2013 14 april 2013<br \/>\n<\/em><strong>Bertil Alml\u00f6f<br \/>\n<\/strong>M\u00e5lningar<\/li>\n<\/ul>\n<p>L\u00c4NKAR<br \/>\nBertil Alml\u00f6f <a title=\"Bertil Alml\u00f6f\" href=\"http:\/\/www.bertilalmlof.se\" target=\"_blank\">hemsida <\/a><br \/>\nGalleri Dag Andersson <a title=\"Galleri Dag Andersson\" href=\"http:\/\/www.galleridagandersson.se\/\" target=\"_blank\">hemsida<\/a><br \/>\nMarcus Larsson <a title=\"Marcus Larson\" href=\"http:\/\/sv.wikipedia.org\/wiki\/Marcus_Larson\" target=\"_blank\">wiki <\/a><\/p>\n<p>FLER BILDER FR\u00c5N UTST\u00c4LLNINGEN samt verk Marcus Larsson \u2013 KLICKA<\/p>\n<p>[flickr-gallery mode=&#8221;photoset&#8221; photoset=&#8221;72157633017269964&#8243;]<\/p>\n<p><em>\u00a0<\/em><\/p>\n","protected":false},"excerpt":{"rendered":"<p>NORRK\u00d6PING Bertil Alml\u00f6f vill framkalla minnet av ett landskap, minnet av en dager eller en dr\u00f6md k\u00e4nsla. Han lyckas ofta f\u00f6ra upp alltsammans till bildytan och horisonten blir ett tankestreck i dubbel bem\u00e4rkelse. En \u00e4lskad m\u00e5lare st\u00e4ller ut. <a class=\"continue-reading-link\" href=\"https:\/\/www.kultursidan.nu\/?p=9432\">L\u00e4s mer <span class=\"meta-nav\">&rarr; <\/span><\/a><\/p>\n","protected":false},"author":1001006,"featured_media":0,"comment_status":"closed","ping_status":"open","sticky":false,"template":"","format":"standard","meta":{"_jetpack_memberships_contains_paid_content":false,"footnotes":""},"categories":[7],"tags":[14],"class_list":["post-9432","post","type-post","status-publish","format-standard","hentry","category-norrkoping","tag-konst"],"jetpack_featured_media_url":"","jetpack_sharing_enabled":true,"_links":{"self":[{"href":"https:\/\/www.kultursidan.nu\/index.php?rest_route=\/wp\/v2\/posts\/9432","targetHints":{"allow":["GET"]}}],"collection":[{"href":"https:\/\/www.kultursidan.nu\/index.php?rest_route=\/wp\/v2\/posts"}],"about":[{"href":"https:\/\/www.kultursidan.nu\/index.php?rest_route=\/wp\/v2\/types\/post"}],"author":[{"embeddable":true,"href":"https:\/\/www.kultursidan.nu\/index.php?rest_route=\/wp\/v2\/users\/1001006"}],"replies":[{"embeddable":true,"href":"https:\/\/www.kultursidan.nu\/index.php?rest_route=%2Fwp%2Fv2%2Fcomments&post=9432"}],"version-history":[{"count":0,"href":"https:\/\/www.kultursidan.nu\/index.php?rest_route=\/wp\/v2\/posts\/9432\/revisions"}],"wp:attachment":[{"href":"https:\/\/www.kultursidan.nu\/index.php?rest_route=%2Fwp%2Fv2%2Fmedia&parent=9432"}],"wp:term":[{"taxonomy":"category","embeddable":true,"href":"https:\/\/www.kultursidan.nu\/index.php?rest_route=%2Fwp%2Fv2%2Fcategories&post=9432"},{"taxonomy":"post_tag","embeddable":true,"href":"https:\/\/www.kultursidan.nu\/index.php?rest_route=%2Fwp%2Fv2%2Ftags&post=9432"}],"curies":[{"name":"wp","href":"https:\/\/api.w.org\/{rel}","templated":true}]}}