{"id":9441,"date":"2013-03-17T14:44:19","date_gmt":"2013-03-17T13:44:19","guid":{"rendered":"https:\/\/intelligent-friend-7861.standoutwp.com\/?p=9441"},"modified":"2013-09-01T15:44:43","modified_gmt":"2013-09-01T14:44:43","slug":"historien-om-en-soldat-ar-en-riktig-parla-recension","status":"publish","type":"post","link":"https:\/\/www.kultursidan.nu\/?p=9441","title":{"rendered":"Historien om en soldat \u00e4r en riktig p\u00e4rla (recension)"},"content":{"rendered":"<p><a href=\"http:\/\/www.flickr.com\/photos\/kultursidan\/8565247736\/\" title=\"Mellan bro och brejadal vandrar en soldat. \u00d6stg\u00f6tateatern och \u00d6stg\u00f6tamusiken s\u00e4tter upp musiksagan Historien om en soldat av Igor Stravinsky. by Kultursidan, on Flickr\"><img loading=\"lazy\" decoding=\"async\" src=\"http:\/\/farm9.staticflickr.com\/8112\/8565247736_518700111b.jpg\" width=\"500\" height=\"332\" alt=\"Mellan bro och brejadal vandrar en soldat. \u00d6stg\u00f6tateatern och \u00d6stg\u00f6tamusiken s\u00e4tter upp musiksagan Historien om en soldat av Igor Stravinsky.\"><\/a><\/p>\n<p><em>Mellan bro och brejadal vandrar hem\u00e5t en soldat. \u00d6stg\u00f6tateatern och \u00d6stg\u00f6tamusiken s\u00e4tter upp musiksagan Historien om en soldat av Igor Stravinsky.<\/em><\/p>\n<p>&nbsp;<\/p>\n<h1><span style=\"color: #ff0000;\">Poetisk saga om livet, lyckan och k\u00e4rleken<\/span><\/h1>\n<p>&nbsp;<\/p>\n<p><strong>Mellan bro och brejadal vandrar en soldat.<\/strong> Han \u00e4r p\u00e5 v\u00e4g hem, och l\u00e4ngtan \u00e4r stor efter mor och f\u00e4stm\u00f6. Soldaten stannar vid en b\u00e4ck och plockar fram sin fiol ur r\u00e4nseln. Pl\u00f6tsligt dyker en v\u00e4lkl\u00e4dd herre upp. Han vill prompt ha fiolen och lovar soldaten stora rikedomar i utbyte.<\/p>\n<p>Texten till Igor Stravinskys musiksaga <em>Historien om en soldat<\/em> har sin bakgrund i en rysk folksaga. Stycket som ska l\u00e4sas, spelas och dansas komponerades 1918 i skuggan av f\u00f6rsta v\u00e4rldskriget. I dessa sv\u00e5ra tider var det ont om b\u00e5de sk\u00e5despelare och musiker. Stravinsky valde d\u00e4rf\u00f6r att komponera f\u00f6r en septett, tre akt\u00f6rer och en dansare. Ett format som ocks\u00e5 passar \u00d6stg\u00f6tateatern n\u00e4r man nu samarbetar med \u00d6stg\u00f6tamusiken.<\/p>\n<p><strong>Septetten under ledning av Johan Siberg \u00e4r placerad i bakre delen av rummet.<\/strong> H\u00e4r samsas violin, kontrabas och slagverk med klarinett, fagott, trombon och trumpet. Scenen domineras av ett enkelt scenbygge med tv\u00e5 sluttande plan som binds samman av en tv\u00e4rg\u00e5ende ramp. Alla scenbyten sker inf\u00f6r \u00f6ppen rid\u00e5, och som ur en trollkarls hatt plockas rekvisitan fram ur g\u00f6mda utrymmen.<\/p>\n<p><strong>Sacha Becker g\u00f6r ber\u00e4ttaren.<\/strong> I lysande korallr\u00f6d kl\u00e4nning blir hon v\u00e5r f\u00f6ljeslagare genom ber\u00e4ttelsen. Texten \u00e4r p\u00e5 rim och Sacha Beckers fina diktion ger orden rytm i samklang med musiken.<\/p>\n<p>Danny Lekstr\u00f6ms soldat \u00e4r en enkel man. I hopp om att finna lyckan byter han sin \u00e4lskade fiol mot fr\u00e4mlingens bok som lovar kunskaper om ekonomins framtid. Han blir visserligen rik men inte lycklig. Hemma i byn \u00e4r f\u00e4stm\u00f6n \u00e4r gift och soldaten \u00e4r bortgl\u00f6md. Vad \u00e4r allt guld i v\u00e4rlden v\u00e4rt n\u00e4r man f\u00f6rlorat sin k\u00e4ra?<\/p>\n<p>Det \u00e4r sj\u00e4lvaste dj\u00e4vulen som soldaten har gjort aff\u00e4rer med. Joacim Hedberg \u00e4r utm\u00e4rkt i sin roll. I lila frack och pomp\u00f6s frisyr svassar han omkring p\u00e5 h\u00f6ga klackar och \u00e4r sockers\u00f6t n\u00e4r det beh\u00f6vs, men hans ber\u00e4knande sida lyser igenom. Han har soldaten i sin makt.<\/p>\n<p>Maria Wulcans prinsessa \u00e4r kl\u00e4dd i vit b\u00f6ljande sidenkl\u00e4nning och t\u00e5spetsar. Likt T\u00f6rnrosa vaknar hon sakta ur sin sjukdomsdvala, och det \u00e4r som om kroppens olika delar kommer till liv var och en f\u00f6r sig. N\u00e4r kroppen blir ett med r\u00f6relserna blommar hon ut i sk\u00f6n dans. Soldaten dras med i k\u00e4rleksdansen, men dj\u00e4vulen lurar fortfarande i bakgrunden.<\/p>\n<p><strong>Regiss\u00f6r och koreograf Cynthia Kai tar v\u00e4l vara p\u00e5 akt\u00f6rernas dansarbakgrund.<\/strong> Det finns rytm och timing i deras r\u00f6relser som samspelar med musiken. Scenbygget anv\u00e4nds flitigt att kana, g\u00e5 och glida \u00f6ver och under. Stravinskys musik \u00e4r lekfull och g\u00e4ckande. Den ger utrymme f\u00f6r varje instrument att h\u00f6ras, och de olika taktartsv\u00e4xlingarna f\u00e5r musiken att ta sig egna v\u00e4gar och aldrig bli f\u00f6ruts\u00e4gbar.<\/p>\n<p>Det \u00e4r en riktig p\u00e4rla som mejslats fram av akt\u00f6rer och musiker. V\u00e4l v\u00e4rd att upplevas.<\/p>\n<p><em>Text: Felicia Eriksson<br \/>\nFoto: Anders Kratz<\/em><\/p>\n<p>&nbsp;<\/p>\n<ul>\n<li>\n<h3>TEATER BR\u00c5DDGATAN 34 Norrk\u00f6ping<\/h3>\n<\/li>\n<li><em>3 april kl 19, 4 april kl 14<\/em> (skolf\u00f6rest\u00e4llningar 20 och 21 mars)<\/li>\n<li>\n<h4>SAGATEATERN Link\u00f6ping<\/h4>\n<\/li>\n<li><em>12 april-12 maj<\/em><\/li>\n<li>\n<h4>KULTURSCENEN Mj\u00f6lby<\/h4>\n<\/li>\n<li><em>15-16 maj<\/em><\/li>\n<li><strong>Historien om en soldat<\/strong><br \/>\nLibretto: Charles-Ferdinand Ramuz<br \/>\nMusik: Igor Stravinsky<br \/>\n\u00d6vers\u00e4ttning: Erik Lindegren<br \/>\nId\u00e9\/regi\/koreografi: Cynthia Kai<br \/>\nScenografi\/kostym: Benita Bergfeldt L\u00f6fgren<br \/>\nMask\/perukdesign: Robin Davidsson<br \/>\nLjusdesign: P\u00e4r Krantz<br \/>\nKapellm\u00e4stare: Johan Siberg<br \/>\nSamproduktion: \u00d6stg\u00f6tateatern och \u00d6stg\u00f6tamusiken<\/li>\n<\/ul>\n<ul>\n<li>MEDVERKANDE\n<ul>\n<li>Ber\u00e4ttaren \u2013 Sasha Becker<br \/>\nSoldaten \u2013 Denny Lekstr\u00f6m<br \/>\nDj\u00e4vulen \u2013 Joacim Hedman<br \/>\nPrinsessan \u2013 Maria Wulcan<\/li>\n<li><strong>Musiker fr\u00e5n \u00d6stg\u00f6tamusiken<\/strong><br \/>\nViolin \u2013 Mikael Wenhov alt. Johanna Tafvelin<br \/>\nKontrabas \u2013 Mats Bergstr\u00f6m<br \/>\nKlarinett \u2013 Hans \u00c5kesson alt. Niklas Hakeg\u00e5rd<br \/>\nFagott \u2013 Andreas From<br \/>\nTrumpet \u2013 Per Anelid<br \/>\nTrombon \u2013 Olle Bohm<br \/>\nSlagverk \u2013 Tommy Lagg<\/li>\n<\/ul>\n<\/li>\n<\/ul>\n<p>L\u00c4NKAR<br \/>\n\u00d6stg\u00f6tateatern <a title=\"\u00d6stg\u00f6tateatern\" href=\"http:\/\/www.ostgotateatern.se\" target=\"_blank\">hemsida<\/a><br \/>\n\u00d6stg\u00f6tamusiken <a title=\"\u00d6stg\u00f6tamusiken\" href=\"http:\/\/www.ostgotamusiken.se\" target=\"_blank\">hemsida <\/a><br \/>\n\u00d6stg\u00f6tateatern s\u00e4tter upp Stravinskys danssaga\u00a0<a title=\"\u00d6stg\u00f6tateatern s\u00e4tter upp Stravinskys danssaga (reportage)\" href=\"https:\/\/www.kultursidan.nu\/?p=9381\" target=\"_blank\">reportage<\/a> Kultursidan.nu 11\/3 2013<\/p>\n<p>FLER BILDER FR\u00c5N F\u00d6REST\u00c4LLNINGEN \u2013 KLICKA<\/p>\n<p>[flickr-gallery mode=&#8221;photoset&#8221; photoset=&#8221;72157633017530112&#8243;]<\/p>\n","protected":false},"excerpt":{"rendered":"<p>NORRK\u00d6PING \u00d6stg\u00f6tateatern och \u00d6stg\u00f6tamusiken bjuder p\u00e5 en poetisk musiksaga om livet, lyckan och k\u00e4rleken. Spelas p\u00e5 Teater Br\u00e5ddgatan 34 i Norrk\u00f6ping innan den ger sig ut i l\u00e4net. <a class=\"continue-reading-link\" href=\"https:\/\/www.kultursidan.nu\/?p=9441\">L\u00e4s mer <span class=\"meta-nav\">&rarr; <\/span><\/a><\/p>\n","protected":false},"author":1001006,"featured_media":0,"comment_status":"closed","ping_status":"open","sticky":false,"template":"","format":"standard","meta":{"_jetpack_memberships_contains_paid_content":false,"footnotes":""},"categories":[7,1],"tags":[41,12],"class_list":["post-9441","post","type-post","status-publish","format-standard","hentry","category-norrkoping","category-okategoriserade","tag-dans","tag-teater"],"jetpack_featured_media_url":"","jetpack_sharing_enabled":true,"_links":{"self":[{"href":"https:\/\/www.kultursidan.nu\/index.php?rest_route=\/wp\/v2\/posts\/9441","targetHints":{"allow":["GET"]}}],"collection":[{"href":"https:\/\/www.kultursidan.nu\/index.php?rest_route=\/wp\/v2\/posts"}],"about":[{"href":"https:\/\/www.kultursidan.nu\/index.php?rest_route=\/wp\/v2\/types\/post"}],"author":[{"embeddable":true,"href":"https:\/\/www.kultursidan.nu\/index.php?rest_route=\/wp\/v2\/users\/1001006"}],"replies":[{"embeddable":true,"href":"https:\/\/www.kultursidan.nu\/index.php?rest_route=%2Fwp%2Fv2%2Fcomments&post=9441"}],"version-history":[{"count":0,"href":"https:\/\/www.kultursidan.nu\/index.php?rest_route=\/wp\/v2\/posts\/9441\/revisions"}],"wp:attachment":[{"href":"https:\/\/www.kultursidan.nu\/index.php?rest_route=%2Fwp%2Fv2%2Fmedia&parent=9441"}],"wp:term":[{"taxonomy":"category","embeddable":true,"href":"https:\/\/www.kultursidan.nu\/index.php?rest_route=%2Fwp%2Fv2%2Fcategories&post=9441"},{"taxonomy":"post_tag","embeddable":true,"href":"https:\/\/www.kultursidan.nu\/index.php?rest_route=%2Fwp%2Fv2%2Ftags&post=9441"}],"curies":[{"name":"wp","href":"https:\/\/api.w.org\/{rel}","templated":true}]}}