{"id":9452,"date":"2013-03-18T17:36:01","date_gmt":"2013-03-18T16:36:01","guid":{"rendered":"https:\/\/intelligent-friend-7861.standoutwp.com\/?p=9452"},"modified":"2013-09-01T15:44:03","modified_gmt":"2013-09-01T14:44:03","slug":"nygards-bengtsson-och-lindekrantz-vacker-fragor-reportage","status":"publish","type":"post","link":"https:\/\/www.kultursidan.nu\/?p=9452","title":{"rendered":"Nyg\u00e5rds Bengtsson och Lindekrantz v\u00e4cker fr\u00e5gor (reportage)"},"content":{"rendered":"<p><a href=\"http:\/\/www.flickr.com\/photos\/kultursidan\/8568256525\/\" title=\"Nyg\u00e5rds Karin Bengtsson st\u00e4ller ut p\u00e5 Konstforum by Kultursidan, on Flickr\"><img loading=\"lazy\" decoding=\"async\" src=\"http:\/\/farm9.staticflickr.com\/8372\/8568256525_1f199f4315.jpg\" width=\"500\" height=\"333\" alt=\"Nyg\u00e5rds Karin Bengtsson st\u00e4ller ut p\u00e5 Konstforum\"><\/a><\/p>\n<p><em>Avskalad. Nyg\u00e5rds Karin Bengtsson st\u00e4ller ut sin omsorgfullt iscensatta fotokonst p\u00e5 Konstforum.<\/em><\/p>\n<p>&nbsp;<\/p>\n<h1><span style=\"color: #ff0000;\"><strong>Den aktiva betraktaren f\u00e5r s\u00f6ka sina svar<\/strong><\/span><\/h1>\n<p><strong>\u00a0<\/strong><\/p>\n<p><strong>Ett \u00f6gonblick stilla, fryst och manande. <\/strong>S\u00e5 skulle man kunna beskriva en gemensam n\u00e4mnare f\u00f6r Nyg\u00e5rds Karin Bengtssons<em> <\/em>fotokonst och Per Ivar Lindekrantz m\u00e5lningar och teckningar. Fram till 7 april st\u00e4ller de ut p\u00e5 Konstforum.<\/p>\n<p>Att en kamera finns med i bilden kan man n\u00e4stan tolka bokstavligt. Karin arbetar med ren fotokonst medan Pers arbeten f\u00f6reg\u00e5s av ett slags fotomontage. Han anv\u00e4nder ocks\u00e5 en kamera och utg\u00e5r fr\u00e5n foton n\u00e4r han m\u00e5lar eller tecknar sina bilder. Tecknandet och m\u00e5landet \u00e4r utf\u00f6rda med fotografisk precision.<\/p>\n<p>Just relationerna mellan figurer och mellan figurer och bakgrunder \u00e4r viktiga f\u00f6r b\u00e5da konstn\u00e4rerna. Om man nu kan kalla m\u00e4nniskor f\u00f6r figurer, vilket g\u00e4ller i Karins fall. Per har ocks\u00e5 med m\u00e4nniskor i sina bilder men han har \u00e4ven med gamla mytiska statyetter, komna fr\u00e5n olika tider och olika kulturer. Dessa statyetter f\u00f6r en dialog med varandra eller med den m\u00e4nniska som finns i m\u00e5lningen eller med m\u00e5lningens bakgrund.<\/p>\n<p>Betraktaren manas till aktivitet. Fr\u00e5gor uppst\u00e5r d\u00e5 man ser bilderna.<strong> <\/strong>Och h\u00e4r skiljer sig konstn\u00e4rerna \u00e5t d\u00e5 det g\u00e4ller inst\u00e4llning till konsten och till sina verk och till de fr\u00e5gor som deras tavlor ger upphov till.<\/p>\n<p><strong>Nyg\u00e5rds Karin Bengtsson arbetar v\u00e4ldigt medvetet med att skala bort information fr\u00e5n sina bilder.<\/strong> Det g\u00f6r hon f\u00f6r att underl\u00e4tta i m\u00f6tet mellan betraktare och konstverk. Hon vill att betraktaren ska ha stor m\u00f6jlighet att sj\u00e4lv g\u00e5 in i bilden och l\u00e4gga in sina svar och tolkningar d\u00e4r. Hon anv\u00e4nder n\u00e4stan s\u00f6ndertolkade motiv, som t ex en kvinna framf\u00f6r ett f\u00f6nster, f\u00f6r att betraktaren ska k\u00e4nna igen sig. Men hon vill anv\u00e4nda dessa v\u00e4lk\u00e4nda motiv p\u00e5 ett eget s\u00e4tt. Hon d\u00f6ljer personernas ansikten, ofta genom att l\u00e5ta dem v\u00e4nda oss ryggen men ocks\u00e5 genom en mask eller en solkatt. Allt f\u00f6r att inte st\u00f6ra v\u00e5rt inklivande i bilden. Interi\u00f6ren \u00e4r avskalad och f\u00e4rgskalan konstant vit, svart och r\u00f6d. Ljuset \u00e4r mycket viktigt. Det lyfter fram personerna som i stillhet befinner sig i tavlorna. Det m\u00e5lar n\u00e4stan, mjukt och poetiskt. \u00c4nd\u00e5 finns fr\u00e5gan lite oroande d\u00e4r. Vad har h\u00e4nt innan? Vad kommer att h\u00e4nda?<\/p>\n<p>Likt de postmoderna konstn\u00e4rerna anser inte Karin att konstens uppgift \u00e4r att ge n\u00e5gra svar. Den ska st\u00e4lla fr\u00e5gor. Och hon anstr\u00e4nger sig f\u00f6r att vi ska ha s\u00e5 l\u00e4tt som m\u00f6jligt f\u00f6r att hitta svaren sj\u00e4lva, inom oss, med hj\u00e4lp av hennes bilder. Likt en filmregiss\u00f6r har hon arbetat med manus, rekvisita, sk\u00e5despelare, ljuss\u00e4ttning och rumslighet.<\/p>\n<p><strong>Per Ivar Lindekrantz d\u00e4remot identifierar sig inte med postmodernismen. <\/strong>Han tycker om det ber\u00e4ttande inslaget i konsten. \u00c4nd\u00e5 v\u00e4rjer han sig mot det klarlagda i mytiska symboler och figurer. Det kryptiska lockar mer. Han anv\u00e4nder museala mytiska figurer som sedan l\u00e4nge har f\u00f6rlorat sin betydelse i kulturer vi i dag knappt k\u00e4nner till. Eller inte k\u00e4nner till. Figurernas mytiska betydelse kan vi endast gissa oss till. Dessa statyetter har han lekt med, satt i relation till varandra eller till en m\u00e4nniska eller en bakgrund. Hans konst ger likt Karins foton ocks\u00e5 upphov till fr\u00e5gor. Och det \u00e4r vi som betraktare som har svaren. Att det inte g\u00e5r att s\u00e4tta en mytisk tolkande etikett p\u00e5 figuren har, f\u00f6r mig, likheter med de ansikten vi inte kan se i Karins fotokonst. Det blir l\u00e4ttare f\u00f6r oss att kliva in och sj\u00e4lva hitta svaren, leka och fantisera. S\u00e5 trots olika ing\u00e5ngar till sin konst landar de \u00e4nd\u00e5 inte l\u00e5ngt fr\u00e5n varandra ur det perspektivet.<\/p>\n<p>Men det ber\u00e4ttande inslaget finns d\u00e4r. Statyetterna kommer fr\u00e5n olika platser och m\u00e5nga av bakgrunderna har sina historier. Trots detta \u00e4r de inte n\u00f6dv\u00e4ndiga att k\u00e4nna till. Det viktiga \u00e4r relationerna mellan figurerna eller figuren och m\u00e4nniskan och bakgrunden eller kanske tiden som representeras av dem. Tidsaspekten g\u00f6r fr\u00e5gest\u00e4llningen existentiell f\u00f6r mig. Statyetterna har olika ursprung i b\u00e5de tid och rum men de utstr\u00e5lar, trots allt, en outtalad likhet och den b\u00e5de lekfulla och v\u00f6rdnadsfulla behandling Per har gett dem i sina bilder ger vi i dag som samh\u00e4llsvarelser mytiska, religi\u00f6sa och existentiella &#8221;figurer&#8221; \u00e4ven i v\u00e5r tid. Jag t\u00e4nker p\u00e5 Jesus, p\u00e5skk\u00e4rringar, jultomten, majst\u00e5ngen, korset och ljuset, bara f\u00f6r att n\u00e4mna n\u00e5gra.<\/p>\n<p><strong>Precis som Karins fotokonst f\u00f6rmedlar n\u00e5got om oss m\u00e4nniskor och v\u00e5ra livsvillkor ber\u00e4ttar Pers m\u00e5lningar och teckningar om dessa. <\/strong>L\u00e5t vara att den ena skulle kunna kalla sig postmodern och den andra inte. Bakom v\u00e5ra etiketter \u00e4r vi \u00e4nd\u00e5 ganska s\u00e5 lika.<\/p>\n<p><em>Text: Carina Johansson<br \/>\nFoto: Ann-Charlotte Sandelin<\/em><\/p>\n<p>&nbsp;<\/p>\n<ul>\n<li>\n<h3>KONSTFORUM Norrk\u00f6ping<\/h3>\n<\/li>\n<li><em>16 mars \u2013 7 april 2013<\/em><\/li>\n<li><strong>Per Ivar Lindekrantz<br \/>\n<\/strong>M\u00e5leri, teckning<\/li>\n<li><strong>Nyg\u00e5rds Karin Bengtsson<br \/>\n<\/strong>Fotografi<\/li>\n<\/ul>\n<p>L\u00c4NKAR<br \/>\nPer Ivar Lindekrantz <a title=\"Per Ivar Lindekrantz\" href=\"http:\/\/lindekrantz.se \" target=\"_blank\">hemsida <\/a><br \/>\nNyg\u00e5rds Karin Bengtsson <a title=\"Nyg\u00e5rds Karin Bengtsson\" href=\"http:\/\/www.svenskakonstnarer.se\/start\/plus_artist.php?aid=1751\" target=\"_blank\">info <\/a><br \/>\nKonstforum <a title=\"Konstforum\" href=\"http:\/\/www.konstforumnorrkoping.se\" target=\"_blank\">hemsida<\/a><\/p>\n<p>FLER BILDER FR\u00c5N PER IVAR LINDEKRANTZ \u2013 KLICKA<\/p>\n<p>[flickr-gallery mode=&#8221;photoset&#8221; photoset=&#8221;72157633028103730&#8243;]<\/p>\n<p>FLER BILDER FR\u00c5N NYG\u00c5RDS KARIN BENGTSSON \u2013 KLICKA<\/p>\n<p>[flickr-gallery mode=&#8221;photoset&#8221; photoset=&#8221;72157633023873467&#8243;]<\/p>\n<p>&nbsp;<\/p>\n","protected":false},"excerpt":{"rendered":"<p>NORRK\u00d6PING Stilla \u00f6gonblick som manar betraktaren till aktivitet. Nyg\u00e5rds Karin Bengtssons avskalade fotografiska iscens\u00e4ttningar v\u00e4cker fr\u00e5gor. S\u00e5 g\u00f6r \u00e4ven Per Ivar Lindekrantz fotografiska m\u00e5leri, som ber\u00e4ttar om gl\u00f6mda myter. <a class=\"continue-reading-link\" href=\"https:\/\/www.kultursidan.nu\/?p=9452\">L\u00e4s mer <span class=\"meta-nav\">&rarr; <\/span><\/a><\/p>\n","protected":false},"author":1001006,"featured_media":0,"comment_status":"closed","ping_status":"open","sticky":false,"template":"","format":"standard","meta":{"_jetpack_memberships_contains_paid_content":false,"footnotes":""},"categories":[7],"tags":[17,14],"class_list":["post-9452","post","type-post","status-publish","format-standard","hentry","category-norrkoping","tag-foto","tag-konst"],"jetpack_featured_media_url":"","jetpack_sharing_enabled":true,"_links":{"self":[{"href":"https:\/\/www.kultursidan.nu\/index.php?rest_route=\/wp\/v2\/posts\/9452","targetHints":{"allow":["GET"]}}],"collection":[{"href":"https:\/\/www.kultursidan.nu\/index.php?rest_route=\/wp\/v2\/posts"}],"about":[{"href":"https:\/\/www.kultursidan.nu\/index.php?rest_route=\/wp\/v2\/types\/post"}],"author":[{"embeddable":true,"href":"https:\/\/www.kultursidan.nu\/index.php?rest_route=\/wp\/v2\/users\/1001006"}],"replies":[{"embeddable":true,"href":"https:\/\/www.kultursidan.nu\/index.php?rest_route=%2Fwp%2Fv2%2Fcomments&post=9452"}],"version-history":[{"count":0,"href":"https:\/\/www.kultursidan.nu\/index.php?rest_route=\/wp\/v2\/posts\/9452\/revisions"}],"wp:attachment":[{"href":"https:\/\/www.kultursidan.nu\/index.php?rest_route=%2Fwp%2Fv2%2Fmedia&parent=9452"}],"wp:term":[{"taxonomy":"category","embeddable":true,"href":"https:\/\/www.kultursidan.nu\/index.php?rest_route=%2Fwp%2Fv2%2Fcategories&post=9452"},{"taxonomy":"post_tag","embeddable":true,"href":"https:\/\/www.kultursidan.nu\/index.php?rest_route=%2Fwp%2Fv2%2Ftags&post=9452"}],"curies":[{"name":"wp","href":"https:\/\/api.w.org\/{rel}","templated":true}]}}