{"id":9461,"date":"2013-03-18T18:39:13","date_gmt":"2013-03-18T17:39:13","guid":{"rendered":"https:\/\/intelligent-friend-7861.standoutwp.com\/?p=9461"},"modified":"2013-09-01T15:42:51","modified_gmt":"2013-09-01T14:42:51","slug":"kyri-sjoman-som-gertrude-stein-pa-ostgotateatern-recension","status":"publish","type":"post","link":"https:\/\/www.kultursidan.nu\/?p=9461","title":{"rendered":"Kyri Sj\u00f6man som Gertrude Stein p\u00e5 \u00d6stg\u00f6tateatern (recension)"},"content":{"rendered":"<p><a href=\"http:\/\/www.flickr.com\/photos\/kultursidan\/8568437935\/\" title=\"Gertrude Stein. Kyri Sj\u00f6man imponerar i rollen som den stora kulturprofilen. by Kultursidan, on Flickr\"><img loading=\"lazy\" decoding=\"async\" src=\"http:\/\/farm9.staticflickr.com\/8380\/8568437935_5587c61100.jpg\" width=\"500\" height=\"332\" alt=\"Gertrude Stein. Kyri Sj\u00f6man imponerar i rollen som den stora kulturprofilen.\"><\/a><\/p>\n<p><em>Kulturprofil. Kyri Sj\u00f6man imponerar och ger mersmak p\u00e5 karakt\u00e4ren Gertrude Stein.<\/em><\/p>\n<p>&nbsp;<\/p>\n<h1><span style=\"color: #ff0000;\">Fl\u00f6dande monolog om konstn\u00e4rliga m\u00f6ten<\/span><\/h1>\n<p><strong><em>\u00a0<\/em><\/strong><\/p>\n<p><strong><em>Gertrude Stein, Gertrude Stein, Gertrude Stein<\/em><\/strong><strong> \u00e4r en monologf\u00f6rest\u00e4llning med Kyri Sj\u00f6man i huvudrollen. <\/strong>Bara det ger mig vissa f\u00f6rv\u00e4ntningar, Sj\u00f6man gjorde n\u00e4mligen intryck med sina skilda rollprestationer i<em> \u00c4nglar i Amerika<\/em>.<\/p>\n<p><strong>Teatervinden p\u00e5 \u00d6stg\u00f6tateatern \u00e4r ganska liten och skapar en intim milj\u00f6; publiken kommer riktigt n\u00e4ra. <\/strong>Scenens rekvisita \u00e4r enkel och avskalad, p\u00e5 den finns mest bara flyttkartonger. Ett litet bord st\u00e5r bredvid f\u00e5t\u00f6ljen som Gertrude Stein sitter i. F\u00f6nster omringar henne. Hon \u00e4r f\u00f6rargad, tillsammans med livskamraten Alice B. Toklas kommer hon tvingas att flytta ut.<\/p>\n<p>Medan Alice sover f\u00f6r att regnet d\u00e4r ute g\u00f6r henne melankolisk, tar Gertrude med oss p\u00e5 en nostalgisk uppt\u00e4cktsf\u00e4rd \u2013 vi f\u00e5r l\u00e4ra k\u00e4nna henne genom ett personligt m\u00f6te d\u00e4r hennes version \u00e4r den enda r\u00e4tta. Hon \u00e4r den enda som visuellt och muntligt tar plats p\u00e5 scenen, men \u00e4nd\u00e5 skildrar hon ocks\u00e5 flera andra kulturella personligheter, bland dessa: Pablo Picasso, Henri Matisse, Ernest Hemingway och Salvador Dal\u00ed.<\/p>\n<p><strong>Monologen varierar i intensitet. <\/strong>Ibland \u00e4r Gertrude rapp och fylld av energi \u2013 hon minns med f\u00f6rtjusning gamla h\u00e4ndelser eller t\u00e4nder en cigarr f\u00f6r att stilla den uppr\u00f6rdhet som v\u00e4cks till liv n\u00e4r hon t\u00e4nker p\u00e5 dem. Oftast visar hon p\u00e5 stort sj\u00e4lvf\u00f6rtroende, men ibland blir hon allvarlig, och blicken glansig. Det gestaltas en stor s\u00e5rbarhet under hennes oblyga yta. Sj\u00e4lvk\u00e4nslan har svajat under hennes dagar, och det har funnits tillf\u00e4llen d\u00e5 hon endast k\u00e4nt sig komisk.<\/p>\n<p>\u2013 Det \u00e4r b\u00e4st att vara det yngsta barnet, f\u00f6r det var jag, s\u00e4ger hon sj\u00e4lvbel\u00e5tet. Man blir uppassad och f\u00e5r l\u00e4ra av de \u00e4ldre.<\/p>\n<p><strong>Relationen med brodern Leo Stein verkar ha varit fylld av k\u00e4rlek. <\/strong>Inte p\u00e5 n\u00e5got s\u00e4rskilt \u00f6msint vis \u2013 men syskonen har \u00e5tminstone gjort mycket sida vid sida. De har v\u00e4drat meningsskiljaktigheter och utmanat varandra n\u00e4r de trott sig veta n\u00e5gonting s\u00e4kert. Gertrudes ber\u00e4ttelse visar p\u00e5 tv\u00e5 v\u00e4ldigt stolta personer som till slut utvecklas \u00e5t olika h\u00e5ll, hon \u00e5t det modernistiska och han \u00e5t det mer konservativa. Hon talar om det inre livet som n\u00e5gonting mycket essentiellt; en insikt som hon inte har f\u00e5tt med sig hemifr\u00e5n, men som n\u00e4r den kom f\u00f6r\u00e4ndrade hennes prioriteringar.<\/p>\n<p><strong>Pablo Picasso beundrar hon. <\/strong>Han \u00e4r en av alla dem som s\u00e5 m\u00e5nga g\u00e5nger bes\u00f6kt det hem p\u00e5 27 Rue de Fleurus som hon nu kommer att tvingas l\u00e4mna. H\u00e4r har den tidens mest intressanta konstn\u00e4rer samlats under l\u00f6rdagskv\u00e4llar \u2013 i regel efter klockan nio \u2013 f\u00f6r att diskutera och bed\u00f6ma varandras verk. F\u00e4rgstarka och kreativa individer levandeg\u00f6rs, och det ofta med humor. Vad h\u00e4nder egentligen i m\u00f6tet mellan s\u00f6kande konstn\u00e4rssj\u00e4lar? Svaret \u00e4r: Det vet man aldrig! Vad som helst kan h\u00e4nda.<\/p>\n<p><strong><em>Gertrude Stein, Gertrude Stein, Gertrude Stein <\/em><\/strong><strong>\u00e4r en pj\u00e4s som \u00f6verraskar och underh\u00e5ller, och en pj\u00e4s som m\u00e5lar fram s\u00e5 mycket mer \u00e4n vad som visas p\u00e5 den faktiska scenen. <\/strong>Kyri Sj\u00f6man imponerar \u00e4nnu en g\u00e5ng, och ger mersmak p\u00e5 karakt\u00e4ren Gertrude Stein: f\u00f6rfattaren som envisades med att skriva kubistiskt \u2013 utan fr\u00e5getecken och kommatecken. Helheten skulle ge verkan, och det g\u00f6r den \u00e4ven h\u00e4r. Tv\u00e5 timmar far f\u00f6rbi, och publiken vill bara inte sluta appl\u00e5dera.<\/p>\n<p><em>Text: Melinda Reyes Hiltunen<br \/>\nFoto: Anders Kratz<\/em><\/p>\n<p><em>\u00a0<\/em><\/p>\n<ul>\n<li>\n<h3>TEATERVINDEN Stora teatern, Norrk\u00f6ping<\/h3>\n<\/li>\n<li><em>16 mars \u2013 25 april 2013<br \/>\n<\/em><strong>Gertrude Stein, Gertrude Stein, Gertrude Stein<br \/>\n<\/strong>av Marty Martin<br \/>\n\u00d6vers\u00e4ttning: Birgitte Ornstein<br \/>\nRegiss\u00f6r: Pontus Pl\u00e6nge<br \/>\nScenografi \/ kostym: Magnus M\u00f6llerstedt<br \/>\nLjusdesign: Oskar \u00d6sterholm<br \/>\nLjuddesign Michael Andersson<br \/>\nMask- &amp; perukdesign: Lena Stranger-Weiner<br \/>\nMultitekniker: Lars-Olof Ohlsson<br \/>\nMusik: Mozarts sonat K.331 i A-dur spelad av Glenn Gould<br \/>\nProduktion: \u00d6stg\u00f6tateatern<\/p>\n<ul>\n<li>MEDVERKANDE<br \/>\nKyri Sj\u00f6man<\/li>\n<\/ul>\n<\/li>\n<\/ul>\n<p>L\u00c4NKAR<br \/>\n\u00d6stg\u00f6tateatern <a title=\"\u00d6stg\u00f6tateatern\" href=\"http:\/\/www.ostgotateatern.se\" target=\"_blank\">hemsida<\/a><br \/>\nDet m\u00e4nskliga i att vara Gertrude Stein x 3 <a title=\"Det m\u00e4nskliga i att vara Gertrude Stein x 3 (reportage)\" href=\"https:\/\/www.kultursidan.nu\/?p=9401\" target=\"_blank\">reportage<\/a> Kultursidan.nu 12\/3 2013<br \/>\nFLER BILDER FR\u00c5N F\u00d6REST\u00c4LLNINGEN \u2013 KLICKA<\/p>\n<p>[flickr-gallery mode=&#8221;photoset&#8221; photoset=&#8221;72157633028654954&#8243;]<\/p>\n","protected":false},"excerpt":{"rendered":"<p>NORRK\u00d6PING Sista kv\u00e4llen inf\u00f6r flytten fr\u00e5n en av de viktigaste adresserna i Paris kulturella liv. Minnena tr\u00e4nger fram och kommer till liv i en monolog som \u00f6verraskar och underh\u00e5ller. Tv\u00e5 timmar far snabbt f\u00f6rbi p\u00e5 intima Teatervinden. <a class=\"continue-reading-link\" href=\"https:\/\/www.kultursidan.nu\/?p=9461\">L\u00e4s mer <span class=\"meta-nav\">&rarr; <\/span><\/a><\/p>\n","protected":false},"author":1001006,"featured_media":0,"comment_status":"closed","ping_status":"open","sticky":false,"template":"","format":"standard","meta":{"_jetpack_memberships_contains_paid_content":false,"footnotes":""},"categories":[7],"tags":[12],"class_list":["post-9461","post","type-post","status-publish","format-standard","hentry","category-norrkoping","tag-teater"],"jetpack_featured_media_url":"","jetpack_sharing_enabled":true,"_links":{"self":[{"href":"https:\/\/www.kultursidan.nu\/index.php?rest_route=\/wp\/v2\/posts\/9461","targetHints":{"allow":["GET"]}}],"collection":[{"href":"https:\/\/www.kultursidan.nu\/index.php?rest_route=\/wp\/v2\/posts"}],"about":[{"href":"https:\/\/www.kultursidan.nu\/index.php?rest_route=\/wp\/v2\/types\/post"}],"author":[{"embeddable":true,"href":"https:\/\/www.kultursidan.nu\/index.php?rest_route=\/wp\/v2\/users\/1001006"}],"replies":[{"embeddable":true,"href":"https:\/\/www.kultursidan.nu\/index.php?rest_route=%2Fwp%2Fv2%2Fcomments&post=9461"}],"version-history":[{"count":0,"href":"https:\/\/www.kultursidan.nu\/index.php?rest_route=\/wp\/v2\/posts\/9461\/revisions"}],"wp:attachment":[{"href":"https:\/\/www.kultursidan.nu\/index.php?rest_route=%2Fwp%2Fv2%2Fmedia&parent=9461"}],"wp:term":[{"taxonomy":"category","embeddable":true,"href":"https:\/\/www.kultursidan.nu\/index.php?rest_route=%2Fwp%2Fv2%2Fcategories&post=9461"},{"taxonomy":"post_tag","embeddable":true,"href":"https:\/\/www.kultursidan.nu\/index.php?rest_route=%2Fwp%2Fv2%2Ftags&post=9461"}],"curies":[{"name":"wp","href":"https:\/\/api.w.org\/{rel}","templated":true}]}}