{"id":9496,"date":"2013-03-21T16:56:55","date_gmt":"2013-03-21T15:56:55","guid":{"rendered":"https:\/\/intelligent-friend-7861.standoutwp.com\/?p=9496"},"modified":"2013-09-01T15:38:52","modified_gmt":"2013-09-01T14:38:52","slug":"goran-gidenstam-i-fullformat-pa-np33-reportage","status":"publish","type":"post","link":"https:\/\/www.kultursidan.nu\/?p=9496","title":{"rendered":"G\u00f6ran Gidenstam i fullformat p\u00e5 NP33 (reportage)"},"content":{"rendered":"<p><a href=\"http:\/\/www.flickr.com\/photos\/kultursidan\/8577933550\/\" title=\"F\u00f6rlaga till muralm\u00e5lning av G\u00f6ran Gidenstam. Skissen \u00f6ver centrala Stockholm \u00e4r gjord av tunn kartong. by Kultursidan, on Flickr\"><img loading=\"lazy\" decoding=\"async\" src=\"http:\/\/farm9.staticflickr.com\/8508\/8577933550_2fb3262f9b.jpg\" width=\"500\" height=\"333\" alt=\"F\u00f6rlaga till muralm\u00e5lning av G\u00f6ran Gidenstam. Skissen \u00f6ver centrala Stockholm \u00e4r gjord av tunn kartong.\"><\/a><\/p>\n<p><em>F\u00f6rlaga till muralm\u00e5lning av G\u00f6ran Gidenstam. Skissen \u00f6ver centrala Stockholm,<\/em> Kungstr\u00e4dg\u00e5rds- och Blasieholmsgeometri,<em> \u00e4r gjord av tunn kartong. <\/em><\/p>\n<p>&nbsp;<\/p>\n<h1><span style=\"color: #ff0000;\">Blandar sentiment och matematik<\/span><\/h1>\n<p>&nbsp;<\/p>\n<p><strong>Fyra starka men sinsemellan olika uttryck g\u00f6r intryck d\u00e4r de intagit hela ovanv\u00e5ningen p\u00e5 NP33\/Galleri Sander. <\/strong>G\u00f6ran Gidenstams geometriska stadsbilder \u00e4r k\u00e4nda fr\u00e5n tv-nyheternas politiska bevakning. Kerstin Diedrich portr\u00e4tterar b\u00e5de k\u00e4ndisar och sina k\u00e4raste. Kristoffer Laur\u00e9ns \u00e4nglar l\u00e5ter individen bryta fram fr\u00e5n medeltidens kollektiv till ren\u00e4ssansen. Kura slutligen skymning med C. Anders Wall\u00e9ns gotl\u00e4ndska trestegsraket. Olikheterna till trots snuddar de vid varandra.<\/p>\n<p>Att skriva r\u00e4ttvisande om var och en h\u00e4r skulle ge en alldeles f\u00f6r l\u00e5ng artikel \u2013 allts\u00e5 delar jag upp dem och l\u00e4gger ut allteftersom. Gemensam inledning och l\u00e4nkar till \u00f6vriga p\u00e5 slutet av varje artikel.<\/p>\n<p><strong>G\u00f6ran Gidenstam intar den centrala positionen p\u00e5 NP33 och presenterar ett konstn\u00e4rskap som bygger p\u00e5 det gyllene snittets geometri.<\/strong> Trettio \u00e5r och mer av handens och \u00f6gats tr\u00e4ning har gjort honom till m\u00e4stare. <em>Arbeten och verk <\/em>kallar han sin utst\u00e4llning.<\/p>\n<p>\u2013 Jag k\u00f6r med parallella linjer, s\u00e4ger han anspr\u00e5ksl\u00f6st.<\/p>\n<p>D\u00e4rmed f\u00f6renklar han de avancerade konstruktioner som byggs upp; f\u00f6rst skissernas linjespel med s\u00e4ker hand, f\u00f6ljt av urvalet som skapar huskroppar och gatun\u00e4t. F\u00e4rgs\u00e4ttningen i gult, bl\u00e5tt, vitt ger ett medelhavsintryck \u2013 och \u00e4nd\u00e5 \u00e4r det allt som oftast Stockholm. F\u00f6r det \u00e4r huvudstadens centrala delar vid vattenspegeln, i Gidenstams tolkning, som s\u00e5 ofta skymtar bakom politiska makthavare n\u00e4r de intervjuas i riksdagshuset. En mindre version, stor nog, kan ses i galleriet.<\/p>\n<p><strong>P\u00e5 b\u00e4sta plats m\u00f6ter vi snarlika <em>Kungstr\u00e4dg\u00e5rds- och Blasieholmsgeometri<\/em> \u2013 en skiss inf\u00f6r ett uppdrag f\u00f6r SEB.<\/strong> Den \u00e4r j\u00e4ttelik i tunn kartong, f\u00f6r nu talar vi om f\u00f6rlagan till en muralm\u00e5lning, pigment p\u00e5 v\u00e5t kalk. G\u00f6ran Gidenstam pekar p\u00e5 sm\u00e5 h\u00e5l i skissens huvudlinjer.<\/p>\n<p>\u2013 Jag g\u00f6r en lagom stor yta i taget, kartongbiten f\u00e4ster mot den v\u00e5ta kalken. Sedan sl\u00e5r jag en f\u00e4rgp\u00e5se med pigment som dammar in genom h\u00e5len, f\u00f6rklarar han och visar hur lite pigmentdamm f\u00e4rgat av sig p\u00e5 den stora skissen, ljus ockra h\u00e4r, bl\u00e5tt d\u00e4r.<\/p>\n<p>Mycket gult. Mycket bl\u00e5tt, f\u00f6r vattnet, som konstn\u00e4ren tycks \u00e4lska, med alla dess m\u00f6jligheter till intrikata speglingar av huskroppar.<\/p>\n<p><strong>P\u00e5 k\u00f6pet f\u00e5r jag veta hur drottning Kristinas Stockholm norr om Gamla stan planerades p\u00e5 1600-talet.<\/strong> Gatun\u00e4tet i stj\u00e4rnstruktur finns kvar \u00e4n idag.<br \/>\n\u2013 Som i Europas storst\u00e4der, forts\u00e4tter G\u00f6ran Gidenstam som nu st\u00e5r framf\u00f6r sin m\u00e5lning av Paris, <em>Utsikt fr\u00e5n rue Gabrielle<\/em>.<\/p>\n<p>Ocks\u00e5 h\u00e4r m\u00f6ter stadens geometri konstn\u00e4rens rutm\u00f6nster. Men medan stadens brus och linjer spelar i bakgrunden v\u00e4xer fasader fyrkantigt upp i f\u00f6rgrunden. Och alla dessa skorstenar! Varje hush\u00e5ll har sin egen blomkrukef\u00e4rgade skorstenspipa.<\/p>\n<p>\u2013 N\u00e4r man st\u00e5r i Paris blir man f\u00f6r\u00e4lskad i Otte Sk\u00f6ldhusen med skorstenarna i terrakotta, s\u00e4ger han (en snabb googling i efterhand, se nedan, ger en bra f\u00f6rklaring).<\/p>\n<p>\u2013 Jag m\u00e5lar i en blandning av sentiment och matematik. <em>Minor<\/em> g\u00e5nger <em>major <\/em>\u00e4r inskrivet i grunden, s\u00e4ger han om gyllene snittets viktigaste matematiska grundbegrepp. Men jag vill ha liv i mina ytor! Jag vill ha vibrato p\u00e5 penseln! Med bara matematik blir det d\u00f6tt.<\/p>\n<p><strong>Strax intill kl\u00e4ttrar en v\u00e4ldig brun yta fr\u00e5n golv mot tak.<\/strong> Ytan \u00e4r platt men det visuella intrycket \u00e4r en bullig kantig v\u00e4gg, fylld av det gyllene snittets romber av <em>minor<\/em> mot <em>major<\/em>. H\u00e4r har det gyllene snittet utvecklats till ett <em>Penrosegitter<\/em>, ocks\u00e5 det en matematisk \u00f6vning Gidenstam utvecklat till m\u00e4sterskap. En hyllning till Fernande Leg\u00e9r? Aha \u2013 en av konstn\u00e4rens husgudar? En annan \u00e4r Giotto. Det \u00e4r en mosaik, gjord av bitar fr\u00e5n linoleummattor konstn\u00e4ren betr\u00e4tt under sitt yrkesliv.<\/p>\n<p>\u2013 Det d\u00e4r \u00e4r golvet fr\u00e5n huset i Falerum vi bodde i under fem \u00e5r. Det d\u00e4r \u00e4r baksidan, s\u00e4ger han och pekar. Och det d\u00e4r \u00e4r takpapp. Vi konstn\u00e4rer \u00e4r mycket f\u00f6r \u00e5terbruk!<\/p>\n<p><strong>Ett smycke p\u00e5 utst\u00e4llningen \u00e4r <em>L\u00e4nk vid barri\u00e4r med Penrosegitterram. <\/em><\/strong>Den vita<strong><em> <\/em><\/strong>Tj\u00f6rnbron, ett \u00e5terkommande motiv f\u00f6r konstn\u00e4ren som v\u00e4xte upp i Stenungsund, slingrar sig \u00f6ver fjordens isvita vatten, buren av spetsiga klippor. \u00d6arnas trianglar med spegelbilder bildar bl\u00e5 romber. Allt inramat av intensivt kl\u00e4ttrande \u201dLeg\u00e9r-klossar\u201d i dov f\u00e4rgskala.<\/p>\n<p><em>Text och foto: Ann-Charlotte Sandelin<\/em><\/p>\n<p>L\u00c4NK till\u00a0reportage om <a title=\"Kerstin Diedrichs portr\u00e4tt ber\u00e4ttar p\u00e5 NP33\" href=\"https:\/\/www.kultursidan.nu\/?p=9505\" target=\"_blank\">Kerstin Diedrichs utst\u00e4llning <em>Portr\u00e4tt<\/em><\/a><br \/>\nL\u00c4NK till\u00a0reportage om <a title=\"Wall\u00e9ns skimrande Videogitter p\u00e5 NP33\" href=\"https:\/\/www.kultursidan.nu\/?p=9526\" target=\"_blank\">C. Anders Wall\u00e9ns utst\u00e4llning <em>Videogitter<\/em><\/a><br \/>\nL\u00c4NK till\u00a0reportage om <a title=\"\u00c4nglar och individens frambrytning p\u00e5 NP33 (reportage)\" href=\"https:\/\/www.kultursidan.nu\/?p=9515\" target=\"_blank\">Kristoffer Laur\u00e9ns utst\u00e4llning <em>\u00c4nglar<\/em><\/a><\/p>\n<p>&nbsp;<\/p>\n<ul>\n<li>\n<h3>NP33\/GALLERI SANDER Norrk\u00f6ping<\/h3>\n<\/li>\n<li><em>16 mars \u2013 28 april 2013<\/em><strong><\/strong><\/li>\n<li><strong>G\u00f6ran Gidenstam<br \/>\n<\/strong>Arbeten och verk<\/li>\n<li><strong>Kerstin Diedrich<br \/>\n<\/strong>Portr\u00e4tt<\/li>\n<li><strong>C. Anders Wall\u00e9n<br \/>\n<\/strong>Videogitter<\/li>\n<li><strong>Kristoffer Laur\u00e9n<br \/>\n<\/strong>\u00c4nglar<\/li>\n<\/ul>\n<p>&nbsp;<\/p>\n<p>L\u00c4NKAR<br \/>\nG\u00f6ran Gidenstam <a title=\"G\u00f6ran Gidenstam\" href=\"http:\/\/www.gidenstam.se\" target=\"_blank\">hemsida <\/a><br \/>\nNP33 <a title=\"NP33\" href=\"http:\/\/www.np33.se\" target=\"_blank\">hemsida<\/a><br \/>\nOtte Sk\u00f6ld <a title=\"Wikipedia\" href=\"http:\/\/www.google.com\/search?q=Otte+Sk%C3%B6ld+hus+Paris&amp;hl=sv&amp;client=safari&amp;rls=en&amp;source=lnms&amp;tbm=isch&amp;sa=X&amp;ei=TBpLUeTOFYKitAbu2YD4DA&amp;ved=0CAoQ_AUoAQ&amp;biw=1461&amp;bih=1064#hl=sv&amp;client=safari&amp;rls=en&amp;tbm=isch&amp;sa=1&amp;q=Otte+Sk%C3%B6ld+Paris&amp;oq=Otte+Sk%C3%B6ld+Paris&amp;gs_l=img.3...0.0.4.23790.0.0.0.0.0.0.0.0..0.0...0.0...1c..7.img.DLu8TpoazYA&amp;bav=on.2,or.r_qf.&amp;bvm=bv.44158598,d.Yms&amp;fp=86fb837fd103fdc9&amp;biw=1461&amp;bih=1064\" target=\"_blank\">wiki <\/a><\/p>\n<p>FLER BILDER FR\u00c5N UTST\u00c4LLNINGEN \u2013 KLICKA<\/p>\n<p>[flickr-gallery mode=&#8221;photoset&#8221; photoset=&#8221;72157633053677134&#8243;]<\/p>\n","protected":false},"excerpt":{"rendered":"<p>NORRK\u00d6PING G\u00f6ran Gidenstams geometriska stadsbilder \u00e4r k\u00e4nda fr\u00e5n tv-nyheternas politiska bevakning. Nu visar han fullformatsskissen p\u00e5 Galleri Sander. Tillsammans med stadsvyer i n\u00e5got mindre format. Det gyllene snittets m\u00e4stare \u00e4r h\u00e4r. <a class=\"continue-reading-link\" href=\"https:\/\/www.kultursidan.nu\/?p=9496\">L\u00e4s mer <span class=\"meta-nav\">&rarr; <\/span><\/a><\/p>\n","protected":false},"author":1001006,"featured_media":0,"comment_status":"closed","ping_status":"open","sticky":false,"template":"","format":"standard","meta":{"_jetpack_memberships_contains_paid_content":false,"footnotes":""},"categories":[7],"tags":[14],"class_list":["post-9496","post","type-post","status-publish","format-standard","hentry","category-norrkoping","tag-konst"],"jetpack_featured_media_url":"","jetpack_sharing_enabled":true,"_links":{"self":[{"href":"https:\/\/www.kultursidan.nu\/index.php?rest_route=\/wp\/v2\/posts\/9496","targetHints":{"allow":["GET"]}}],"collection":[{"href":"https:\/\/www.kultursidan.nu\/index.php?rest_route=\/wp\/v2\/posts"}],"about":[{"href":"https:\/\/www.kultursidan.nu\/index.php?rest_route=\/wp\/v2\/types\/post"}],"author":[{"embeddable":true,"href":"https:\/\/www.kultursidan.nu\/index.php?rest_route=\/wp\/v2\/users\/1001006"}],"replies":[{"embeddable":true,"href":"https:\/\/www.kultursidan.nu\/index.php?rest_route=%2Fwp%2Fv2%2Fcomments&post=9496"}],"version-history":[{"count":0,"href":"https:\/\/www.kultursidan.nu\/index.php?rest_route=\/wp\/v2\/posts\/9496\/revisions"}],"wp:attachment":[{"href":"https:\/\/www.kultursidan.nu\/index.php?rest_route=%2Fwp%2Fv2%2Fmedia&parent=9496"}],"wp:term":[{"taxonomy":"category","embeddable":true,"href":"https:\/\/www.kultursidan.nu\/index.php?rest_route=%2Fwp%2Fv2%2Fcategories&post=9496"},{"taxonomy":"post_tag","embeddable":true,"href":"https:\/\/www.kultursidan.nu\/index.php?rest_route=%2Fwp%2Fv2%2Ftags&post=9496"}],"curies":[{"name":"wp","href":"https:\/\/api.w.org\/{rel}","templated":true}]}}