{"id":9505,"date":"2013-03-21T21:37:36","date_gmt":"2013-03-21T20:37:36","guid":{"rendered":"https:\/\/intelligent-friend-7861.standoutwp.com\/?p=9505"},"modified":"2013-09-01T15:38:30","modified_gmt":"2013-09-01T14:38:30","slug":"kerstin-diedrichs-portratt-berattar-pa-np33-reportage","status":"publish","type":"post","link":"https:\/\/www.kultursidan.nu\/?p=9505","title":{"rendered":"Kerstin Diedrichs portr\u00e4tt ber\u00e4ttar p\u00e5 NP33 (reportage)"},"content":{"rendered":"<p><a href=\"http:\/\/www.flickr.com\/photos\/kultursidan\/8576982379\/\" title=\"Tre m\u00e5lningar av Kerstin Diedrich p\u00e5 NP33. by Kultursidan, on Flickr\"><img loading=\"lazy\" decoding=\"async\" src=\"http:\/\/farm9.staticflickr.com\/8385\/8576982379_dcdf0d59dc.jpg\" width=\"500\" height=\"325\" alt=\"Tre m\u00e5lningar av Kerstin Diedrich p\u00e5 NP33.\"><\/a><\/p>\n<p><em>Tre m\u00e5lningar av Kerstin Diedrich:<\/em> Rollportr\u00e4tt Annika Kofoed och Camilla Diedrich<em>, <\/em>Linn\u00e9a<em> och <\/em>Charlotta<em>.<\/em><\/p>\n<p>&nbsp;<\/p>\n<h1><span style=\"color: #ff0000;\">B\u00e5de k\u00e4ndisar och de allra k\u00e4raste<\/span><\/h1>\n<p>&nbsp;<\/p>\n<p><strong>Fyra starka men sinsemellan olika uttryck g\u00f6r intryck d\u00e4r de intagit hela ovanv\u00e5ningen p\u00e5 NP33\/Galleri Sander. <\/strong>G\u00f6ran Gidenstams geometriska stadsbilder \u00e4r k\u00e4nda fr\u00e5n tv-nyheternas politiska bevakning. Kerstin Diedrich portr\u00e4tterar b\u00e5de k\u00e4ndisar och sina k\u00e4raste. Kristoffer Laur\u00e9ns \u00e4nglar l\u00e5ter individen bryta fram fr\u00e5n medeltidens kollektiv till ren\u00e4ssansen. Kura slutligen skymning med C. Anders Wall\u00e9ns gotl\u00e4ndska trestegsraket. Olikheterna till trots snuddar de vid varandra.<\/p>\n<p>Att skriva om var och en h\u00e4r skulle ge en alldeles f\u00f6r l\u00e5ng artikel \u2013 allts\u00e5 delar jag upp dem och l\u00e4gger ut allteftersom. Gemensam inledning och l\u00e4nkar till \u00f6vriga p\u00e5 slutet.<\/p>\n<p><strong>Feminist och konstn\u00e4r, antagligen g\u00e5r det inte att skilja det ena fr\u00e5n det andra i Kerstin Diedrichs konstn\u00e4rskap.<\/strong> I det centrum som de privata familjeportr\u00e4tten utg\u00f6r i hennes del, <em>Portr\u00e4tt, <\/em>av den stora samlingsutst\u00e4llningen intar det k\u00e4nda <em>Sj\u00e4lvportr\u00e4tt med dubbla speglar<\/em> en speciell position. Det m\u00e5lades 1973, allts\u00e5 n\u00e4r hon var en helt ung konstn\u00e4r, och beskrivs av olika konstskribenter i det nytryck som gjorts till utst\u00e4llningen p\u00e5 NP33.<\/p>\n<p>De p\u00e5minner om att kvinnan avbildats s\u00e5 mycket genom konsthistorien att hennes kropp blivit till Konsten sj\u00e4lv. Har hon haft m\u00e5larverktyg i handen har det inte varit den kvinnliga konstn\u00e4ren som avbildats utan (den manliga) konstn\u00e4rens musa. Det \u00e4r allts\u00e5 en rej\u00e4l dos konsthistoria att tr\u00e4nga igenom f\u00f6r att n\u00e5 fram till ett eget uttryck. N\u00e4r Kerstin Diedrich d\u00e5 v\u00e4ljer att avbilda sig sj\u00e4lv naken tar hon tillbaka kroppen fr\u00e5n konsthistorien. S\u00e5 l\u00e5ngt konstskribenterna.<\/p>\n<p>\u2013 Jag m\u00e5lade inte penslarna men det beh\u00f6vs inte, det syns p\u00e5 handens st\u00e4llning att jag egentligen h\u00e5ller i dem, s\u00e4ger Kerstin Diedrich n\u00e4r hon nu \u00e5ter betraktar sitt sj\u00e4lvportr\u00e4tt.<\/p>\n<p>Bakom modellen ser vi henne i ytterligare en spegel, snett bakifr\u00e5n med ena armen h\u00f6jd. Nog \u00e4r det f\u00f6r att hon m\u00e5lar, allts\u00e5 visar sig som m\u00e5lare, \u00e4ven om \u00e5sk\u00e5daren varken ser duken p\u00e5 stativet eller handen som f\u00f6r penseln.<\/p>\n<p>\u2013 Javisst, svarar hon och forts\u00e4tter: Jag ser det som en madonnabild med Konsten som barnet, penslarna som finns \u00e4ven om de inte syns. Hon sitter p\u00e5 en gr\u00e4spall. T\u00f6rnrosspalj\u00e9n i bakgrunden \u00e4r Marias, jag m\u00e5lade bl\u00e5 irisar och irisen \u00e4r ju Marias blomma. Jag t\u00e4nkte det inte d\u00e5 men jag ser det nu.<\/p>\n<p><strong>Kerstin Diedrich \u00e4r en uppskattad portr\u00e4ttm\u00e5lare som l\u00e4mnat flera bidrag till statens portr\u00e4ttsamling p\u00e5 Gripsholms slott.<\/strong> Ett angel\u00e4get arbete f\u00f6r henne, inte minst trycker hon p\u00e5 att det beh\u00f6vs fler portr\u00e4tt av s\u00e5v\u00e4l kvinnor som barn till den nationella portr\u00e4ttsamlingen. Hennes \u00e4ldsta bidrag \u00e4r ett portr\u00e4tt av Marit Paulsson.<\/p>\n<p>\u2013 Jag skulle m\u00e5la henne i hennes lilla \u00f6vernattningsl\u00e4genhet. Hon r\u00f6kte och n\u00e4r hon s\u00e5g att jag m\u00e5lat av hennes askkopp sa hon \u201dDu m\u00e5lar inte n\u00e4r jag r\u00f6ker!\u201d.<\/p>\n<p>Det \u00e4r den f\u00f6rsta av de m\u00e5nga ber\u00e4ttelser som Kerstin Diedrich bjuder p\u00e5 till portr\u00e4tten. Gudrun Schyman som v\u00e4nder sig i profil (\u201dHon m\u00f6ter ju alla alltid annars.\u201d), Thomas di Leva i gul kl\u00e4nning f\u00f6r att han \u201dville se ut som en svensk dalah\u00e4st\u201d.<\/p>\n<p>\u2013 Mina modeller v\u00e4ljer alltid platsen f\u00f6r var jag ska m\u00e5la men han ville komma till mig i atelj\u00e9n. M\u00e5nga manliga portr\u00e4ttm\u00e5lare g\u00f6r bara en suddig bakgrund men f\u00f6r mig \u00e4r milj\u00f6n viktig f\u00f6r den s\u00e4ger mycket om personen. Thomas di Leva sa att \u201dDu kommer att f\u00e5 en vision\u201d. Jaha du, t\u00e4nkte jag. Men s\u00e5 t\u00e4nkte jag att jag hade p\u00e5f\u00e5gelsfj\u00e4drar i atelj\u00e9n och m\u00e5lade dem i bakgrunden. Efter\u00e5t uppt\u00e4ckte jag att indiska pojkar som g\u00e5r igenom en rit b\u00e4r just saffransgula kl\u00e4nningar och p\u00e5f\u00e5gelsfj\u00e4drar.<\/p>\n<p>De privata portr\u00e4tten f\u00f6rest\u00e4ller make, barn och barnbarn. Avdelningen ger ett starkt intryck; en k\u00e4rlekshandling \u00e4ven om barnen kan ge ett of\u00f6rst\u00e4llt intryck av ot\u00e5lighet. Ocks\u00e5 h\u00e4r finns historier att ber\u00e4tta. F\u00f6rst\u00e5s.<\/p>\n<p><strong>\u2013 Jag \u00e4r en \u00e0 la prima-m\u00e5lare, jag skissar inte.<\/strong> M\u00e5lar uppifr\u00e5n och ner. Blir det inte bra s\u00e5 torkar jag av och b\u00f6rjar om fr\u00e5n b\u00f6rjan. Jag m\u00e5lar s\u00e5 tunt att jag n\u00e4stan m\u00e5lar mer med terpentin \u00e4n med f\u00e4rg. Jag m\u00e5lar inte pastost, kraftfullt, som m\u00e5nga manliga m\u00e5lare, nej man ser duken h\u00e4r, s\u00e4ger hon och visar.<\/p>\n<p>Sedan visar Kerstin Diedrich hur hon m\u00e5lar tr\u00e4den f\u00f6rst och duttar dit den bl\u00e5 himlen i efterhand.<br \/>\n\u2013 Varje m\u00e5lare m\u00e5lar p\u00e5 sitt s\u00e4tt.<\/p>\n<p><strong>Till vernissagen har Kerstin Diedrich tagit med minnessaker.<\/strong> Fr\u00e5n utst\u00e4llningen <em>KonstFeminism <\/em>2005 som hon tog initiativet till tillsammans med Barbro Werkm\u00e4ster och som gav eko n\u00e4r den tog upp kampen mot den etablerade synen p\u00e5 konsten som en manlig dom\u00e4n.<\/p>\n<p>Och n\u00e5gra Konstkortlekar, en till <em>Konstfeminism<\/em> och en senare gotl\u00e4ndsk kortlek. Varje konstn\u00e4r har f\u00e5tt bidra med ett verk. Som sommargotl\u00e4nning \u00e4r Kerstin Diedrichs bidrag sommarhuset i L\u00e4rbro, den med de stora gamla tr\u00e4den. Asken st\u00e5r kvar men oxeln har d\u00f6tt.<br \/>\n<em>Text och foto: Ann-Charlotte Sandelin<\/em><\/p>\n<p>L\u00c4NK till reportage om <a title=\"G\u00f6ran Gidenstam i fullformat p\u00e5 NP33 (reportage)\" href=\"https:\/\/www.kultursidan.nu\/?p=9496\" target=\"_blank\">G\u00f6ran Gidenstams utst\u00e4llning <em>Arbete och verk<\/em><\/a><br \/>\nL\u00c4NK till\u00a0reportage om <a title=\"Wall\u00e9ns skimrande Videogitter p\u00e5 NP33\" href=\"https:\/\/www.kultursidan.nu\/?p=9526\" target=\"_blank\">C. Anders Wall\u00e9ns utst\u00e4llning <em>Videogitter<\/em><\/a><br \/>\nL\u00c4NK till\u00a0reportage om <a title=\"\u00c4nglar och individens frambrytning p\u00e5 NP33 (reportage)\" href=\"https:\/\/www.kultursidan.nu\/?p=9515\" target=\"_blank\">Kristoffer Laur\u00e9ns utst\u00e4llning <em>\u00c4nglar<\/em><\/a><\/p>\n<p>&nbsp;<\/p>\n<ul>\n<li>\n<h3>NP33\/GALLERI SANDER Norrk\u00f6ping<\/h3>\n<\/li>\n<li><em>16 mars \u2013 28 april 2013<\/em><strong><\/strong><\/li>\n<li><strong>G\u00f6ran Gidenstam<br \/>\n<\/strong>Arbeten och verk<\/li>\n<li><strong>Kerstin Diedrich<br \/>\n<\/strong>Portr\u00e4tt<\/li>\n<li><strong>C. Anders Wall\u00e9n<br \/>\n<\/strong>Videogitter<\/li>\n<li><strong>Kristoffer Laur\u00e9n<br \/>\n<\/strong>\u00c4nglar<\/li>\n<\/ul>\n<p>L\u00c4NKAR<br \/>\nKerstin Diedrich <a title=\"Kerstin Diedrich\" href=\"http:\/\/kerstindiedrich.se\" target=\"_blank\">hemsida <\/a><br \/>\nNP33 <a title=\"NP33\" href=\"http:\/\/www.np33.se\" target=\"_blank\">hemsida<\/a><br \/>\nFLER BILDER FR\u00c5N UTST\u00c4LLNINGEN \u2013 KLICKA<\/p>\n<p>[flickr-gallery mode=&#8221;photoset&#8221; photoset=&#8221;72157633049974767&#8243;]<\/p>\n","protected":false},"excerpt":{"rendered":"<p>NORRK\u00d6PING K\u00e4ndisar och de allra k\u00e4raste, varje portr\u00e4tt b\u00e4r sin egen historia. F\u00f6r konstn\u00e4ren Kerstin Diedrich \u00e4r milj\u00f6n viktig och d\u00e4rf\u00f6r l\u00e5ter hon alltid modellen v\u00e4lja platsen. Nu gl\u00e4ds hon \u00e5t att se sina verk samlade p\u00e5 utst\u00e4llning. <a class=\"continue-reading-link\" href=\"https:\/\/www.kultursidan.nu\/?p=9505\">L\u00e4s mer <span class=\"meta-nav\">&rarr; <\/span><\/a><\/p>\n","protected":false},"author":1001006,"featured_media":0,"comment_status":"closed","ping_status":"open","sticky":false,"template":"","format":"standard","meta":{"_jetpack_memberships_contains_paid_content":false,"footnotes":""},"categories":[7],"tags":[14],"class_list":["post-9505","post","type-post","status-publish","format-standard","hentry","category-norrkoping","tag-konst"],"jetpack_featured_media_url":"","jetpack_sharing_enabled":true,"_links":{"self":[{"href":"https:\/\/www.kultursidan.nu\/index.php?rest_route=\/wp\/v2\/posts\/9505","targetHints":{"allow":["GET"]}}],"collection":[{"href":"https:\/\/www.kultursidan.nu\/index.php?rest_route=\/wp\/v2\/posts"}],"about":[{"href":"https:\/\/www.kultursidan.nu\/index.php?rest_route=\/wp\/v2\/types\/post"}],"author":[{"embeddable":true,"href":"https:\/\/www.kultursidan.nu\/index.php?rest_route=\/wp\/v2\/users\/1001006"}],"replies":[{"embeddable":true,"href":"https:\/\/www.kultursidan.nu\/index.php?rest_route=%2Fwp%2Fv2%2Fcomments&post=9505"}],"version-history":[{"count":0,"href":"https:\/\/www.kultursidan.nu\/index.php?rest_route=\/wp\/v2\/posts\/9505\/revisions"}],"wp:attachment":[{"href":"https:\/\/www.kultursidan.nu\/index.php?rest_route=%2Fwp%2Fv2%2Fmedia&parent=9505"}],"wp:term":[{"taxonomy":"category","embeddable":true,"href":"https:\/\/www.kultursidan.nu\/index.php?rest_route=%2Fwp%2Fv2%2Fcategories&post=9505"},{"taxonomy":"post_tag","embeddable":true,"href":"https:\/\/www.kultursidan.nu\/index.php?rest_route=%2Fwp%2Fv2%2Ftags&post=9505"}],"curies":[{"name":"wp","href":"https:\/\/api.w.org\/{rel}","templated":true}]}}