{"id":9526,"date":"2013-03-23T12:20:10","date_gmt":"2013-03-23T11:20:10","guid":{"rendered":"https:\/\/intelligent-friend-7861.standoutwp.com\/?p=9526"},"modified":"2014-08-16T10:40:40","modified_gmt":"2014-08-16T09:40:40","slug":"wallens-skimrande-videogitter-pa-np33-reportage","status":"publish","type":"post","link":"https:\/\/www.kultursidan.nu\/?p=9526","title":{"rendered":"Wall\u00e9ns skimrande Videogitter p\u00e5 NP33 (reportage)"},"content":{"rendered":"<p><iframe loading=\"lazy\" src=\"https:\/\/www.flickr.com\/photos\/kultursidan\/8581434499\/in\/set-72157633063995583\/player\/\" width=\"500\" height=\"333\" frameborder=\"0\" allowfullscreen=\"allowfullscreen\"><\/iframe><\/p>\n<p><em>Aldrig i skuggan. Med dubbla projektorer, texter och speglar skapar C. Anders Wall\u00e9n installationen Videogitter.<\/em><\/p>\n<p>&nbsp;<\/p>\n<h1><span style=\"color: #ff0000;\">Gotl\u00e4ndsk trestegsraket<\/span><\/h1>\n<p>&nbsp;<\/p>\n<p><strong>Fyra starka men sinsemellan olika uttryck g\u00f6r intryck d\u00e4r de intagit hela ovanv\u00e5ningen p\u00e5 NP33\/Galleri Sander. <\/strong>G\u00f6ran Gidenstams geometriska stadsbilder \u00e4r k\u00e4nda fr\u00e5n tv-nyheternas politiska bevakning. Kerstin Diedrich portr\u00e4tterar b\u00e5de k\u00e4ndisar och sina k\u00e4raste. Kristoffer Laur\u00e9ns \u00e4nglar l\u00e5ter individen bryta fram fr\u00e5n medeltidens kollektiv till ren\u00e4ssansen. Kura slutligen skymning med C. Anders Wall\u00e9ns gotl\u00e4ndska trestegsraket. Olikheterna till trots snuddar de vid varandra.<\/p>\n<p>Att skriva om var och en h\u00e4r skulle ge en alldeles f\u00f6r l\u00e5ng artikel \u2013 allts\u00e5 delar jag upp dem och l\u00e4gger ut allteftersom. Gemensam inledning och l\u00e4nkar till \u00f6vriga p\u00e5 slutet.<\/p>\n<p><strong>Oxel, ask och l\u00f6nn ing\u00e5r i den gotl\u00e4ndska trestegsraket som C. Anders Wall\u00e9n s\u00e5 pedagogiskt presenterar i det innersta galleriet p\u00e5 NP33:s ovanv\u00e5ning.<\/strong> Sp\u00e5ret \u00e4r rakt utlagt \u00e4ven om han sj\u00e4lv inte t\u00e4nkt s\u00e5 n\u00e4r han best\u00e4mt h\u00e4ngningen. D\u00e4r ing\u00e5r hans tre <em>L\u00f6vverk, I, II och III <\/em>snarare i avdelningen med fotografier och en temperam\u00e5lning som p\u00e5 ett eller annat s\u00e4tt kommenterar naturen, kulturen och makten.<\/p>\n<p><em>M\u00e4n s\u00e5gar g\u00e4rna ner alla tr\u00e4d <\/em>h\u00e4nger, med all \u00f6nskv\u00e4rd tydlighet men med bevarad konstn\u00e4rlig integritet, invid <em>Void office<\/em>. F\u00f6rstn\u00e4mnda \u00e4r en n\u00e4rg\u00e5ngen bild av en bronsstaty, anstucken av v\u00e4der, vind och surt regn, i bakgrunden gr\u00f6nt buskage. Det gr\u00f6na \u00e5terkommer i en bild som tagen fr\u00e5n en nattens \u00f6vervakningskamera snett ner mot ett skrivbord p\u00e5 ett \u00f6de kontor.<\/p>\n<p><strong>\u00c5ter till trestegsraketen. <\/strong>F\u00f6rsta steget \u00e4r allts\u00e5 <em>L\u00f6vverk I<\/em>, <em>II<\/em> respektive <em>III<\/em>, dunkla foton med kornig gr\u00f6nska, vilda buskage.<\/p>\n<p>\u2013 Det \u00e4r fotat mitt i natten, man f\u00e5r en hologramk\u00e4nsla, s\u00e4ger C. Anders Wall\u00e9n och pekar p\u00e5 hur smala stammar framtr\u00e4der i vitt.<\/p>\n<p>Den svaga vinden ger r\u00f6relse i en av bilderna. Fotograferingstiden var l\u00e5ng, upp till n\u00e5gon minut f\u00f6r den som \u00e4r dagen i m\u00f6rkaste natten, kortare f\u00f6r den som \u00e4r tagen i dunkelt skymningsljus. An pekar f\u00f6rtjust p\u00e5 sm\u00e5 ljusprickar i olika f\u00e4rger, \u00f6ppningarna i l\u00f6vverket blir som ljusbrytande linser, prismor, i natten.<\/p>\n<p><strong>N\u00e4r Gotlands kommun v\u00e4nde sig till C. Anders Wall\u00e9n f\u00f6r en konstn\u00e4rlig utsmyckning i Visbys stora hamnterminal<\/strong> valde han att arbeta med bilder av l\u00f6vverk.<\/p>\n<p>\u2013 Jag s\u00e5g framf\u00f6r mig en busskur p\u00e5 landet, dammig och nedsmutsad. Ett tr\u00e4d som kastar skugga \u00f6ver den. Det ville jag bygga in som ett minne i konstverket.<\/p>\n<p>Resultatet blev att bygga in tr\u00e4det, ljuset och skuggorna i de stora busskurer som finns vid hamnterminalen. Verket <em>Solfl\u00e4ckar, skuggor och ljus<\/em> som gjordes 2012 best\u00e5r av 25 screentryckta glasskivor som placerats i v\u00e4derskyddens v\u00e4ggar och mitt.<\/p>\n<p>Tre s\u00e5dana stora glasskivor st\u00e5r nu p\u00e5 h\u00f6jden t\u00e4tt intill varandra i galleriet, med ett avst\u00e5nd p\u00e5 kanske 20 centimeter. Vart och ett med ett screentryck av ett l\u00f6vverk som t\u00e4cker eller sl\u00e4pper igenom ljus. Varje skiva har sin egen f\u00e4rg, kallt ljus gr\u00f6nt, kallt r\u00f6dbrun och varm orange. Verket heter <em>L\u00f6vskugga-solgitter<\/em>.<\/p>\n<p>\u2013 Det \u00e4r oxel, ask och l\u00f6nn som jag fotograferat och sedan laborerat med. Ibland har jag skapat extra ljusinsl\u00e4pp. Det \u00e4r samma m\u00f6nster som jag v\u00e4nt och vridit p\u00e5.<\/p>\n<p>Ljuset faller h\u00f6gt ovanifr\u00e5n som fr\u00e5n solen mitt p\u00e5 dagen. Jag blir lite besviken d\u00e5 jag kan t\u00e4nka mig vilket skuggm\u00f6nster som en l\u00e4gre ljusk\u00e4lla kan skapa, nu blir det bara en l\u00e5gt placerad skuggbild mot en av galleriets v\u00e4ggar. D\u00e4remot blir det ett spel n\u00e4r jag tittar rakt igenom de tre glasskivorna, roar mig med att l\u00e5ta kameran hitta fokus p\u00e5 en glasskiva i taget.<\/p>\n<p><strong>Installationen Videogitter i galleriets m\u00f6rkaste h\u00f6rn f\u00e5ngar upp id\u00e9kraften fr\u00e5n de f\u00f6rsta stegen och f\u00f6r vidare.<\/strong> Tv\u00e5 projektorer, en i varje h\u00f6rn, s\u00e4nder ut varsin l\u00f6vverksfilm mot v\u00e4ggen. Ett g\u00e5r g\u00e5r i gult, det \u00e4r marken under en bokskog, och ett i gr\u00f6nt. P\u00e5 v\u00e4g mot v\u00e4ggen hejdas ljuset mot olikformade speglar och skivor med bakv\u00e4nda citat p\u00e5, de h\u00e4nger i tr\u00e5dar och f\u00f6ljer de luftr\u00f6relser som uppst\u00e5r i galleriet. P\u00e5 v\u00e4ggarna projiceras texterna r\u00e4ttv\u00e4nt i ett r\u00f6rligt spel \u2013 \u201dvinden bl\u00e5ser vart den vill\u201d som h\u00e4mtats ur Bibeln och samtidigt knyter an till den svaga vindr\u00f6relsen i raketens f\u00f6rsta steg <em>L\u00f6vverk I<\/em>.<\/p>\n<p>C. Anders Wall\u00e9n kliver in i sitt <em>Videogitter<\/em>. Den gula bokskogen lyser upp hans ansikte, hans skugga fylls inte med m\u00f6rker utan med det gr\u00f6na l\u00f6vverket. Naturen finns alltid d\u00e4r, \u201dit is within and without You\u201d.<br \/>\n<em>Text och foto: Ann-Charlotte Sandelin<\/em><\/p>\n<p>L\u00c4NK till reportage om <a title=\"G\u00f6ran Gidenstam i fullformat p\u00e5 NP33\" href=\"https:\/\/www.kultursidan.nu\/?p=9496\" target=\"_blank\">G\u00f6ran Gidenstams utst\u00e4llning <em>Arbete och verk<\/em><\/a><br \/>\nL\u00c4NK till reportage om <a title=\"Kerstin Diedrichs portr\u00e4tt ber\u00e4ttar p\u00e5 NP33 \" href=\"https:\/\/www.kultursidan.nu\/?p=9505\" target=\"_blank\">Kerstin Diedrichs utst\u00e4llning <em>Portr\u00e4tt<\/em><\/a><br \/>\nL\u00c4NK till reportage om <a title=\"\u00c4nglar och individens frambrytning p\u00e5 NP33\" href=\"https:\/\/www.kultursidan.nu\/?p=9515\" target=\"_blank\">Kristoffer Laur\u00e9ns utst\u00e4llning <em>\u00c4nglar <\/em><\/a><\/p>\n<p>&nbsp;<\/p>\n<ul>\n<li>\n<h3>NP33\/GALLERI SANDER Norrk\u00f6ping<\/h3>\n<\/li>\n<li><em>16 mars \u2013 28 april 2013<\/em><\/li>\n<li><strong>G\u00f6ran Gidenstam<br \/>\n<\/strong>Arbeten och verk<\/li>\n<li><strong>Kerstin Diedrich<br \/>\n<\/strong>Portr\u00e4tt<\/li>\n<li><strong>C. Anders Wall\u00e9n<br \/>\n<\/strong>Videogitter<\/li>\n<li><strong>Kristoffer Laur\u00e9n<br \/>\n<\/strong>\u00c4nglar<\/li>\n<\/ul>\n<p>L\u00c4NKAR<br \/>\nC. Anders Wall\u00e9n <a title=\"C. Anders Wall\u00e9n\" href=\"http:\/\/www.canderswallen.se \" target=\"_blank\">hemsida <\/a><br \/>\nNP33 <a title=\"NP33\" href=\"http:\/\/www.np33.se\" target=\"_blank\">hemsida<\/a><\/p>\n<p>BILDSPEL (FLASH) \u2013 KLICKA P\u00c5 BILDEN <em>ALT\/MOBIL: SE BILDSPELET <a title=\"Bildspel\" href=\"https:\/\/www.flickr.com\/photos\/kultursidan\/sets\/72157633063995583\/show\/\" target=\"_blank\">H\u00c4R<\/a><\/em><br \/>\n<object width=\"400\" height=\"300\"><param name=\"flashvars\" value=\"offsite=true&#038;lang=en-us&#038;page_show_url=%2Fphotos%2Fkultursidan%2Fsets%2F72157633063995583%2Fshow%2F&#038;page_show_back_url=%2Fphotos%2Fkultursidan%2Fsets%2F72157633063995583%2F&#038;set_id=72157633063995583&#038;jump_to=\"><\/param><param name=\"movie\" value=\"https:\/\/www.flickr.com\/apps\/slideshow\/show.swf?v=143270\"><\/param><param name=\"allowFullScreen\" value=\"true\"><\/param><\/object><\/p>\n","protected":false},"excerpt":{"rendered":"<p>NORRK\u00d6PING Oxel, ask och l\u00f6nn ing\u00e5r i den gotl\u00e4ndska trestegsraket som C. Anders Wall\u00e9n presenterar p\u00e5 NP33. Det b\u00f6rjar med nattliga fotografier, passerar en busskur och utmynnar i en videoinstallaton med dubbla projektorer, texter och speglingar. <a class=\"continue-reading-link\" href=\"https:\/\/www.kultursidan.nu\/?p=9526\">L\u00e4s mer <span class=\"meta-nav\">&rarr; <\/span><\/a><\/p>\n","protected":false},"author":1001006,"featured_media":0,"comment_status":"closed","ping_status":"open","sticky":false,"template":"","format":"standard","meta":{"_jetpack_memberships_contains_paid_content":false,"footnotes":""},"categories":[7],"tags":[14],"class_list":["post-9526","post","type-post","status-publish","format-standard","hentry","category-norrkoping","tag-konst"],"jetpack_featured_media_url":"","jetpack_sharing_enabled":true,"_links":{"self":[{"href":"https:\/\/www.kultursidan.nu\/index.php?rest_route=\/wp\/v2\/posts\/9526","targetHints":{"allow":["GET"]}}],"collection":[{"href":"https:\/\/www.kultursidan.nu\/index.php?rest_route=\/wp\/v2\/posts"}],"about":[{"href":"https:\/\/www.kultursidan.nu\/index.php?rest_route=\/wp\/v2\/types\/post"}],"author":[{"embeddable":true,"href":"https:\/\/www.kultursidan.nu\/index.php?rest_route=\/wp\/v2\/users\/1001006"}],"replies":[{"embeddable":true,"href":"https:\/\/www.kultursidan.nu\/index.php?rest_route=%2Fwp%2Fv2%2Fcomments&post=9526"}],"version-history":[{"count":0,"href":"https:\/\/www.kultursidan.nu\/index.php?rest_route=\/wp\/v2\/posts\/9526\/revisions"}],"wp:attachment":[{"href":"https:\/\/www.kultursidan.nu\/index.php?rest_route=%2Fwp%2Fv2%2Fmedia&parent=9526"}],"wp:term":[{"taxonomy":"category","embeddable":true,"href":"https:\/\/www.kultursidan.nu\/index.php?rest_route=%2Fwp%2Fv2%2Fcategories&post=9526"},{"taxonomy":"post_tag","embeddable":true,"href":"https:\/\/www.kultursidan.nu\/index.php?rest_route=%2Fwp%2Fv2%2Ftags&post=9526"}],"curies":[{"name":"wp","href":"https:\/\/api.w.org\/{rel}","templated":true}]}}