{"id":9541,"date":"2013-03-27T16:52:54","date_gmt":"2013-03-27T15:52:54","guid":{"rendered":"https:\/\/intelligent-friend-7861.standoutwp.com\/?p=9541"},"modified":"2013-09-01T15:35:24","modified_gmt":"2013-09-01T14:35:24","slug":"fyra-korer-sjunger-mozarts-requiem-med-son-reportage","status":"publish","type":"post","link":"https:\/\/www.kultursidan.nu\/?p=9541","title":{"rendered":"Fyra k\u00f6rer sjunger Mozarts Requiem med SON (reportage)"},"content":{"rendered":"<p><a href=\"http:\/\/www.flickr.com\/photos\/kultursidan\/8595647826\/\" title=\"Michael Francis, SON och k\u00f6ren i De Geerhallen. by Kultursidan, on Flickr\"><img loading=\"lazy\" decoding=\"async\" src=\"http:\/\/farm9.staticflickr.com\/8107\/8595647826_944692ac12.jpg\" width=\"500\" height=\"333\" alt=\"Michael Francis, SON och k\u00f6ren i De Geerhallen.\"><\/a><\/p>\n<p><em>Mellan m\u00f6rker och ljus. Chefdirigenten Michael Francis repeterar Mozarts Requiem med symfoniorkestern och den sammanslagna j\u00e4ttek\u00f6ren.<\/em><\/p>\n<p>&nbsp;<\/p>\n<h1><span style=\"color: #ff0000;\">\u201dGe mig 20 procent mer text\u201d<\/span><\/h1>\n<p>&nbsp;<\/p>\n<p><strong>K\u00f6ren har sjungit upp och Michael Bruze l\u00e4mnar De Geerhallens scen. Michael Francis tar \u00f6ver.<\/strong> Symfonoiorkesterns chefdirigent sl\u00e5r ig\u00e5ng Mozarts <em>Requiem<\/em> direkt, lyssnar p\u00e5 orkestern och k\u00f6ren utan att avbryta. Sedan b\u00f6rjar arbetet.<\/p>\n<p>\u2013 Takt 7. K\u00f6ren, kom ih\u00e5g att det \u00e4r en fr\u00e5ga, inte ett p\u00e5st\u00e5ende. Ge mig inte bara konsonanterna, jag vill h\u00f6ra vad orden betyder! Takt 7.<\/p>\n<p>Michael Francis styr \u00f6ver k\u00f6r och orkester med mjuka men samtidigt distinkta handr\u00f6relser. Han skruvar ner volymen p\u00e5 orkesterns bleckbl\u00e5sare och violiner och nu kommer orden fram tydligare.<\/p>\n<p>\u2013 Michael, hur l\u00e5ter det?, fr\u00e5gar dirigenten Michael Francis k\u00f6rledaren som sitter som ensam \u00e5h\u00f6rare mitt i salongen.<br \/>\n\u2013 B\u00e4ttre, \u00e4r svaret fr\u00e5n Michael Bruze.<br \/>\n\u2013 Du l\u00e5ter inte helt entusiastisk.<\/p>\n<p>En annan sats. Takt 19. Orkestern spelar en mjuk inledning. Fl\u00f6jten leder melodin och violinerna skapar en mjuk matta. K\u00f6ren g\u00f6r sin ansats. Michael Francis sl\u00e5r av.<br \/>\n\u2013 K\u00f6ren! Ni kan de f\u00f6rsta orden i den h\u00e4r texten! Glid inte in och sen titta upp. Ni ska vara p\u00e5 fr\u00e5n b\u00f6rjan. Om igen, takt 19. Ge mig 20 procent mer text. Inte styrka, bara text.<\/p>\n<p><strong>De fyra k\u00f6rerna har repeterat var f\u00f6r sig under vintern, med sina respektive k\u00f6rledare. <\/strong>Det \u00e4r Ulf Tellins Hedvigsk\u00f6ren, Henrik Bergions Musikaliska s\u00e4llskapets kammark\u00f6r och Michael Bruzes tv\u00e5 k\u00f6rer Bel Canto och studentk\u00f6ren SK\u00d6N. K\u00f6ruppst\u00e4llningen \u00e4r traditionell och blir tydligt markerad med ett gott stycke \u00f6ver 120 s\u00e5ngare. Sopraner och basar l\u00e4ngst till v\u00e4nster, altar och tenorer till h\u00f6ger.<\/p>\n<p>Michael Bruze har tagit p\u00e5 sig huvudansvaret med en \u00f6vergripande tolkning av k\u00f6rverket, han visar sitt partitur med blyertsanteckningar \u00f6ver notsidorna. Vid fyra tillf\u00e4llen har han samlat ihop k\u00f6rerna f\u00f6r gemensamma genomg\u00e5ngar. De m\u00e5ste ju l\u00e5ta som en enda k\u00f6r.<\/p>\n<p><strong>Michael Francis har komponerat en helafton kring p\u00e5skens tema \u2013 d\u00f6d och uppst\u00e5ndelse. <\/strong>Valet av Mozarts <em>Requiem<\/em> var s\u00e5 gott som sj\u00e4lvklart, det \u00e4r \u201dden ultimata musikaliska ritualen\u201d.<\/p>\n<p>\u2013 Tippets <em>Ritual dances<\/em> ur Midsummer Marriage \u00e4r mer folkligt med element av livets fortg\u00e5ng och fruktbarhet. Men inneh\u00e5ller ocks\u00e5 gudomliga aspekter mot Mozarts mer m\u00e4nskliga, f\u00f6rklarar Michael Francis och till\u00e4gger:<\/p>\n<p>\u2013 P\u00e4rts <em>Cantus in Memoriam of Benjamin Britten<\/em> har ocks\u00e5 en l\u00e4nk till d\u00f6den. Dessutom \u00e4r 2013 Brittens jubileums\u00e5r, 100 \u00e5r sedan hans f\u00f6delse.<\/p>\n<p>En bidragande orsak till valet av Mozart \u00e4r att det \u00e4r f\u00f6rsta g\u00e5ngen Michael Francis m\u00f6ter de fyra k\u00f6rerna, som han den h\u00e4r g\u00e5ngen betraktar som en enda. Hellre ett verk de flesta k\u00f6rs\u00e5ngarna redan \u00e4r bekanta med, s\u00e5 att Francis f\u00e5r koncentrera sig p\u00e5 att l\u00e4ra k\u00e4nna k\u00f6ren och kan f\u00e5 en k\u00e4nsla f\u00f6r hur han kan arbeta med den i framtiden.<\/p>\n<p><strong>\u2013 Michael Bruze har gjort ett bra jobb med notinstuderingen.<\/strong> Nu, med Michael Francis, \u00e4r det mer k\u00e4nsla och dynamik, mer krydda, uppskattar alten Emma Klingvall i SK\u00d6N, yngsta k\u00f6ren i sammanhanget.<\/p>\n<p>Hon har sjungit i studentk\u00f6ren SK\u00d6N i flera \u00e5r och s\u00e5g projektet med Mozarts <em>Requiem<\/em> som ett bra steg i sin utveckling som k\u00f6rs\u00e5ngare. Genom att hennes k\u00f6rledare har tv\u00e5 k\u00f6rer har hon haft m\u00f6jlighet att g\u00e5 p\u00e5 dubbla k\u00f6rrepetitioner.<\/p>\n<p>\u2013 Man tror att vi \u00e4r minsta k\u00f6ren men det \u00e4r roligt att uppt\u00e4cka att \u201dja, vi kan det h\u00e4r vi ocks\u00e5!\u201d Och det \u00e4r en otrolig k\u00e4nsla n\u00e4r orkestern drar ig\u00e5ng.<\/p>\n<p><strong>P\u00e5 sk\u00e4rtorsdagen \u00e4r det konsert, med orkester, k\u00f6r och solister.<\/strong> F\u00f6r d\u00e5 har \u00e4ven mezzosopranen Ann-Kristin Jones tillkommit liksom tenoren Jonas Degerfeldt och basbarytonen Kosma Ranuer.<\/p>\n<p>Samt sopranen Hanna W\u00e5hlin. Som sommaren 2012 var en av finalisterna i Stenhammart\u00e4vlingen, d\u00e4r hon imponerade med glittrande koloraturer och premierades f\u00f6r sin tolkning av just Wilhelm Stenhammar. Finalplatsen ledde inte bara till att hon nu \u00e5terv\u00e4nder till De Geerhallen f\u00f6r en kv\u00e4ll. I sommar sjunger hon opera i Vadstena.<\/p>\n<p><em>Text: Ann-Charlotte Sandelin och Robert Betts<br \/>\nFoto: Robert Betts och Ann-Charlotte Sandelin<\/em><\/p>\n<p>&nbsp;<\/p>\n<ul>\n<li>\n<h3>DE GEERHALLEN Norrk\u00f6ping<\/h3>\n<\/li>\n<li><em>28 mars 2013 kl 19<br \/>\n<\/em><strong>Mozarts Requiem<br \/>\n<\/strong><strong><\/strong><\/li>\n<li>MUSIK<br \/>\nArvo P\u00e4rt <em>Cantus in Memoriam of Benjamin Britten<\/em><br \/>\nSir Michael Kamp Tippett <em>Ritual Dances ur The Midsummer Marriage<\/em><br \/>\nWolfgang Amadeus Mozart <em>Requiem<\/em><\/p>\n<ul>\n<li>MEDVERKANDE<br \/>\nDirigent: <strong>Michael Francis<br \/>\nNorrk\u00f6pings Symfoniorkester<br \/>\n<\/strong>Solister: <strong><br \/>\nHanna W\u00e5hlin<\/strong> sopran<br \/>\n<strong>Ann-Kristin Jones<\/strong> mezzosopran<br \/>\n<strong>Jonas Degerfeldt<\/strong> tenor<br \/>\n<strong>Kosma Ranuer<\/strong> basbaryton<br \/>\nK\u00f6rer:<strong><br \/>\nBel Canto<br \/>\nHedvigsk\u00f6ren<br \/>\nMusikaliska s\u00e4llskapets kammark\u00f6r<br \/>\nSK\u00d6N<\/strong><\/li>\n<\/ul>\n<\/li>\n<\/ul>\n<p>L\u00c4NKAR<br \/>\nNorrk\u00f6pings symfoniorkester <a title=\"SON\" href=\"http:\/\/www.norrkopingssymfoniorkester.se\/\" target=\"_blank\">hemsida<\/a><br \/>\nTv\u00e5 f\u00f6rstapristagare segrade i Stenhammart\u00e4vlingen <a title=\"Tv\u00e5 f\u00f6rstapristagare segrade i Stenhammart\u00e4vlingen\" href=\"https:\/\/www.kultursidan.nu\/?p=6658\" target=\"_blank\">reportage<\/a> Kultursidan.nu 5\/6 2012<\/p>\n<p>FLER BILDER FR\u00c5N UTST\u00c4LLNINGEN \u2013 KLICKA<\/p>\n<p>[flickr-gallery mode=&#8221;photoset&#8221; photoset=&#8221;72157633105000106&#8243;]<\/p>\n","protected":false},"excerpt":{"rendered":"<p>NORRK\u00d6PING Musik av Mozart, P\u00e4rt och Tippett samsas vid sk\u00e4rtorsdagens konsert i De Geerhallen. Fyra Norrk\u00f6pingsk\u00f6rer ska bli en enda. Vid tisdagens kv\u00e4llsrepetition putsade Symfoniorkesterns chefdirigent Michael Francis fram k\u00f6rens textning. <a class=\"continue-reading-link\" href=\"https:\/\/www.kultursidan.nu\/?p=9541\">L\u00e4s mer <span class=\"meta-nav\">&rarr; <\/span><\/a><\/p>\n","protected":false},"author":1001006,"featured_media":0,"comment_status":"closed","ping_status":"open","sticky":false,"template":"","format":"standard","meta":{"_jetpack_memberships_contains_paid_content":false,"footnotes":""},"categories":[7],"tags":[13],"class_list":["post-9541","post","type-post","status-publish","format-standard","hentry","category-norrkoping","tag-musik"],"jetpack_featured_media_url":"","jetpack_sharing_enabled":true,"_links":{"self":[{"href":"https:\/\/www.kultursidan.nu\/index.php?rest_route=\/wp\/v2\/posts\/9541","targetHints":{"allow":["GET"]}}],"collection":[{"href":"https:\/\/www.kultursidan.nu\/index.php?rest_route=\/wp\/v2\/posts"}],"about":[{"href":"https:\/\/www.kultursidan.nu\/index.php?rest_route=\/wp\/v2\/types\/post"}],"author":[{"embeddable":true,"href":"https:\/\/www.kultursidan.nu\/index.php?rest_route=\/wp\/v2\/users\/1001006"}],"replies":[{"embeddable":true,"href":"https:\/\/www.kultursidan.nu\/index.php?rest_route=%2Fwp%2Fv2%2Fcomments&post=9541"}],"version-history":[{"count":0,"href":"https:\/\/www.kultursidan.nu\/index.php?rest_route=\/wp\/v2\/posts\/9541\/revisions"}],"wp:attachment":[{"href":"https:\/\/www.kultursidan.nu\/index.php?rest_route=%2Fwp%2Fv2%2Fmedia&parent=9541"}],"wp:term":[{"taxonomy":"category","embeddable":true,"href":"https:\/\/www.kultursidan.nu\/index.php?rest_route=%2Fwp%2Fv2%2Fcategories&post=9541"},{"taxonomy":"post_tag","embeddable":true,"href":"https:\/\/www.kultursidan.nu\/index.php?rest_route=%2Fwp%2Fv2%2Ftags&post=9541"}],"curies":[{"name":"wp","href":"https:\/\/api.w.org\/{rel}","templated":true}]}}