{"id":957,"date":"2011-01-24T18:55:44","date_gmt":"2011-01-24T16:55:44","guid":{"rendered":"https:\/\/intelligent-friend-7861.standoutwp.com\/?p=957"},"modified":"2021-03-14T16:18:23","modified_gmt":"2021-03-14T15:18:23","slug":"kerstin-svanberg-pa-galleri-dag-andersson","status":"publish","type":"post","link":"https:\/\/www.kultursidan.nu\/?p=957","title":{"rendered":"Kerstin Svanberg p\u00e5 Galleri Dag Andersson"},"content":{"rendered":"<p><img loading=\"lazy\" decoding=\"async\" class=\"alignnone\" src=\"https:\/\/live.staticflickr.com\/5217\/5384337771_1ef14e19a6.jpg\" alt=\"Kerstin Svanberg p\u00e5 Galleri Dag Andersson\" width=\"500\" height=\"333\" \/><br \/>\n<em>Massa. Pigmenten ger massan en metallisk glans.<\/em><\/p>\n<p><iframe loading=\"lazy\" src=\"https:\/\/www.youtube.com\/embed\/J3orpuzDtVE\" width=\"560\" height=\"315\" frameborder=\"0\" allowfullscreen=\"allowfullscreen\"><\/iframe><br \/>\n<em>Papper och avloppsr\u00f6r. Kerstin Svanbergs konst handlar om kommunikation och n\u00e4tverk. Film 3:08 min.<br \/>\n<\/em><\/p>\n<p>&nbsp;<\/p>\n<h1><span style=\"color: #ff0000;\">Pigmenterad massa f\u00f6rf\u00f6r \u00f6gat<\/span><\/h1>\n<p>&nbsp;<\/p>\n<p><strong>Avloppsr\u00f6r och magiska sk\u00f6ldar,<\/strong> gyllenl\u00e4der eller drivved. Kerstin Svanbergs konst antar olika former \u2013 av papper. T\u00e4nk inte vita pappersark, t\u00e4nk inte tr\u00e4fiberhalt.<\/p>\n<p>T\u00e4nk m\u00f6jligen p\u00e5 skrivkonstens\u00a0 behov av n\u00e5got att f\u00e4sta tecken p\u00e5. De som skulle bevaras och arkiveras, f\u00f6rflyttas fr\u00e5n en plats till en annan, fr\u00e5n en person till en annan, \u00f6ver tid och \u00f6ver geografi. Kilskrift, stenar, tr\u00e4plattor, pergament och gyllenl\u00e4der.<\/p>\n<p>&nbsp;<\/p>\n<p><img loading=\"lazy\" decoding=\"async\" class=\"alignnone\" src=\"https:\/\/live.staticflickr.com\/5211\/5384941248_931273ffba.jpg\" alt=\"Kerstin Svanberg p\u00e5 Galleri Dag Andersson\" width=\"500\" height=\"329\" \/><br \/>\n<img loading=\"lazy\" decoding=\"async\" class=\"alignnone\" src=\"https:\/\/live.staticflickr.com\/5211\/5384345273_178c9c8a3f_q.jpg\" alt=\"Kerstin Svanberg p\u00e5 Galleri Dag Andersson\" width=\"150\" height=\"150\" \/> <img loading=\"lazy\" decoding=\"async\" class=\"alignnone\" src=\"https:\/\/live.staticflickr.com\/5219\/5384942192_7e83c5f95b_n.jpg\" alt=\"Kerstin Svanberg p\u00e5 Galleri Dag Andersson\" width=\"320\" height=\"213\" \/><\/p>\n<p>&nbsp;<\/p>\n<p><strong>Sj\u00e4lv t\u00e4nker <a title=\"Kerstin Svanberg\" href=\"http:\/\/www.kerstinsvanberg.se\/\" target=\"_blank\" rel=\"noopener noreferrer\">Kerstin Svanberg<\/a> i n\u00e5got annorlunda termer.<\/strong> Hon t\u00e4nker mynningar som f\u00f6rmedlar f\u00f6rmedlar mycket eller litet. Hon t\u00e4nker n\u00e4tverk som binder samman, t\u00e4tt eller tunt, grovt eller finmaskigt. <em>Mynningar. N\u00e4tverk. Stammar<\/em>. S\u00e5 kallar hon de verk hon nu st\u00e4ller ut p\u00e5 <a title=\"Galleri Dag Andersson\" href=\"http:\/\/www.galleridagandersson.se\/start.html\" target=\"_blank\" rel=\"noopener noreferrer\">Galleri Dag Andersson<\/a> i Norrk\u00f6ping.<\/p>\n<p>En dekorativ rad av n\u00e4tverk i vitt, svart, guld, avslutad med ovala sk\u00f6ldar, med magiska m\u00e4rken, m\u00f6ter i ing\u00e5ngen. Rakt fram bildar fyra stora gyllenkvadrater i svarta ramar en helhet.<\/p>\n<p>&nbsp;<\/p>\n<p><img loading=\"lazy\" decoding=\"async\" class=\"alignnone\" src=\"https:\/\/live.staticflickr.com\/5218\/5384945738_8ecccc4e78.jpg\" alt=\"Installation \u2013 Kerstin Svanberg p\u00e5 Galleri Dag Andersson\" width=\"500\" height=\"356\" \/><br \/>\n<em>Mynningar.<\/em><\/p>\n<p>&nbsp;<\/p>\n<p><strong>Vik om h\u00f6rnet och \u00f6verraskas av en stor installation<\/strong> av <em>Mynningar<\/em> p\u00e5 golvet som h\u00f6jer sig ur en svart massa golvet, och tr\u00e4nger ut ur v\u00e4ggarna. Svarta h\u00f6gar under som n\u00e5got utspytt.<\/p>\n<p>Allt av papper. Allt av linnelumpens fibrer som tuggats till gr\u00f6t av holl\u00e4ndarmaskinens pappersknivar, under svagt tryck men under l\u00e5ng tid. Formats och torkats. Tjocka lager med pigmenterad massa ytterst. De har torkats och vikts, \u00f6ppnats, vikts och torkat. Eller b\u00e4ddats in runt avloppsr\u00f6r, de med rundade mynningar, och krympt i torkningsprocessen, slitits loss som \u00f6msade ormskinn.<\/p>\n<p><strong>Kerstin Svanberg \u00e4r f\u00e5ngad av papperet,<\/strong> in i fibern och djupare \u00e4n s\u00e5. Sm\u00e5 sexkantiga former har pr\u00e4glats p\u00e5 sk\u00f6ldarna, de magiska. Hexagonen \u00e4r cellulosans kemiska formel, uppbyggd av v\u00e4te, syre och kol.<\/p>\n<p><em>Film, text och foto: Ann-Charlotte Sandelin<\/em><em>\u00a0<\/em><\/p>\n<ul>\n<li>\n<h3>GALLERI DAG ANDERSSON<\/h3>\n<\/li>\n<li><em>22 januari \u2013 27 februari 2011<\/em><strong><br \/>\nKerstin Svanberg<\/strong><br \/>\nDekonstruktion \u2013 Konstruktion<\/li>\n<\/ul>\n","protected":false},"excerpt":{"rendered":"<p>NORRK\u00d6PING Pappret \u00e4r sig inte riktigt likt p\u00e5 konstn\u00e4ren Kerstin Svanbergs utst\u00e4llning Dekonstruktion \u2013 konstruktion. Pigmenterad massa av linnefiber som torkats och vikts lyser med metallisk glans. Eller sluter sig i det svarta.  <a class=\"continue-reading-link\" href=\"https:\/\/www.kultursidan.nu\/?p=957\">L\u00e4s mer <span class=\"meta-nav\">&rarr; <\/span><\/a><\/p>\n","protected":false},"author":1001006,"featured_media":0,"comment_status":"closed","ping_status":"open","sticky":false,"template":"","format":"standard","meta":{"_jetpack_memberships_contains_paid_content":false,"footnotes":""},"categories":[7],"tags":[14],"class_list":["post-957","post","type-post","status-publish","format-standard","hentry","category-norrkoping","tag-konst"],"jetpack_featured_media_url":"","jetpack_sharing_enabled":true,"_links":{"self":[{"href":"https:\/\/www.kultursidan.nu\/index.php?rest_route=\/wp\/v2\/posts\/957","targetHints":{"allow":["GET"]}}],"collection":[{"href":"https:\/\/www.kultursidan.nu\/index.php?rest_route=\/wp\/v2\/posts"}],"about":[{"href":"https:\/\/www.kultursidan.nu\/index.php?rest_route=\/wp\/v2\/types\/post"}],"author":[{"embeddable":true,"href":"https:\/\/www.kultursidan.nu\/index.php?rest_route=\/wp\/v2\/users\/1001006"}],"replies":[{"embeddable":true,"href":"https:\/\/www.kultursidan.nu\/index.php?rest_route=%2Fwp%2Fv2%2Fcomments&post=957"}],"version-history":[{"count":4,"href":"https:\/\/www.kultursidan.nu\/index.php?rest_route=\/wp\/v2\/posts\/957\/revisions"}],"predecessor-version":[{"id":42701,"href":"https:\/\/www.kultursidan.nu\/index.php?rest_route=\/wp\/v2\/posts\/957\/revisions\/42701"}],"wp:attachment":[{"href":"https:\/\/www.kultursidan.nu\/index.php?rest_route=%2Fwp%2Fv2%2Fmedia&parent=957"}],"wp:term":[{"taxonomy":"category","embeddable":true,"href":"https:\/\/www.kultursidan.nu\/index.php?rest_route=%2Fwp%2Fv2%2Fcategories&post=957"},{"taxonomy":"post_tag","embeddable":true,"href":"https:\/\/www.kultursidan.nu\/index.php?rest_route=%2Fwp%2Fv2%2Ftags&post=957"}],"curies":[{"name":"wp","href":"https:\/\/api.w.org\/{rel}","templated":true}]}}