{"id":9631,"date":"2013-04-06T12:27:30","date_gmt":"2013-04-06T11:27:30","guid":{"rendered":"https:\/\/intelligent-friend-7861.standoutwp.com\/?p=9631"},"modified":"2013-07-29T13:59:40","modified_gmt":"2013-07-29T12:59:40","slug":"vem-varderar-konsten","status":"publish","type":"post","link":"https:\/\/www.kultursidan.nu\/?p=9631","title":{"rendered":"Vem v\u00e4rderar konsten?"},"content":{"rendered":"<p><a href=\"http:\/\/www.flickr.com\/photos\/kultursidan\/8623453631\/\" title=\"Lust och L\u00e5sningar by Kultursidan, on Flickr\"><img loading=\"lazy\" decoding=\"async\" src=\"http:\/\/farm9.staticflickr.com\/8533\/8623453631_957035e51c.jpg\" width=\"500\" height=\"334\" alt=\"Lust och L\u00e5sningar\"><\/a><\/p>\n<p><em>Lust och L\u00e5sningar.<\/em><\/p>\n<p>&nbsp;<\/p>\n<h1><span style=\"color: #ff0000;\">Det simpla tantsnusket<\/span><\/h1>\n<p>&nbsp;<\/p>\n<p><strong>\u201dDet \u00e4r inget annat \u00e4n tantsnusk!\u201d<\/strong> utbrast en v\u00e4n n\u00e4r jag ber\u00e4ttade att jag l\u00e4st <em>Femtio nyanser av honom<\/em>, en erotisk k\u00e4rleksroman av E. L. James.<\/p>\n<p>\u201dHar du l\u00e4st den?\u201d, sa jag.<\/p>\n<p>\u201dNej, men jag slog upp ett par sidor och det \u00e4r helt klart tantsnusk!\u201d<\/p>\n<p>\u201dHur kan det vara det\u201d, sa jag \u201dden riktar sig v\u00e4l till tjejer i tjugo\u00e5rs\u00e5ldern och inte till tanter?\u201d<\/p>\n<p>Min v\u00e4n stirrade ut i luften, f\u00f6ljde dammkornen som dansade \u00f6ver vardagsrumsgolvet och sa:<\/p>\n<p>\u201dDet \u00e4r inga bilder, allts\u00e5 \u00e4r det tantsnusk!\u201d<\/p>\n<p>Aha, t\u00e4nkte jag, d\u00e5 f\u00f6rst\u00e5r jag. \u00c4r det snusk utan bilder riktar det sig till tanter. \u00c4r det snusk med bilder m\u00e5ste det vara gubbsnusk. Ja, d\u00e5 har jag f\u00e5tt svar p\u00e5 det.<\/p>\n<p>\u201dAllts\u00e5, det \u00e4r s\u00e5 d\u00e5ligt\u201d, fortsatte min v\u00e4n, \u201datt unga tjejer ska l\u00e4sa s\u00e5dant d\u00e4r!\u201d<\/p>\n<p>Ansiktet f\u00f6rvreds i en grimas av avsky. Jag v\u00e5gade inte erk\u00e4nna att jag gillade <em>Femtio nyanser av honom.<\/em><\/p>\n<p><strong>Det h\u00e4r var inte f\u00f6rsta g\u00e5ngen jag h\u00f6rt n\u00e5gon klaga p\u00e5 boken.<\/strong> Inte heller den f\u00f6rsta jag har h\u00f6rt n\u00e5gon prata om tantsnusk som n\u00e5got negativt.<\/p>\n<p>Jag undrar varf\u00f6r. \u00c4r det f\u00f6r att det \u00e4r just snusk, att sk\u00f6nlitter\u00e4ra verk om sex \u00e4r socialt oacceptabelt? \u00c4r det f\u00f6r att det \u00e4r b\u00f6cker som v\u00e4nder sig till kvinnor, kvinnotjafs? Eller f\u00f6r att det inte finns s\u00e4rskilt m\u00e5nga romaner i kategorin gubbsnusk? \u00c4r det f\u00f6r att l\u00e4ttsamma noveller och romaner som v\u00e4cker lust, har ett l\u00e4gre konstn\u00e4rligt v\u00e4rde?<\/p>\n<p><strong>V\u00e5ren 2011 t\u00e5gluffade jag och min man i Europa.<\/strong> V\u00e5rt tema f\u00f6r resan var Ung konst. Vi bes\u00f6kte olika konstn\u00e4rer och f\u00f6ljde deras arbete. Ett par dagar var i den tyska universitetsstaden M\u00fcnster, d\u00e4r vi bodde hos tv\u00e5 konst- och designstudenter.<\/p>\n<p>M\u00fcnster \u00e4r en h\u00e4rlig stad full av konst och kultur. I stadsparken fanns ett mycket speciellt konstverk, skapat av studenter p\u00e5 konstakademin. Ett litet tr\u00e4skjul hade byggts upp med ett matchande staket. I skuggan av skjulet stod en \u00e5sna och slog med svansen mot flugorna. Egentligen skulle det varit en zebra. Men det \u00e4r d\u00e5ligt med zebror i Tyskland. De p\u00e5hittiga konstn\u00e4rerna tog d\u00e5 en \u00e5sna och m\u00e5lade den svart och vit. Det var en varm dag; f\u00e4rgen torkade in i p\u00e4lsen och fick h\u00e5rstr\u00e5na att st\u00e5 rakt ut, vassa och h\u00e5rda.<\/p>\n<p>\u201dDet m\u00e5sta klia\u201d, t\u00e4nkte jag.<\/p>\n<p><strong>Jag gillar inte att j\u00e4mf\u00f6ra konst.<\/strong> Varje konstverk f\u00e5r st\u00e5 f\u00f6r sig sj\u00e4lv, med sin historia och sitt budskap. Men n\u00e4r n\u00e5gon talar negativt om det som kallas tantsnusk, vandrar mina tankar tillbaka till den stackars \u00e5snan. Fr\u00e5gan jag st\u00e4ller mig \u00e4r: vem best\u00e4mmer om ett konstverk \u00e4r bra eller ej.<\/p>\n<p>P\u00e5 det hela taget tyckte jag om <em>Femtio nyanser av honom<\/em> \u00e4ven om jag blev blossande generad ibland. Romanen gav mig n\u00e5gonting; den var underh\u00e5llande, rolig och v\u00e4ckte tankar om j\u00e4mst\u00e4lldhet. Framf\u00f6r allt tycker jag att det \u00e4r intressant att m\u00e4ngder av m\u00e4nniskor har otroligt starka \u00e5sikter om boken, utan att ens ha l\u00e4st den. Allts\u00e5 hade <em>Femtio nyanser av honom <\/em>ett h\u00f6gt konstn\u00e4rligt v\u00e4rde f\u00f6r mig.<\/p>\n<p>\u00c5snan i M\u00fcnster, ett konstverk som st\u00f6ttades av universitetet, lyckades visserligen med sitt syfta; att provocera. Men det som h\u00e4nde var att i samma stund som \u00e5snan f\u00e4ste sina uttr\u00e5kade \u00f6gon i mig, sj\u00f6nk mina tankar om konsten.<\/p>\n<p><strong>\u00c5terigen st\u00e4ller jag fr\u00e5gan, vem \u00e4r det som v\u00e4rderar konsten?<\/strong> Jag vill g\u00e4rna tro att vi g\u00f6r det individuellt. Att v\u00e5ra erfarenheter och syn p\u00e5 livet bed\u00f6mer konsten. N\u00e4r jag h\u00f6r m\u00e4nniskor g\u00e5 p\u00e5 om hur simpelt det \u00e4r med romaner, som de inte har l\u00e4st, tror jag att vi har tappat v\u00e5rt individuella t\u00e4nkande och l\u00e5ter n\u00e5gon annan l\u00e4gga \u00e5sikterna i v\u00e5ra kn\u00e4n.<\/p>\n<p>Jag undrar verkligen hur det \u00e4r med den d\u00e4r \u00e5snan. Kanske blev hon m\u00e5lad som en h\u00e4st och mald till k\u00f6ttf\u00e4rs, f\u00f6r att serveras som lasagne.<\/p>\n<p><em>Text och foto: Marica K\u00e4llner<\/em><\/p>\n<p>&nbsp;<\/p>\n<p>L\u00c4NKAR<br \/>\nMarica K\u00e4llner <a title=\"Marica K\u00e4llner\" href=\"http:\/\/www.maricakallner.se\" target=\"_blank\">hemsida<\/a><\/p>\n","protected":false},"excerpt":{"rendered":"<p>KR\u00d6NIKA Simpelt tantsnusk och en randig \u00e5sna. Marica K\u00e4llner l\u00e4ser Femtio nyanser av honom och funderar \u00f6ver varf\u00f6r vissa konstn\u00e4rliga och litter\u00e4ra genrer sk\u00e5pas ut i sin helhet. Hon anar en brist p\u00e5 individuellt t\u00e4nkande. <a class=\"continue-reading-link\" href=\"https:\/\/www.kultursidan.nu\/?p=9631\">L\u00e4s mer <span class=\"meta-nav\">&rarr; <\/span><\/a><\/p>\n","protected":false},"author":1001006,"featured_media":0,"comment_status":"closed","ping_status":"open","sticky":false,"template":"","format":"standard","meta":{"_jetpack_memberships_contains_paid_content":false,"footnotes":""},"categories":[82],"tags":[14,16],"class_list":["post-9631","post","type-post","status-publish","format-standard","hentry","category-eftertank","tag-konst","tag-litteratur"],"jetpack_featured_media_url":"","jetpack_sharing_enabled":true,"_links":{"self":[{"href":"https:\/\/www.kultursidan.nu\/index.php?rest_route=\/wp\/v2\/posts\/9631","targetHints":{"allow":["GET"]}}],"collection":[{"href":"https:\/\/www.kultursidan.nu\/index.php?rest_route=\/wp\/v2\/posts"}],"about":[{"href":"https:\/\/www.kultursidan.nu\/index.php?rest_route=\/wp\/v2\/types\/post"}],"author":[{"embeddable":true,"href":"https:\/\/www.kultursidan.nu\/index.php?rest_route=\/wp\/v2\/users\/1001006"}],"replies":[{"embeddable":true,"href":"https:\/\/www.kultursidan.nu\/index.php?rest_route=%2Fwp%2Fv2%2Fcomments&post=9631"}],"version-history":[{"count":0,"href":"https:\/\/www.kultursidan.nu\/index.php?rest_route=\/wp\/v2\/posts\/9631\/revisions"}],"wp:attachment":[{"href":"https:\/\/www.kultursidan.nu\/index.php?rest_route=%2Fwp%2Fv2%2Fmedia&parent=9631"}],"wp:term":[{"taxonomy":"category","embeddable":true,"href":"https:\/\/www.kultursidan.nu\/index.php?rest_route=%2Fwp%2Fv2%2Fcategories&post=9631"},{"taxonomy":"post_tag","embeddable":true,"href":"https:\/\/www.kultursidan.nu\/index.php?rest_route=%2Fwp%2Fv2%2Ftags&post=9631"}],"curies":[{"name":"wp","href":"https:\/\/api.w.org\/{rel}","templated":true}]}}