{"id":972,"date":"2011-01-26T16:34:20","date_gmt":"2011-01-26T14:34:20","guid":{"rendered":"https:\/\/intelligent-friend-7861.standoutwp.com\/?p=972"},"modified":"2020-10-27T19:17:47","modified_gmt":"2020-10-27T18:17:47","slug":"felaktigt-nar-indraget-anslag-blir-projektpengar","status":"publish","type":"post","link":"https:\/\/www.kultursidan.nu\/?p=972","title":{"rendered":"Felaktigt n\u00e4r indraget anslag blir projektpengar"},"content":{"rendered":"<p><img loading=\"lazy\" decoding=\"async\" class=\"alignnone\" src=\"https:\/\/live.staticflickr.com\/5176\/5390386020_06ca1ce835.jpg\" alt=\"Marion Kahnert framf\u00f6r Galleri Kronan\" width=\"500\" height=\"281\" \/><br \/>\n<em>F\u00f6r snart tv\u00e5 veckor sedan demonstrerade Marion Kahnert framf\u00f6r Galleri Kronan.<br \/>\n<\/em><\/p>\n<p>&nbsp;<\/p>\n<h1><span style=\"color: #ff0000;\">\u00d6ppet brev om gratisarbete och politisk styrning<\/span><\/h1>\n<p>&nbsp;<\/p>\n<p><strong>Det har pratats en hel del om projektbidrag nu.<\/strong> Jag har ingenting emot projektbidrag. Men d\u00e5 f\u00f6ruts\u00e4tter jag att pengarna anv\u00e4ndas ocks\u00e5 f\u00f6r detta projekt och att kulturarbetarnas arbetsinsats blir avl\u00f6nad.<\/p>\n<p>Att anv\u00e4nda dessa pengar f\u00f6r att r\u00e4dda en kulturell verksamhet vars anslagspengar blivit beskurna anser jag som oetiskt.<\/p>\n<p><strong>H\u00e4r \u00e4r tre anledningar<\/strong> om varf\u00f6r det \u00e4r ett helt fel tillv\u00e4gag\u00e5ngss\u00e4tt att kompensera indragna anslagspengar genom projektpengar i Galleri Kronans\/KIFiNs fall.<\/p>\n<ol>\n<li>F\u00f6r det f\u00f6rsta kr\u00e4ver finansiering genom projektbidrag av en kulturell verksamhet som KIFiN\/Galleri Kronan, att medlemmarna arbetar gratis. KIFiN \u00e4r konstn\u00e4rernas intressef\u00f6rening som arbetar f\u00f6r att skaffa b\u00e4ttre och tryggare tillvaro f\u00f6r konstn\u00e4rer i samh\u00e4llet. Jag \u00e4r yrkeskonstn\u00e4r. Och det \u00e4r redan vanskligt att kunna \u00f6verleva av det. Olika projekt som kr\u00e4ver tid och volont\u00e4ra arbetsinsatser f\u00f6rsv\u00e5rar \u00f6verlevnaden ytterligare. Det finns helt enkelt inte utrymme f\u00f6r mer gratisarbete. Ingen f\u00f6rv\u00e4ntar sig av n\u00e5gon att arbeta gratis om dennes n\u00e4mnd\/avdelning f\u00e5r mindre anslagspengar. Ingen f\u00f6rv\u00e4ntas att arbeta gratis f\u00f6r ett projekt som ska r\u00e4dda verksamheten. Sj\u00e4lvklart ing\u00e5r f\u00f6r KIFiNs medlemmar en hel del volont\u00e4rarbete i f\u00f6reningen. Men den delen \u00e4r redan tillr\u00e4ckligt tidskr\u00e4vande som den \u00e4r.<\/li>\n<li>F\u00f6r det andra anv\u00e4nds finansieringen vi f\u00e5r, till en stor del f\u00f6r Galleriets verksamhet och galleristens l\u00f6n. Galleriet \u00e4r inte ett projekt. Det \u00e4r en kontinuerligt kulturell verksamhet som beh\u00f6ver en s\u00e4ker och l\u00e5ngfristigt finansiering. Och just denna \u00e4r nu starkt hotad! Skulle vi f\u00e5 ett projektbidrag som f\u00f6rra \u00e5ret s\u00e5 \u00e4r grundproblemet inte l\u00f6st.<\/li>\n<li>F\u00f6r det tredje s\u00e5 betyder en finansiering genom projektbidrag ocks\u00e5 automatiskt en \u00f6kad kontroll fr\u00e5n bidragsgivarens sida. N\u00e4r kultur- och fritidskontoret f\u00f6resl\u00e5r att de f\u00f6rlorade anslagspengar delvis ska ers\u00e4ttas genom projektbidrag, s\u00e5 betyder detta att politiker \u2013 genom kultur och fritidskontoret \u2013 ut\u00f6var en kontroll \u00f6ver f\u00f6reningens verksamhet. Men konstn\u00e4rlig verksamhet borde styras av konstn\u00e4rer och inte av politiker\/ tj\u00e4nstem\u00e4n.<\/li>\n<\/ol>\n<p><strong>Dessutom st\u00e5r vi inte<\/strong> f\u00f6r f\u00f6rsta g\u00e5ngen inf\u00f6r ett s\u00e5dant problem. F\u00f6r n\u00e5gra \u00e5r h\u00e4nde n\u00e5got liknande. D\u00e5 var vi tvungna att inst\u00e4lla utst\u00e4llningsbidraget. S\u00e5 vi kan inte l\u00e4ngre erbjuda den utst\u00e4llande konstn\u00e4ren ett utst\u00e4llningsbidrag. Ska denna trend bara forts\u00e4tta?<\/p>\n<p><em>Marion Kahnert<br \/>\n<\/em>konstn\u00e4r<br \/>\nIng\u00e5r i Kifin:s styrelse<\/p>\n<ul>\n<li>\n<h3><strong>MER DEBATT OM KULTURPENGARNA<br \/>\n<\/strong><\/h3>\n<\/li>\n<li><a title=\"KulturDebatt. Fria konstn\u00e4rer 17\/1 2011\" href=\"https:\/\/www.kultursidan.nu\/?p=893\" target=\"_blank\" rel=\"noopener noreferrer\">Fria konstn\u00e4rer arbetar h\u00e5rt f\u00f6r l\u00e5g l\u00f6n<\/a> 17\/1 2011<\/li>\n<li><a title=\"KulturDebatt. Nu! 17\/1 2011\" href=\"https:\/\/www.kultursidan.nu\/?p=891\" target=\"_blank\" rel=\"noopener noreferrer\">S\u00e4g hej d\u00e5 till 1900-talets kulturpolitik<\/a> 17\/1 2011<\/li>\n<\/ul>\n","protected":false},"excerpt":{"rendered":"<p>NORRK\u00d6PING Hur mycket m\u00e5ste konstn\u00e4rer arbeta gratis? Marion Kahnert diskuterar projektbidrag som f\u00f6ruts\u00e4tter gratisarbete, och tar ocks\u00e5 upp behovet av l\u00e5ngsiktig finansiering av galleriverksamheten och att projektbidrag inneb\u00e4r styrning. <a class=\"continue-reading-link\" href=\"https:\/\/www.kultursidan.nu\/?p=972\">L\u00e4s mer <span class=\"meta-nav\">&rarr; <\/span><\/a><\/p>\n","protected":false},"author":1001006,"featured_media":0,"comment_status":"closed","ping_status":"closed","sticky":false,"template":"","format":"standard","meta":{"_jetpack_memberships_contains_paid_content":false,"footnotes":""},"categories":[48,7],"tags":[15],"class_list":["post-972","post","type-post","status-publish","format-standard","hentry","category-kulturdebatt-nu","category-norrkoping","tag-debatt"],"jetpack_featured_media_url":"","jetpack_sharing_enabled":true,"_links":{"self":[{"href":"https:\/\/www.kultursidan.nu\/index.php?rest_route=\/wp\/v2\/posts\/972","targetHints":{"allow":["GET"]}}],"collection":[{"href":"https:\/\/www.kultursidan.nu\/index.php?rest_route=\/wp\/v2\/posts"}],"about":[{"href":"https:\/\/www.kultursidan.nu\/index.php?rest_route=\/wp\/v2\/types\/post"}],"author":[{"embeddable":true,"href":"https:\/\/www.kultursidan.nu\/index.php?rest_route=\/wp\/v2\/users\/1001006"}],"replies":[{"embeddable":true,"href":"https:\/\/www.kultursidan.nu\/index.php?rest_route=%2Fwp%2Fv2%2Fcomments&post=972"}],"version-history":[{"count":4,"href":"https:\/\/www.kultursidan.nu\/index.php?rest_route=\/wp\/v2\/posts\/972\/revisions"}],"predecessor-version":[{"id":42584,"href":"https:\/\/www.kultursidan.nu\/index.php?rest_route=\/wp\/v2\/posts\/972\/revisions\/42584"}],"wp:attachment":[{"href":"https:\/\/www.kultursidan.nu\/index.php?rest_route=%2Fwp%2Fv2%2Fmedia&parent=972"}],"wp:term":[{"taxonomy":"category","embeddable":true,"href":"https:\/\/www.kultursidan.nu\/index.php?rest_route=%2Fwp%2Fv2%2Fcategories&post=972"},{"taxonomy":"post_tag","embeddable":true,"href":"https:\/\/www.kultursidan.nu\/index.php?rest_route=%2Fwp%2Fv2%2Ftags&post=972"}],"curies":[{"name":"wp","href":"https:\/\/api.w.org\/{rel}","templated":true}]}}