{"id":9893,"date":"2013-04-28T16:17:00","date_gmt":"2013-04-28T15:17:00","guid":{"rendered":"https:\/\/intelligent-friend-7861.standoutwp.com\/?p=9893"},"modified":"2019-04-11T18:26:32","modified_gmt":"2019-04-11T17:26:32","slug":"de-geereleverna-visar-herrar-och-andra-huvudsaker-reportage","status":"publish","type":"post","link":"https:\/\/www.kultursidan.nu\/?p=9893","title":{"rendered":"De Geereleverna visar herrar och andra huvudsaker (reportage)"},"content":{"rendered":"<p><a title=\"Herrar. by Kultursidan, on Flickr\" href=\"http:\/\/www.flickr.com\/photos\/kultursidan\/8685934371\/\"><img loading=\"lazy\" decoding=\"async\" src=\"http:\/\/farm9.staticflickr.com\/8397\/8685934371_284fa2634f.jpg\" alt=\"Herrar.\" width=\"500\" height=\"333\" \/><\/a><\/p>\n<p><em>Herrar. Eleverna i \u00e5rskurs tv\u00e5 g\u00f6r bland annat en skulptur i lera.<br \/>\n<\/em><\/p>\n<p>&nbsp;<\/p>\n<h1><span style=\"color: #ff0000;\">Konstn\u00e4rlig grundkurs med debattinl\u00e4gg<\/span><\/h1>\n<p>&nbsp;<\/p>\n<p><strong>De Geergymnasiets Bild- och formelevers stora v\u00e5rutst\u00e4llning hittas i Spiralens \u00f6vre plan.<\/strong> Teckningar, krokiskisser, m\u00e5lningar, lerfigurer, collage. Kort sagt genomg\u00e5r gymnasisternas en konstn\u00e4rlig grundkurs under de tre gymnasie\u00e5ren.<\/p>\n<p>\u2013 Alla tre \u00e5rskurserna \u00e4r med p\u00e5 utst\u00e4llningen, d\u00e5 ser ettorna vad tv\u00e5orna och treorna gjort och blir taggade inf\u00f6r kommande \u00e5r, s\u00e4ger l\u00e4raren Anna Frisendahl.<\/p>\n<p>Det \u00e4r en stor utst\u00e4llningshall med h\u00f6gt i tak, en gener\u00f6s rymd f\u00f6r flera hundra verk som satts upp p\u00e5 v\u00e4ggarna eller st\u00e5r p\u00e5 podier p\u00e5 golvet. Bland annat en serie skulpturer i lera med huvuden av herrar som ser ut att komma fr\u00e5n mitten av 1800-talet. I ett f\u00f6nster finns fler lerfigurer, man ser tydligt tekniken med sm\u00e5 lerstycken som lagts intill och p\u00e5 varandra.<\/p>\n<p>Merparten av bilderna \u00e4r ansikten i olika tekniker. Men h\u00e4r finns ocks\u00e5 perspektivm\u00e5leri med huskroppar, kompositionsteknik och mycket annat. En riskoja med ett f\u00e5rskinn som liggunderlag och stj\u00e4rnhimmel utanf\u00f6r drar blickarna till sig.<\/p>\n<p><strong>I rummet st\u00e5r ocks\u00e5 tv\u00e5 modeller, inl\u00e4gg i den aktuella debatten om Str\u00f6mparken.<\/strong> Sharon Wu och AnaMaria Puljiz visar en caf\u00e9tr\u00e4dg\u00e5rd, ett ombonat uterum med tegelmur p\u00e5 tv\u00e5 h\u00e5ll och blommande k\u00f6rsb\u00e4rstr\u00e4d. Bredvid st\u00e5r \u00e4nnu ett f\u00f6rslag, en tr\u00e4dkoja med repstege upp och gunga intill.<\/p>\n<p>\u2013 Det \u00e4r ett projekt som eleverna ska redovisa f\u00f6rst om tv\u00e5 veckor, f\u00f6rklarar Anna Frisendahl.<\/p>\n<p>Utg\u00e5ngspunkten f\u00f6r projektet st\u00e5r att l\u00e4sa invid modellerna, att utveckla en plats. Eleverna har f\u00e5tt i uppgift att studera Str\u00f6mparken noggrant och sedan arbeta fram f\u00f6rslag till hur platsen \u2013 eller delar av den \u2013 ska gestaltas.<\/p>\n<p><em>Text och foto: Ann-Charlotte Sandelin<\/em><\/p>\n<p>&nbsp;<\/p>\n<ul>\n<li>\n<h3>SPIRALEN Norrk\u00f6ping<\/h3>\n<\/li>\n<li><em>27 april \u2013 4 maj 2013<br \/>\n<\/em><strong>V\u00e5rutst\u00e4llning <\/strong><br \/>\nArr: De Geergymnasiets Bild- och formprogram<\/li>\n<\/ul>\n<p>L\u00c4NKAR<br \/>\nDe Geergymnasiet V\u00e5rutst\u00e4llning <a title=\"Info\" href=\"http:\/\/www.degeer.norrkoping.se\/news.php?NewsID=1746\" target=\"_blank\" rel=\"noopener noreferrer\">hemsida <\/a><br \/>\nDe Geergymnasiet <a title=\"De Geergymnasiet\" href=\"http:\/\/www.degeer.norrkoping.se\" target=\"_blank\" rel=\"noopener noreferrer\">hemsida<\/a><\/p>\n<p>FLER BILDER FR\u00c5N UTST\u00c4LLNINGEN \u2013 KLICKA<\/p>\n<p>[flickr-gallery mode=&#8221;photoset&#8221; photoset=&#8221;72157633365364984&#8243;]<\/p>\n","protected":false},"excerpt":{"rendered":"<p>NORRK\u00d6PING De Geergymnasiets Bild- och formelevers v\u00e5rutst\u00e4llning blommar p\u00e5 Spiralens \u00f6vre plan hela veckan. Bland teckningar och m\u00e5lningar hittar man skulpturer i lera och andra material. H\u00e4r kan man ocks\u00e5 se modeller p\u00e5 f\u00f6rslag till utformning av en plats som varit f\u00f6rem\u00e5l f\u00f6r en het debatt under mer \u00e4n ett \u00e5rs tid \u2013 Str\u00f6mparken.  <a class=\"continue-reading-link\" href=\"https:\/\/www.kultursidan.nu\/?p=9893\">L\u00e4s mer <span class=\"meta-nav\">&rarr; <\/span><\/a><\/p>\n","protected":false},"author":1001006,"featured_media":0,"comment_status":"closed","ping_status":"open","sticky":false,"template":"","format":"standard","meta":{"_jetpack_memberships_contains_paid_content":false,"footnotes":""},"categories":[7],"tags":[14],"class_list":["post-9893","post","type-post","status-publish","format-standard","hentry","category-norrkoping","tag-konst"],"jetpack_featured_media_url":"","jetpack_sharing_enabled":true,"_links":{"self":[{"href":"https:\/\/www.kultursidan.nu\/index.php?rest_route=\/wp\/v2\/posts\/9893","targetHints":{"allow":["GET"]}}],"collection":[{"href":"https:\/\/www.kultursidan.nu\/index.php?rest_route=\/wp\/v2\/posts"}],"about":[{"href":"https:\/\/www.kultursidan.nu\/index.php?rest_route=\/wp\/v2\/types\/post"}],"author":[{"embeddable":true,"href":"https:\/\/www.kultursidan.nu\/index.php?rest_route=\/wp\/v2\/users\/1001006"}],"replies":[{"embeddable":true,"href":"https:\/\/www.kultursidan.nu\/index.php?rest_route=%2Fwp%2Fv2%2Fcomments&post=9893"}],"version-history":[{"count":1,"href":"https:\/\/www.kultursidan.nu\/index.php?rest_route=\/wp\/v2\/posts\/9893\/revisions"}],"predecessor-version":[{"id":41064,"href":"https:\/\/www.kultursidan.nu\/index.php?rest_route=\/wp\/v2\/posts\/9893\/revisions\/41064"}],"wp:attachment":[{"href":"https:\/\/www.kultursidan.nu\/index.php?rest_route=%2Fwp%2Fv2%2Fmedia&parent=9893"}],"wp:term":[{"taxonomy":"category","embeddable":true,"href":"https:\/\/www.kultursidan.nu\/index.php?rest_route=%2Fwp%2Fv2%2Fcategories&post=9893"},{"taxonomy":"post_tag","embeddable":true,"href":"https:\/\/www.kultursidan.nu\/index.php?rest_route=%2Fwp%2Fv2%2Ftags&post=9893"}],"curies":[{"name":"wp","href":"https:\/\/api.w.org\/{rel}","templated":true}]}}