{"id":9925,"date":"2013-05-03T16:44:45","date_gmt":"2013-05-03T15:44:45","guid":{"rendered":"https:\/\/intelligent-friend-7861.standoutwp.com\/?p=9925"},"modified":"2013-07-27T15:15:52","modified_gmt":"2013-07-27T14:15:52","slug":"bland-skatter-och-vrak-pa-arbetets-museum-reportage","status":"publish","type":"post","link":"https:\/\/www.kultursidan.nu\/?p=9925","title":{"rendered":"Bland skatter och vrak p\u00e5 Arbetets museum (reportage)"},"content":{"rendered":"<p><a title=\"Dykarna vid anl\u00e4ggningsdykarens byxor. Jan Sangrud och Sven-Erik Mars. by Kultursidan, on Flickr\" href=\"http:\/\/www.flickr.com\/photos\/kultursidan\/8703284875\/\"><img loading=\"lazy\" decoding=\"async\" alt=\"Dykarna vid anl\u00e4ggningsdykarens byxor. Jan Sangrud och Sven-Erik Mars.\" src=\"http:\/\/farm9.staticflickr.com\/8555\/8703284875_60187b8dfd.jpg\" width=\"500\" height=\"332\" \/><\/a><\/p>\n<p><em>Djupingar. Sportdykaren Jan Sangrud och anl\u00e4ggningsdykaren Sven-Erik Mars invid ett par byxor som ska h\u00e5lla torrt.<\/em><\/p>\n<p>&nbsp;<\/p>\n<h1><span style=\"color: #ff0000;\">Hur l\u00e4nge kan du h\u00e5lla andan?<\/span><\/h1>\n<p>&nbsp;<\/p>\n<p><strong>\u2013 1977 for jag till Maldiverna och var d\u00e4r en och en halv m\u00e5nad p\u00e5 en liten \u00f6. Sedan \u00e5kte jag hem och l\u00e4rde mig dyka.<\/strong> Torsten Nilsson \u00e4r intendent p\u00e5 Arbetets museum och till vardags ansvarar han f\u00f6r arbetslivsrelaterade fr\u00e5gor och har kontakt med de m\u00e5nga ideella bruksmuseer som finns runt om i Sverige.<\/p>\n<p>Men s\u00e5 dyker han ocks\u00e5, med syrgastuber p\u00e5 ryggen. Det finns en v\u00e4rld under vattenytan som \u00e4r helt annorlunda mot den p\u00e5 landbacken. Med fiskar och v\u00e4xter som beter sig som om sj\u00e4lva naturlagarna var upph\u00e4vda eller v\u00e4nda upp och ner. P\u00e5 bottnen ligger stenar, sand, multnande v\u00e4xtdelar \u2013 och kanske ocks\u00e5 vrak och skatter.<\/p>\n<p><strong>\u2013 Robur II, det \u00e4r min baby, s\u00e4ger Torsten Nilsson, och pekar p\u00e5 en utst\u00e4llningsmonter<\/strong> med foton, f\u00f6rem\u00e5l och film fr\u00e5n det ursprungligen engelska skeppet som s\u00e5 sm\u00e5ningom s\u00e5ldes till Polen och f\u00f6rliste i \u00d6stersj\u00f6n. Det har jag dykt p\u00e5.<\/p>\n<p>Invid Robur ber\u00e4ttas om skeppet Gustav Wasa som ligger i den \u00f6stg\u00f6tska sk\u00e4rg\u00e5rden. Det har sportdykaren Jan Sangrud dykt p\u00e5, en man som vet mycket om vraken i v\u00e5r del av \u00d6stersj\u00f6n.<\/p>\n<p>D\u00e4r det finns vrak kan det ocks\u00e5 finnas skatter. Inne i sommarens familjeutst\u00e4llning <em>Bland skatter och vrak <\/em>hittar man en vrak- och skattavdelning inne i ett f\u00f6rlist skepps dunkla innand\u00f6me. D\u00e4r kan man studera gamla och nya skeppsvrak, l\u00e4sa om guldtackor och och om kungaskatten Motalasp\u00e4nnet, lyfta p\u00e5 skattkistor och fiska efter guldmynt som bara f\u00f6rsvinner. Men hur ska man ha en chans att gissa vart det f\u00f6rlista skeppet tog v\u00e4gen utan ett sj\u00f6kort i l\u00e4mplig skala?<\/p>\n<p>\u00c4ven om de flesta dyker f\u00f6r att det \u00e4r roligt att dyka, och simmar med s\u00e4lar som Jan Sangrud gjort, s\u00e5 finns det ocks\u00e5 de som sysslar med skattjakt p\u00e5 riktigt. Man kan se ett nyhetsinslag fr\u00e5n ett litet f\u00f6retag med en stor skattjaktsb\u00e5t.<\/p>\n<p><strong>Hur l\u00e4nge kan du h\u00e5lla andan? Tryck p\u00e5 den r\u00f6da knappen och kolla.<\/strong> I utst\u00e4llningens ljusa avdelning handlar det mindre om skatter om mer om dykare. En r\u00e4ddningsdykare ska kunna ta p\u00e5 sig sin utrustning p\u00e5 90 sekunder. Hur kan det g\u00e5 till, s\u00e5 mycket saker som d\u00e4r \u00e4r?<\/p>\n<p>Hur g\u00f6r man n\u00e4r man beh\u00f6ver kissa under vattnet? F\u00e5r manliga dykare bara d\u00f6ttrar? De riktigt intressanta fr\u00e5gorna kan man h\u00f6ra dykarnas svar p\u00e5. Det \u00e4r bara att s\u00e4tta en stor gammaldags h\u00f6rlur till \u00f6rat.<\/p>\n<p><strong>En dykarutrustning med stor rund hj\u00e4lm ser ut som om den var med redan f\u00f6r hundra \u00e5r sedan.<\/strong> Men s\u00e5 ser anl\u00e4ggningsdykarnas dr\u00e4kt ut \u00e4n idag n\u00e4r de borrar, schaktar, armerar och gjuter f\u00f6r att anl\u00e4gga broar och kajer. Sven-Erik Mars har jobbat som anl\u00e4ggningsdykare i 40 \u00e5r och ber\u00e4ttar att det \u00e4r ett ensamt arbete i m\u00f6rker. F\u00f6r om siktdjupet i de svenska vattnen \u00e4r d\u00e5ligt s\u00e5 blir det ogenomtr\u00e4ngligt n\u00e4r man arbetar och r\u00f6r om sand och lera p\u00e5 kanske tio meters djup. D\u00e5 g\u00e4ller det att utveckla sin k\u00e4nsel.<\/p>\n<p>\u2013 G\u00e5r man under tio meter blir det sv\u00e5rare. Vi gjorde ett jobb i Br\u00e5viken p\u00e5 35 meters djup. D\u00e5 kunde man vara nere en halvtimme, att stiga upp till ytan tog l\u00e5ng tid i det fyragradiga vattnet \u2013 f\u00f6r att undvika dykarsjuka. Vi var fyra som fick gjort tv\u00e5 timmars jobb per dag, ber\u00e4ttar Sven-Erik Mars.<\/p>\n<p>Ett tufft jobb, och s\u00e5 kan man inte ens blicka ut \u00f6ver sina anstr\u00e4ngningar och k\u00e4nna stolthet bara f\u00f6r att sikten \u00e4r obefintlig. Lyser man upp blir det som en ogenomtr\u00e4nglig dimma, ljus men \u00e4nd\u00e5 osynlig.<\/p>\n<p>\u2013 Det \u00e4r en blandning av intresse och utmaningen att kunna g\u00f6ra ett tufft jobb under de j\u00e4vligaste f\u00f6rh\u00e5llandena. Men man f\u00e5r vara innovativ, komma p\u00e5 bra l\u00f6sningar p\u00e5 hur man anv\u00e4nder vatten och luft f\u00f6r att kunna flytta riktigt stora stenar, lyfter Sven-Erik Mars fram.<\/p>\n<p><strong>Den svenske dykare som dykt allra djupast \u00e4r ocks\u00e5 den som har rekordet i att h\u00e5lla andan.<\/strong> Fridykaren \u2013 allts\u00e5 utan tuber \u2013 Johan Dahlstr\u00f6m har tagit sig ner till 101 meters djup.<\/p>\n<p>\u2013 Dyker man under 30 meters djup s\u00e5 trycks lungorna ihop och man blir negativ i f\u00f6rh\u00e5llande till vattnet och sjunker. Syret kommer ut i blodet, ber\u00e4ttar Torsten Nilsson som intervjuat Johan Dahlstr\u00f6m. S\u00e5 n\u00e4r Johan kom ner till hundra t\u00e4nkte han p\u00e5 att det var en bra bit att simma tillbaka upp och v\u00e4nde.<\/p>\n<p>Nej, naturlagarna \u00e4r inte annorlunda d\u00e4r nere. Men vattnet \u00e4r en annan v\u00e4rld.<\/p>\n<p><em>Text: Ann-Charlotte Sandelin<\/em><\/p>\n<p>&nbsp;<\/p>\n<blockquote>\n<h3><em>ARBETETS MUSEUM Norrk\u00f6ping<\/em><\/h3>\n<p>4 maj \u2013 september 2013<em> <strong><br \/>\nBland skatter och vrak<\/strong><br \/>\nUtst\u00e4llning<\/em><\/p><\/blockquote>\n<ul>\n<li>\n<blockquote><p><em>VERNISSAGE<br \/>\n<\/em>l\u00f6rdag 4 maj kl 14<em><br \/>\nNiklas Cserhalmi, museidirekt\u00f6r<br \/>\nTj\u00e5sa Gusfors och Puck Samuelsson bjuder p\u00e5 f\u00f6rlista l\u00e5tar<br \/>\nLena Holm, sportdykare, inviger<\/em><\/p><\/blockquote>\n<\/li>\n<\/ul>\n<p>&nbsp;<\/p>\n<p>L\u00c4NKAR<br \/>\nArbetets museum <a title=\"Arbetets museum\" href=\"http:\/\/www.arbetetsmuseum.se\" target=\"_blank\">hemsida<\/a><\/p>\n<p>FLER BILDER FR\u00c5N UTST\u00c4LLNINGEN \u2013 KLICKA<\/p>\n<p>[flickr-gallery mode=&#8221;photoset&#8221; photoset=&#8221;72157633408254566&#8243;]<\/p>\n","protected":false},"excerpt":{"rendered":"<p>NORRK\u00d6PING V\u00e4rlden \u00e4r en annan under vattenytan. D\u00e4r finns varelser som r\u00f6r sig som om de vanliga naturlagarna vore upph\u00e4vda. D\u00e4r kan man arbeta, forska och hitta vrak, kanske en skatt. <a class=\"continue-reading-link\" href=\"https:\/\/www.kultursidan.nu\/?p=9925\">L\u00e4s mer <span class=\"meta-nav\">&rarr; <\/span><\/a><\/p>\n","protected":false},"author":1001006,"featured_media":0,"comment_status":"closed","ping_status":"open","sticky":false,"template":"","format":"standard","meta":{"_jetpack_memberships_contains_paid_content":false,"footnotes":""},"categories":[7],"tags":[37,47],"class_list":["post-9925","post","type-post","status-publish","format-standard","hentry","category-norrkoping","tag-barnkultur","tag-utstallning"],"jetpack_featured_media_url":"","jetpack_sharing_enabled":true,"_links":{"self":[{"href":"https:\/\/www.kultursidan.nu\/index.php?rest_route=\/wp\/v2\/posts\/9925","targetHints":{"allow":["GET"]}}],"collection":[{"href":"https:\/\/www.kultursidan.nu\/index.php?rest_route=\/wp\/v2\/posts"}],"about":[{"href":"https:\/\/www.kultursidan.nu\/index.php?rest_route=\/wp\/v2\/types\/post"}],"author":[{"embeddable":true,"href":"https:\/\/www.kultursidan.nu\/index.php?rest_route=\/wp\/v2\/users\/1001006"}],"replies":[{"embeddable":true,"href":"https:\/\/www.kultursidan.nu\/index.php?rest_route=%2Fwp%2Fv2%2Fcomments&post=9925"}],"version-history":[{"count":0,"href":"https:\/\/www.kultursidan.nu\/index.php?rest_route=\/wp\/v2\/posts\/9925\/revisions"}],"wp:attachment":[{"href":"https:\/\/www.kultursidan.nu\/index.php?rest_route=%2Fwp%2Fv2%2Fmedia&parent=9925"}],"wp:term":[{"taxonomy":"category","embeddable":true,"href":"https:\/\/www.kultursidan.nu\/index.php?rest_route=%2Fwp%2Fv2%2Fcategories&post=9925"},{"taxonomy":"post_tag","embeddable":true,"href":"https:\/\/www.kultursidan.nu\/index.php?rest_route=%2Fwp%2Fv2%2Ftags&post=9925"}],"curies":[{"name":"wp","href":"https:\/\/api.w.org\/{rel}","templated":true}]}}