{"id":9936,"date":"2013-05-04T18:03:31","date_gmt":"2013-05-04T17:03:31","guid":{"rendered":"https:\/\/intelligent-friend-7861.standoutwp.com\/?p=9936"},"modified":"2013-07-27T15:11:00","modified_gmt":"2013-07-27T14:11:00","slug":"teaterfestivalens-kladdet-gestaltar-samhallets-kladd-recension","status":"publish","type":"post","link":"https:\/\/www.kultursidan.nu\/?p=9936","title":{"rendered":"Teaterfestivalens Kladdet gestaltar samh\u00e4llets kladd (recension)"},"content":{"rendered":"<p><a title=\"Fotmassage by Kultursidan, on Flickr\" href=\"http:\/\/www.flickr.com\/photos\/kultursidan\/8706575279\/\"><img loading=\"lazy\" decoding=\"async\" alt=\"Fotmassage\" src=\"http:\/\/farm9.staticflickr.com\/8266\/8706575279_be6666b288.jpg\" width=\"500\" height=\"333\" \/><\/a><\/p>\n<p><em>Vem tar hand om mammas f\u00f6tter? Hon tar hand om pappas n\u00e4r han kommer hem fr\u00e5n jobbet och \u00e4r tr\u00f6tt.<\/em><\/p>\n<p>&nbsp;<\/p>\n<h1><span style=\"color: #ff0000;\">Vem tar hand om vems f\u00f6tter?<\/span><\/h1>\n<p>&nbsp;<\/p>\n<p><strong>En mamma, en pappa och tv\u00e5 barn: en ton\u00e5rstjej och en liten pojkbebis \u2013 s\u00e5 ser familjen B ut.<\/strong> Mamma \u00e4r r\u00f6dh\u00e5rig, har papiljotter i h\u00e5ret, rosa kjol och foppatofflor. Pappa g\u00e5r kl\u00e4dd i kostym och bl\u00e5a foppatofflor. Mamma \u00e4r st\u00e4ndigt kvittrande glad och positiv; tidigt m\u00e4rks det att hon \u00e4r den som anstr\u00e4nger sig mest i familjen f\u00f6r att h\u00e5lla ihop s\u00e4cken. Alla \u00e4r tr\u00f6tta. Ton\u00e5rstjejen har ingen lust att g\u00e5 till skolan och pappa har ingen lust att g\u00e5 till jobbet. Och bebisen har de inte ens plats till p\u00e5 dagis.<\/p>\n<p>Sa jag att mamma \u00e4r den som anstr\u00e4nger sig mest? Det kanske var fel \u00e4nd\u00e5. Pappa \u00e4r ju den som f\u00f6rs\u00f6rjer familjen. Han sliter ut sig p\u00e5 jobbet och har knappt ork att ens konversera med sina n\u00e4ra efter det. Han \u00e4r stressad och f\u00e5r sparken, men sk\u00e4ms f\u00f6r att erk\u00e4nna det. Hur ska han f\u00e5 ihop allt? Inom honom p\u00e5g\u00e5r ett krig. Han \u00e4r en man och en man m\u00e5ste kunna l\u00f6sa allt p\u00e5 egen hand \u2013 bara han f\u00e5r sina f\u00f6tter masserade av frugan.<\/p>\n<p><strong><em>Kladdet<\/em><\/strong><strong> \u00e4r en skildring av traditionella k\u00f6nsnormer och hur slitsamma de kan vara att leva upp till \u2013 b\u00e5de f\u00f6r m\u00e4n och kvinnor. <\/strong>Ton\u00e5rstjejen \u00e4r \u00f6vertygad om att det \u00e4r jobbigast att vara tjej. Finns det n\u00e5gon som skulle rekommendera det? Hon har skolkat fr\u00e5n skolan i tre dagar och f\u00f6r\u00e4ldrarna vet inte om det, f\u00f6r de har inte tid. Hon skulle beh\u00f6va bli lyssnad p\u00e5, av n\u00e5gon. Hon skulle beh\u00f6va f\u00e5 ur sig hur irriterande Allan \u00e4r; han som tar all plats i klassrummet och g\u00f6r att hon inte vill g\u00e5 dit. Vad ska hon ens g\u00f6ra av sitt liv, vad ska hon bli? Mammas liv verkar inte v\u00e4rt att str\u00e4va efter. Hon tar hand om hush\u00e5llet och alla andra, men vem tar hand om hennes f\u00f6tter? Hon \u00e4r ju ocks\u00e5 tr\u00f6tt.<\/p>\n<p><strong>Marieborgs elever lyckas att skapa en mustig ber\u00e4ttelse. <\/strong>P\u00e5 scenen st\u00e5r bara fyra ungdomar, men de v\u00e4cker m\u00e5nga fler fr\u00e5gor \u00e4n s\u00e5. Vem \u00e4r egentligen samh\u00e4llet som s\u00e4ger att det ska vara p\u00e5 ett visst s\u00e4tt? \u00c4r det n\u00e5gon utomst\u00e5ende \u2013 eller \u00e4r det vi sj\u00e4lva? K\u00e4rnfamiljen som m\u00e5las upp k\u00e4nns aningen omodern. Kvinnor g\u00f6r ju faktiskt ocks\u00e5 karri\u00e4r i dag, och m\u00e4n tar ut pappaledighet. Men trots att de flesta familjer kanske inte ser ut riktigt s\u00e5 som den i pj\u00e4sen g\u00f6r l\u00e4ngre, s\u00e5 \u00e4r problemformuleringarna fortfarande aktuella. Vem tar hand om vems f\u00f6tter? Och vem best\u00e4mmer vem du ska vara eller bli? Hur hanterar vi stressen?<\/p>\n<p>Jag \u00e4r imponerad av upps\u00e4ttningens fylliga inneh\u00e5ll trots sparsam rekvisita och endast en ensam, st\u00e4mningsfull musikslinga som dyker upp d\u00e5 och d\u00e5. <em>Kladdet<\/em> engagerar med sm\u00e5 medel, f\u00f6r det r\u00e4cker f\u00f6r att eleverna fr\u00e5n Marieborgs folkh\u00f6gskola ska kunna f\u00f6rmedla en ber\u00e4ttelse vars kaos b\u00e5de griper tag och underh\u00e5ller.<\/p>\n<p><em>Text och foto: Melinda Reyes Hiltunen<\/em><\/p>\n<p>&nbsp;<\/p>\n<blockquote>\n<h3><em>TEATER BR\u00c5DDGATAN 34 Norrk\u00f6ping<\/em><\/h3>\n<p>Under Norrk\u00f6pings Teaterfestival 2013<br \/>\n2 maj kl. 9.00<br \/>\n3 maj kl. 19.30<br \/>\n5 maj kl. 19.15<br \/>\n6 maj kl. 9.00<br \/>\n7 maj kl. 13.00<br \/>\n14 maj kl. 11.00<br \/>\n16 maj kl. 9.00<br \/>\n18 maj kl. 19.30<br \/>\n19 maj kl. 17.00<em><br \/>\n<strong>Kladdet<br \/>\n<\/strong>Av Malin Axelsson<br \/>\nRegi: Jonna Jensen och Ronja Ljung<\/em><\/p><\/blockquote>\n<ul>\n<li>\n<blockquote><p><em>MEDVERKANDE<br \/>\nCerefie Byrge Oskar \u00c5hr\u00e9n Linda K\u00e4llberg Daniel Andersson<\/em><\/p><\/blockquote>\n<\/li>\n<\/ul>\n<p>L\u00c4NKAR<br \/>\nMarieborgs folkh\u00f6gskola <a title=\"Marieborgs folkh\u00f6gskola\" href=\"http:\/\/www.marieborg.net\/kurser\/\" target=\"_blank\">hemsida<\/a><br \/>\nTeater Br\u00e5ddgatan 34 <a title=\"Teater Br\u00e5ddgatan 34\" href=\"http:\/\/www.bg34.se\/\" target=\"_blank\">hemsida<\/a><br \/>\nNorrk\u00f6pings Teaterfestival <a title=\"Teaterfestivalen\" href=\"http:\/\/www.kvartersteatern.com\/Kvartersteatern_i_Norrkoping\/Teaterfestivalen_2013.html\" target=\"_blank\">hemsida <\/a><\/p>\n<p>FLER BILDER FR\u00c5N F\u00d6REST\u00c4LLNINGEN \u2013 KLICKA<\/p>\n<p>[flickr-gallery mode=&#8221;photoset&#8221; photoset=&#8221;72157633401426689&#8243;]<\/p>\n","protected":false},"excerpt":{"rendered":"<p>NORRK\u00d6PING Kladdet handlar om en k\u00e4rnfamilj d\u00e4r alla tampas med olika normer som de f\u00f6rv\u00e4ntas leva upp till av samh\u00e4llet. Men vem \u00e4r egentligen samh\u00e4llet? Marieborgs elever ifr\u00e5gas\u00e4tter och ironiserar p\u00e5 Teater Br\u00e5ddgatan 34. <a class=\"continue-reading-link\" href=\"https:\/\/www.kultursidan.nu\/?p=9936\">L\u00e4s mer <span class=\"meta-nav\">&rarr; <\/span><\/a><\/p>\n","protected":false},"author":1001006,"featured_media":0,"comment_status":"closed","ping_status":"open","sticky":false,"template":"","format":"standard","meta":{"_jetpack_memberships_contains_paid_content":false,"footnotes":""},"categories":[7],"tags":[12],"class_list":["post-9936","post","type-post","status-publish","format-standard","hentry","category-norrkoping","tag-teater"],"jetpack_featured_media_url":"","jetpack_sharing_enabled":true,"_links":{"self":[{"href":"https:\/\/www.kultursidan.nu\/index.php?rest_route=\/wp\/v2\/posts\/9936","targetHints":{"allow":["GET"]}}],"collection":[{"href":"https:\/\/www.kultursidan.nu\/index.php?rest_route=\/wp\/v2\/posts"}],"about":[{"href":"https:\/\/www.kultursidan.nu\/index.php?rest_route=\/wp\/v2\/types\/post"}],"author":[{"embeddable":true,"href":"https:\/\/www.kultursidan.nu\/index.php?rest_route=\/wp\/v2\/users\/1001006"}],"replies":[{"embeddable":true,"href":"https:\/\/www.kultursidan.nu\/index.php?rest_route=%2Fwp%2Fv2%2Fcomments&post=9936"}],"version-history":[{"count":0,"href":"https:\/\/www.kultursidan.nu\/index.php?rest_route=\/wp\/v2\/posts\/9936\/revisions"}],"wp:attachment":[{"href":"https:\/\/www.kultursidan.nu\/index.php?rest_route=%2Fwp%2Fv2%2Fmedia&parent=9936"}],"wp:term":[{"taxonomy":"category","embeddable":true,"href":"https:\/\/www.kultursidan.nu\/index.php?rest_route=%2Fwp%2Fv2%2Fcategories&post=9936"},{"taxonomy":"post_tag","embeddable":true,"href":"https:\/\/www.kultursidan.nu\/index.php?rest_route=%2Fwp%2Fv2%2Ftags&post=9936"}],"curies":[{"name":"wp","href":"https:\/\/api.w.org\/{rel}","templated":true}]}}