{"id":994,"date":"2011-01-31T18:22:17","date_gmt":"2011-01-31T16:22:17","guid":{"rendered":"https:\/\/intelligent-friend-7861.standoutwp.com\/?p=994"},"modified":"2020-10-27T19:51:11","modified_gmt":"2020-10-27T18:51:11","slug":"premiar-med-teater-impuls","status":"publish","type":"post","link":"https:\/\/www.kultursidan.nu\/?p=994","title":{"rendered":"Premi\u00e4r med Teater Impuls"},"content":{"rendered":"<p><img loading=\"lazy\" decoding=\"async\" class=\"alignnone\" src=\"https:\/\/live.staticflickr.com\/5291\/5404340437_80e7c0d022.jpg\" alt=\"I gev\u00e4r\" width=\"500\" height=\"305\" \/><br \/>\n<em>Taktfast? Alla milit\u00e4rer \u00e4r inte lika motiverade hos Teater Impuls.<\/em><\/p>\n<p>&nbsp;<\/p>\n<h1><span style=\"color: #ff0000;\">Snabba kor och talande halsduk<\/span><\/h1>\n<p>&nbsp;<\/p>\n<p><strong>Kan det vara n\u00e5t?<\/strong> En virrig pj\u00e4s om milit\u00e4rer och en cykelfanatiker, lite k\u00e4rlek och s\u00e5ng d\u00e4rtill. Ingen scenografi, rekvisita eller kostym att tala om, om man nu inte n\u00f6jer sig med ett piano, svartkl\u00e4dda sk\u00e5despelare, svarta l\u00e5dor, tv\u00e5 huvudbonader och ett glas. Kan det verkligen vara n\u00e5t?<\/p>\n<p>Ja, uppenbarligen, f\u00f6r teatergruppen <a title=\"Teater Impuls\" href=\"http:\/\/www.teaterimpuls.se\" target=\"_blank\" rel=\"noopener noreferrer\">Impuls<\/a> som nyligen firade 10-\u00e5rsjubileum, forts\u00e4tter att dra publik med sina f\u00f6rest\u00e4llningar, d\u00e4r ingen \u00e4r den andra lik. Varje \u00f6gonblick p\u00e5 scenen \u00e4r n\u00e4mligen improviserat, tillkommet i stunden. Och ofta galet roligt!<\/p>\n<p><img loading=\"lazy\" decoding=\"async\" class=\"alignnone\" src=\"https:\/\/live.staticflickr.com\/5258\/5404340677_514d027afb_m.jpg\" alt=\"Officer\" width=\"168\" height=\"240\" \/> <img loading=\"lazy\" decoding=\"async\" class=\"alignnone\" src=\"https:\/\/live.staticflickr.com\/5012\/5404944412_acbd60ef78_m.jpg\" alt=\"Hmm...\" width=\"240\" height=\"154\" \/><br \/>\n<em>En officer. Schackspelare.<\/em><\/p>\n<p>&nbsp;<\/p>\n<p><strong>Under de tio \u00e5ren har Teater Impuls utvecklat improvisationskonsten,<\/strong> f\u00e5ngat upp trender i tiden, som mordg\u00e5tor och musik. V\u00e5ren 2011 riktar man in f\u00f6rest\u00e4llningarna p\u00e5 fyra olika teman, mord, triangeldrama, korta scener och musik.<\/p>\n<p><strong>I l\u00f6rdags var det dags igen<\/strong> p\u00e5 <a title=\"Kulturkammaren\" href=\"http:\/\/www.kulturkammaren.se\" target=\"_blank\" rel=\"noopener noreferrer\">Kulturkammaren<\/a>, dramatik p\u00e5 scenen och en f\u00f6rv\u00e4ntansfull publik, n\u00e4ra nog fullsatt.<\/p>\n<p>&nbsp;<\/p>\n<p><img loading=\"lazy\" decoding=\"async\" class=\"alignnone\" src=\"https:\/\/live.staticflickr.com\/5255\/5404341425_15f8424123_m.jpg\" alt=\"K\u00e4ra du 1\" width=\"240\" height=\"160\" \/> <img loading=\"lazy\" decoding=\"async\" class=\"alignnone\" src=\"https:\/\/live.staticflickr.com\/5018\/5404946990_f4e80cda6e_m.jpg\" alt=\"K\u00e4ra du 2\" width=\"240\" height=\"184\" \/><br \/>\n<em>K\u00e4ra du 1. K\u00e4ra du 2.<\/em><\/p>\n<p><strong>Improvisation hj\u00e4lper sk\u00e5despelaren<\/strong> att sk\u00e4rpa sina redskap, lyh\u00f6rdhet och \u00f6ppenhet. P\u00e5 1980-talet\u00a0 fick improvisationen en rej\u00e4l skjuts med tekniker f\u00f6r att \u00f6ppna f\u00f6r id\u00e9fl\u00f6den och improvisationen som konstform m\u00f6tte snart \u00e4ven publiken.<\/p>\n<p><strong>Tillbaka till Teater Impuls premi\u00e4r i l\u00f6rdags<\/strong>, d\u00e4r publiken som vanligt var med p\u00e5 noterna och kastade in id\u00e9er, den ena mer vansinnig \u00e4n den andra. Det var n\u00e4mligen dags f\u00f6r <em>Vad h\u00e4nder nu?-<\/em>temat, d\u00e5 publikens makt \u00f6ver s\u00e5v\u00e4l teknik som inneh\u00e5ll \u00e4r extra stor.<\/p>\n<p>&nbsp;<\/p>\n<p><img loading=\"lazy\" decoding=\"async\" class=\"alignnone\" src=\"https:\/\/live.staticflickr.com\/5219\/5404343319_8337f1c5d1_m.jpg\" alt=\"Kv\u00e4llens kostym\" width=\"189\" height=\"240\" \/> <img loading=\"lazy\" decoding=\"async\" class=\"alignnone\" src=\"https:\/\/live.staticflickr.com\/5134\/5404946610_dab6ce4c4a_m.jpg\" alt=\"Party\" width=\"240\" height=\"194\" \/><br \/>\n<em>Kv\u00e4llens kostymm\u00f6jligheter. Typiskt svenskt party.<\/em><\/p>\n<p>&nbsp;<\/p>\n<p><strong>Allts\u00e5 blev det en tokrolig milit\u00e4r-\/balettstory<\/strong> kryddat med en cykelfanatiker. En variant p\u00e5 West Side Story utspelad p\u00e5 kontor med grupperingar kring gem och post-itlappar. En bonde med allt snabbare talande kor. Samt n\u00e5got om v\u00e5dan av att vara kl\u00e4dd i en talande halsduk p\u00e5 praktikplatsen p\u00e5 MacDonalds.<\/p>\n<p>&nbsp;<\/p>\n<p><img loading=\"lazy\" decoding=\"async\" class=\"alignnone\" src=\"https:\/\/live.staticflickr.com\/5058\/5404946220_deeb2358a9_w.jpg\" alt=\"Uppst\u00e5ndelse\" width=\"400\" height=\"188\" \/><br \/>\n<em>Uppst\u00e5ndelse.<\/em><\/p>\n<p>&nbsp;<\/p>\n<p><strong>Kort sagt:<\/strong> En helt vanlig kv\u00e4ll med Teater Impuls, som erbjuder fri scen f\u00f6r publikens fantasi.<\/p>\n<p><em>Text: Ann-Charlotte Sandelin<br \/>\nFoto: Hjalmar Sandelin M\u00e5rdh<\/em><\/p>\n<ul>\n<li>\n<h3>KULTURKAMMAREN Norrk\u00f6ping<\/h3>\n<\/li>\n<li><strong>Teater Impuls<\/strong><\/li>\n<li>TEMAN V\u00c5REN 2011<\/li>\n<li><strong>A\u00a0 En m\u00f6rdare mitt ibland oss<\/strong><br \/>\nEn improviserad f\u00f6rest\u00e4llning i deckaranda. Men vem som \u00e4r m\u00f6rdaren, det vet ingen f\u00f6rr\u00e4n kommissarien sorterat ut alla tr\u00e5darna.<\/li>\n<li><strong>B\u00a0 Vinkel 3<\/strong><br \/>\nI Vinkel 3 knyts tre livs\u00f6den samman till ett svindlande \u00e4ventyr. Allt ackompanjerat med musik. Kanh\u00e4nda en s\u00e5ng eller tv\u00e5.<\/li>\n<li><strong>C\u00a0 Vad h\u00e4nder nu?<\/strong><br \/>\nKorta skruvade scener i h\u00f6g hastighet. H\u00e4r \u00e4r publiken delaktig, med f\u00f6rslag p\u00e5 teknik och inneh\u00e5ll.<\/li>\n<li><strong>D\u00a0 L\u00e5ter som en s\u00e5ng<br \/>\n<\/strong>Improviserad s\u00e5ng och musik. \u00a0Publiken best\u00e4mmer hur det ska sluta; ond, br\u00e5d d\u00f6d eller lyckliga gatan?<\/li>\n<li>F\u00d6REST\u00c4LLNINGAR MED TEMAN<\/li>\n<li>L\u00f6rdag 29 januari\u00a0\u00a0\u00a0\u00a0\u00a0\u00a0\u00a0\u00a0\u00a0\u00a0 kl. 19.00\u00a0\u00a0\u00a0 C+D<br \/>\nL\u00f6rdag 19 februari\u00a0\u00a0\u00a0\u00a0\u00a0\u00a0\u00a0\u00a0\u00a0 kl. 19.00\u00a0\u00a0\u00a0 A+B<br \/>\nL\u00f6rdag 5 mars\u00a0\u00a0\u00a0\u00a0\u00a0\u00a0\u00a0\u00a0\u00a0\u00a0\u00a0\u00a0\u00a0\u00a0\u00a0 kl. 19.00\u00a0\u00a0\u00a0 C+D<br \/>\nL\u00f6rdag 26 mars\u00a0\u00a0\u00a0\u00a0\u00a0\u00a0\u00a0\u00a0\u00a0\u00a0\u00a0\u00a0\u00a0 kl. 19.00\u00a0\u00a0 A+B<br \/>\nL\u00f6rdag 2 april\u00a0\u00a0\u00a0\u00a0\u00a0\u00a0\u00a0\u00a0\u00a0\u00a0\u00a0\u00a0\u00a0\u00a0\u00a0\u00a0 kl. 20.00\u00a0\u00a0\u00a0 C+D<br \/>\nL\u00f6rdag 16 april\u00a0\u00a0\u00a0\u00a0\u00a0\u00a0\u00a0\u00a0\u00a0\u00a0\u00a0\u00a0\u00a0\u00a0 kl. 19.00\u00a0\u00a0\u00a0 A+B<\/li>\n<\/ul>\n","protected":false},"excerpt":{"rendered":"<p>NORRK\u00d6PING Galnare teater f\u00e5r man leta efter. Fr\u00e4schare teater finns inte. Teater Impuls sparkade ig\u00e5ng v\u00e5rs\u00e4songen i l\u00f6rdags, en helafton i improvisationens tecken, och till musik, improviserad f\u00f6rst\u00e5s. Milit\u00e4r&#8230; balett&#8230; cykel&#8230; kossor&#8230; kontor-&#8230; <a class=\"continue-reading-link\" href=\"https:\/\/www.kultursidan.nu\/?p=994\">L\u00e4s mer <span class=\"meta-nav\">&rarr; <\/span><\/a><\/p>\n","protected":false},"author":1001006,"featured_media":0,"comment_status":"closed","ping_status":"open","sticky":false,"template":"","format":"standard","meta":{"_jetpack_memberships_contains_paid_content":false,"footnotes":""},"categories":[7],"tags":[12],"class_list":["post-994","post","type-post","status-publish","format-standard","hentry","category-norrkoping","tag-teater"],"jetpack_featured_media_url":"","jetpack_sharing_enabled":true,"_links":{"self":[{"href":"https:\/\/www.kultursidan.nu\/index.php?rest_route=\/wp\/v2\/posts\/994","targetHints":{"allow":["GET"]}}],"collection":[{"href":"https:\/\/www.kultursidan.nu\/index.php?rest_route=\/wp\/v2\/posts"}],"about":[{"href":"https:\/\/www.kultursidan.nu\/index.php?rest_route=\/wp\/v2\/types\/post"}],"author":[{"embeddable":true,"href":"https:\/\/www.kultursidan.nu\/index.php?rest_route=\/wp\/v2\/users\/1001006"}],"replies":[{"embeddable":true,"href":"https:\/\/www.kultursidan.nu\/index.php?rest_route=%2Fwp%2Fv2%2Fcomments&post=994"}],"version-history":[{"count":2,"href":"https:\/\/www.kultursidan.nu\/index.php?rest_route=\/wp\/v2\/posts\/994\/revisions"}],"predecessor-version":[{"id":42588,"href":"https:\/\/www.kultursidan.nu\/index.php?rest_route=\/wp\/v2\/posts\/994\/revisions\/42588"}],"wp:attachment":[{"href":"https:\/\/www.kultursidan.nu\/index.php?rest_route=%2Fwp%2Fv2%2Fmedia&parent=994"}],"wp:term":[{"taxonomy":"category","embeddable":true,"href":"https:\/\/www.kultursidan.nu\/index.php?rest_route=%2Fwp%2Fv2%2Fcategories&post=994"},{"taxonomy":"post_tag","embeddable":true,"href":"https:\/\/www.kultursidan.nu\/index.php?rest_route=%2Fwp%2Fv2%2Ftags&post=994"}],"curies":[{"name":"wp","href":"https:\/\/api.w.org\/{rel}","templated":true}]}}