{"id":9985,"date":"2013-05-09T19:50:15","date_gmt":"2013-05-09T18:50:15","guid":{"rendered":"https:\/\/intelligent-friend-7861.standoutwp.com\/?p=9985"},"modified":"2014-11-30T19:06:44","modified_gmt":"2014-11-30T18:06:44","slug":"nytt-konstverk-vaver-kraft-och-minnen-reportage","status":"publish","type":"post","link":"https:\/\/www.kultursidan.nu\/?p=9985","title":{"rendered":"Nytt konstverk v\u00e4ver kraft och minnen (reportage)"},"content":{"rendered":"<p><iframe loading=\"lazy\" src=\"https:\/\/www.flickr.com\/photos\/kultursidan\/8723069229\/in\/set-72157633442067161\/player\/\" width=\"500\" height=\"315\" frameborder=\"0\" allowfullscreen=\"allowfullscreen\"><\/iframe><br \/>\n<em>Lisskulla Moltke-Hoff och Lars Jonsson vid V\u00e4vd Str\u00f6m.<\/em><\/p>\n<p>&nbsp;<\/p>\n<h1><span style=\"color: #ff0000;\">Speglingar fr\u00e5n dagens verk och nattens<\/span><\/h1>\n<p>&nbsp;<\/p>\n<p><strong>Ett nytt ljud har blandat sig i Motala str\u00f6ms evighetsbrus. <\/strong>Ett ljud som skiftar, brusar, tickar, skrapar \u2013 p\u00e5minner om raspar, t\u00e5gdunk, v\u00e4vmaskiner \u2013 men \u00e4nd\u00e5 inte \u00e4r n\u00e5gon exakt efterh\u00e4rmning av n\u00e5got.<\/p>\n<p>Ett nytt ljus l\u00f6per fram i Str\u00f6ms nedlagda kraftstation bakom Cnema p\u00e5 Kungsgatan. (G\u00e5 \u00f6ver den smala bryggan mellan Cnema och Visualiceringscenter C, ta till v\u00e4nster, titta in genom det stora f\u00f6nstret till h\u00f6ger.) Gulgr\u00f6nt, som lysande neon, fr\u00e4ser det fram som gl\u00f6dande sm\u00e4ltmetall och ger liv till ett gr\u00e5brunt skelett av en kub med sneda remsor. Str\u00e5k f\u00f6r str\u00e5k fylls ljuset p\u00e5, uts\u00e4nt fr\u00e5n en videoprojektion. N\u00e4r alla linjer fyllts forts\u00e4tter leken uppifr\u00e5n. Det blir en v\u00e4v i enkel tuskaft. N\u00e4stan halva ljuset spiller utanf\u00f6r p\u00e5 v\u00e4ggen bakom, avst\u00e5ndet f\u00f6rstorar. N\u00e4r v\u00e4ven fyllts tas den ner, slag f\u00f6r slag.<\/p>\n<p><strong>\u2013 Jag v\u00e4vde en g\u00e5ng i tiden, innan jag b\u00f6rjade filma \u2013 och att klippa film \u00e4r som att fylla en v\u00e4v, <\/strong>p\u00e5minner konstn\u00e4ren Lisskulla Moltke-Hoff vars dubbelverk <em>V\u00e4vd Str\u00f6m<\/em> invigs p\u00e5 fredag. D\u00e4r kan den under ett \u00e5r fram\u00f6ver, dag som natt ses av studenter och andra som g\u00e5r p\u00e5 uppt\u00e4cktsf\u00e4rd i det gamla industrilandskapet.<\/p>\n<p>Konstn\u00e4ren \u2013 med atelj\u00e9 i Berlin \u2013 \u00e4r ocks\u00e5 l\u00e4rare vid KSM (Kultur, Samh\u00e4lle, Mediagestaltning vid Link\u00f6pings universitet) och det var n\u00e4r institutionen flyttade till nya lokaler intill Cnema f\u00f6r ett \u00e5r sedan som Lisskulla Moltke\u2013Hoff \u00a0fick syn p\u00e5 den tomma kraftverksbyggnaden och s\u00e5g m\u00f6jligheterna.<\/p>\n<p>\u2013 Jag sa till mig sj\u00e4lv \u2013 \u201dH\u00e4r vill jag g\u00f6ra n\u00e5got\u201d och fr\u00e5gade Kl\u00f6vern, som \u00e4ger fastigheterna, och fick svaret \u201dVi har v\u00e4ntat p\u00e5 dig\u201d, s\u00e4ger konstn\u00e4ren uppskattande.<\/p>\n<p><strong>Kuben har tagit plats i konstn\u00e4rsskapet de senaste \u00e5ren, uttrycket pr\u00f6vat i olika gestaltningar och storlekar.<\/strong> F\u00f6r tre \u00e5r sedan visades verket <em>V\u00e4vd Stad<\/em> p\u00e5 galleri Verkstad i Norrk\u00f6ping, f\u00f6reg\u00e5ngaren till det nu aktuella verket.<\/p>\n<p>Och som en stadsbild pulserar den andra delen av <em>V\u00e4vd Str\u00f6m<\/em> direkt projicerad p\u00e5 en av kraftverkets innerv\u00e4ggar. V\u00e4vens gulgr\u00f6na rutm\u00f6nster finns \u00e4ven h\u00e4r och konstn\u00e4ren talar g\u00e4rna om stadens gator som korsas, m\u00f6tesplatser. Man ser sp\u00e5r, kanske t\u00e5gr\u00e4ls men det kan lika g\u00e4rna vara tr\u00e5dar av textil som rinner fram i raka led. Ocks\u00e5 h\u00e4r \u00e4r ljuset g\u00e4rna gulgr\u00f6nt, men man anar mera av r\u00f6relser, kanske skuggor av m\u00e4nniskor. Det \u00e4r en fl\u00f6dig, associativ r\u00f6relse.<\/p>\n<p><strong>P\u00e5 dagen tar kraftstationen \u00f6ver och lyfts fram i <em>V\u00e4vd Str\u00f6m, <\/em>en tom l\u00e5da i vars djup man ser de torra ing\u00e5ngarna f\u00f6r vattnet som gav kraft.<\/strong> Ljudet pulserar som av liv men videoprojektionerna knappt anas p\u00e5 den stora h\u00e4ngande gr\u00e5 kuben. P\u00e5 natten lyser det gulgr\u00f6na ljusspelet, n\u00e4r den f\u00f6rsta gl\u00f6dande f\u00e4rgen fr\u00e4ser fram startar ljudspelet och man kan p\u00e5minnas om fliten en g\u00e5ng i Str\u00f6mmens fabriker. I skymningens tveljus ser man b\u00e5de inne och ute, publiken och den omgivande milj\u00f6n speglas i f\u00f6nsterglaset och blir en del av verket.<\/p>\n<p><strong>M\u00e5nga har bidragit till att <em>V\u00e4vd Str\u00f6m<\/em> blivit verklighet.<\/strong> Lisskulla Moltke\u2013Hoff tackar bland andra KSM-l\u00e4raren och ljudkonstn\u00e4ren Lars Jonson som mixat hennes ljudbild, Hasse och Jocke S\u00f6derholm som st\u00e5tt f\u00f6r smidesarbetet och v\u00e4nner och kollegor som hj\u00e4lpt till att sy de gr\u00e5 remsorna till kubens v\u00e4v. Inte minst har KSM-studenten Tomas Widdesg\u00e4rd assisterat, med elektronikriggning och mycket annat.<\/p>\n<p>\u2013 Mitt m\u00e5l \u00e4r att jobba som utst\u00e4llningsproducent. Det h\u00e4r \u00e4r tredje utst\u00e4llningen jag \u00e4r med om, s\u00e4ger Tomas Widdesg\u00e4rd som servar publiken vid pressvisningen med informationspapper och svarar p\u00e5 fr\u00e5gor.<\/p>\n<p><strong>Dubbelverket <em>V\u00e4vd Str\u00f6m<\/em> som invigs p\u00e5 fredag kv\u00e4ll kommer att invigas en andra g\u00e5ng i oktober i h\u00f6st, n\u00e4r m\u00f6rkret fallit p\u00e5 riktigt och konstverket g\u00e5r in i sin andra andning.<\/strong> D\u00e5 blir det en performance, dansare fr\u00e5n Berlin och musiker fr\u00e5n Bremen ska komma till Norrk\u00f6ping.<\/p>\n<p>\u2013 Det blir en del av Konstmuseets satsning p\u00e5 staden som scen, avslutar Lisskulla Moltke\u2013Hoff.<\/p>\n<p><em>Text och foto: Ann-Charlotte Sandelin <\/em><\/p>\n<p>&nbsp;<\/p>\n<blockquote>\n<h3><em>KUNGSGATAN 54-56 Norrk\u00f6ping<\/em><\/h3>\n<p>Vernissage 10 maj 2013 kl 20<em><br \/>\n<strong>V\u00e4vd Str\u00f6m<br \/>\n<\/strong>Lisskulla Moltke-Hoff<strong><br \/>\n<\/strong><\/em><\/p><\/blockquote>\n<p>&nbsp;<\/p>\n<p>L\u00c4NKAR<br \/>\nLisskulla Moltke-Hoff <a title=\"Lisskulla Moltke-Hoff\" href=\"http:\/\/lisskulla-filmnedslag.blogspot.se\" target=\"_blank\">hemsida <\/a><br \/>\nKSM <a title=\"KSM\" href=\"https:\/\/www.isak.liu.se\/ksm?l=sv\" target=\"_blank\">hemsida<\/a><br \/>\nKl\u00f6vern <a title=\"Kl\u00f6vern\" href=\"http:\/\/www.klovern.se\" target=\"_blank\">hemsida <\/a><\/p>\n<p>BILDSPEL (FLASH) \u2013 KLICKA P\u00c5 BILDEN <em>ALT\/MOBIL: SE BILDSPELET <a title=\"Bildspel\" href=\"https:\/\/www.flickr.com\/photos\/kultursidan\/sets\/72157633442067161\/show\/\" target=\"_blank\">H\u00c4R<\/a><\/em><br \/>\n<object width=\"400\" height=\"300\"><param name=\"flashvars\" value=\"offsite=true&amp;lang=en-us&amp;page_show_url=%2Fphotos%2Fkultursidan%2Fsets%2F72157633442067161%2Fshow%2F&amp;page_show_back_url=%2Fphotos%2Fkultursidan%2Fsets%2F72157633442067161%2F&amp;set_id=72157633442067161&amp;jump_to=\" \/><param name=\"movie\" value=\"https:\/\/www.flickr.com\/apps\/slideshow\/show.swf?v=1811922554\" \/><param name=\"allowFullScreen\" value=\"true\" \/><\/object><\/p>\n","protected":false},"excerpt":{"rendered":"<p>NORRK\u00d6PING Ett gultgr\u00f6nt fl\u00f6de med titeln V\u00e4vd Str\u00f6m lyser upp i natten med minnen fr\u00e5n v\u00e4vmaskinernas kraft. Om dagen tar den gamla kraftstationen \u00f6ver i konstn\u00e4ren Lisskulla Moltke-Hoffs dubbelverk som invigs p\u00e5 fredag. <a class=\"continue-reading-link\" href=\"https:\/\/www.kultursidan.nu\/?p=9985\">L\u00e4s mer <span class=\"meta-nav\">&rarr; <\/span><\/a><\/p>\n","protected":false},"author":1001006,"featured_media":0,"comment_status":"closed","ping_status":"open","sticky":false,"template":"","format":"standard","meta":{"_jetpack_memberships_contains_paid_content":false,"footnotes":""},"categories":[7],"tags":[14],"class_list":["post-9985","post","type-post","status-publish","format-standard","hentry","category-norrkoping","tag-konst"],"jetpack_featured_media_url":"","jetpack_sharing_enabled":true,"_links":{"self":[{"href":"https:\/\/www.kultursidan.nu\/index.php?rest_route=\/wp\/v2\/posts\/9985","targetHints":{"allow":["GET"]}}],"collection":[{"href":"https:\/\/www.kultursidan.nu\/index.php?rest_route=\/wp\/v2\/posts"}],"about":[{"href":"https:\/\/www.kultursidan.nu\/index.php?rest_route=\/wp\/v2\/types\/post"}],"author":[{"embeddable":true,"href":"https:\/\/www.kultursidan.nu\/index.php?rest_route=\/wp\/v2\/users\/1001006"}],"replies":[{"embeddable":true,"href":"https:\/\/www.kultursidan.nu\/index.php?rest_route=%2Fwp%2Fv2%2Fcomments&post=9985"}],"version-history":[{"count":0,"href":"https:\/\/www.kultursidan.nu\/index.php?rest_route=\/wp\/v2\/posts\/9985\/revisions"}],"wp:attachment":[{"href":"https:\/\/www.kultursidan.nu\/index.php?rest_route=%2Fwp%2Fv2%2Fmedia&parent=9985"}],"wp:term":[{"taxonomy":"category","embeddable":true,"href":"https:\/\/www.kultursidan.nu\/index.php?rest_route=%2Fwp%2Fv2%2Fcategories&post=9985"},{"taxonomy":"post_tag","embeddable":true,"href":"https:\/\/www.kultursidan.nu\/index.php?rest_route=%2Fwp%2Fv2%2Ftags&post=9985"}],"curies":[{"name":"wp","href":"https:\/\/api.w.org\/{rel}","templated":true}]}}